{"id":10224,"date":"2024-09-16T19:36:22","date_gmt":"2024-09-16T17:36:22","guid":{"rendered":"https:\/\/agora.xtec.cat\/ceipvistaalegre\/?p=10224"},"modified":"2024-09-19T18:42:17","modified_gmt":"2024-09-19T16:42:17","slug":"primers-dies","status":"publish","type":"post","link":"https:\/\/agora.xtec.cat\/ceipvistaalegre\/infantil\/infantil-4-anys\/primers-dies\/","title":{"rendered":"Primers dies."},"content":{"rendered":"<p><a href=\"https:\/\/agora.xtec.cat\/ceipvistaalegre\/infantil\/infantil-4-anys\/la-classe-di4-ja-te-nom\/attachment\/photo-output-9-1-2\/\" rel=\"attachment wp-att-10237\"><img loading=\"lazy\" decoding=\"async\" class=\"aligncenter size-full wp-image-10237\" src=\"https:\/\/agora.xtec.cat\/ceipvistaalegre\/wp-content\/uploads\/usu1936\/2024\/09\/photo-output-9-1-scaled.jpg\" alt=\"\" width=\"2560\" height=\"2560\" srcset=\"https:\/\/agora.xtec.cat\/ceipvistaalegre\/wp-content\/uploads\/usu1936\/2024\/09\/photo-output-9-1-scaled.jpg 2560w, https:\/\/agora.xtec.cat\/ceipvistaalegre\/wp-content\/uploads\/usu1936\/2024\/09\/photo-output-9-1-300x300.jpg 300w, https:\/\/agora.xtec.cat\/ceipvistaalegre\/wp-content\/uploads\/usu1936\/2024\/09\/photo-output-9-1-1024x1024.jpg 1024w, https:\/\/agora.xtec.cat\/ceipvistaalegre\/wp-content\/uploads\/usu1936\/2024\/09\/photo-output-9-1-150x150.jpg 150w, https:\/\/agora.xtec.cat\/ceipvistaalegre\/wp-content\/uploads\/usu1936\/2024\/09\/photo-output-9-1-768x768.jpg 768w, https:\/\/agora.xtec.cat\/ceipvistaalegre\/wp-content\/uploads\/usu1936\/2024\/09\/photo-output-9-1-1536x1536.jpg 1536w, https:\/\/agora.xtec.cat\/ceipvistaalegre\/wp-content\/uploads\/usu1936\/2024\/09\/photo-output-9-1-2048x2048.jpg 2048w\" sizes=\"auto, (max-width: 2560px) 100vw, 2560px\" \/><\/a><\/p>\n<p>Les nenes i els nens d&#8217;I4, al llarg d&#8217;aquests dies, ens hem retrobat amb els\/les nostres companys\/es i les nostres mestres. Ens estem familiaritzant amb els nous espais i hem comen\u00e7at a participar en diferents activitats: escoltar contes, jugar a la caseta, dibuixar, explicar viv\u00e8ncies, visitar l&#8217;hort, veure com est\u00e0 la nostra caixa niu&#8230; A poc a poc anem agafant el ritme i anem incorporant noves activitats i din\u00e0miques de l&#8217;aula d&#8217;I4.<\/p>\n","protected":false},"excerpt":{"rendered":"<p><a href=\"https:\/\/agora.xtec.cat\/ceipvistaalegre\/infantil\/infantil-4-anys\/la-classe-di4-ja-te-nom\/attachment\/photo-output-9-1-2\/\" rel=\"attachment wp-att-10237\"><\/a><br \/>\nLes nenes i els nens d&#8217;I4, al llarg d&#8217;aquests dies, ens hem retrobat amb els\/les nostres companys\/es i les nostres mestres. Ens estem familiaritzant amb els nous espais i hem comen\u00e7at a participar en diferents activitats: escoltar contes, jugar a la caseta,&hellip;  <a href=\"https:\/\/agora.xtec.cat\/ceipvistaalegre\/infantil\/infantil-4-anys\/primers-dies\/\" title=\"Read Primers dies.\">Llegeix m\u00e9s\u00bb<\/a><\/p>\n","protected":false},"author":4,"featured_media":0,"comment_status":"open","ping_status":"closed","sticky":false,"template":"","format":"standard","meta":{"_bbp_topic_count":0,"_bbp_reply_count":0,"_bbp_total_topic_count":0,"_bbp_total_reply_count":0,"_bbp_voice_count":0,"_bbp_anonymous_reply_count":0,"_bbp_topic_count_hidden":0,"_bbp_reply_count_hidden":0,"_bbp_forum_subforum_count":0,"footnotes":""},"categories":[8],"tags":[321],"class_list":["post-10224","post","type-post","status-publish","format-standard","hentry","category-infantil-4-anys","tag-adapatacio"],"post_mailing_queue_ids":[],"_links":{"self":[{"href":"https:\/\/agora.xtec.cat\/ceipvistaalegre\/wp-json\/wp\/v2\/posts\/10224","targetHints":{"allow":["GET"]}}],"collection":[{"href":"https:\/\/agora.xtec.cat\/ceipvistaalegre\/wp-json\/wp\/v2\/posts"}],"about":[{"href":"https:\/\/agora.xtec.cat\/ceipvistaalegre\/wp-json\/wp\/v2\/types\/post"}],"author":[{"embeddable":true,"href":"https:\/\/agora.xtec.cat\/ceipvistaalegre\/wp-json\/wp\/v2\/users\/4"}],"replies":[{"embeddable":true,"href":"https:\/\/agora.xtec.cat\/ceipvistaalegre\/wp-json\/wp\/v2\/comments?post=10224"}],"version-history":[{"count":6,"href":"https:\/\/agora.xtec.cat\/ceipvistaalegre\/wp-json\/wp\/v2\/posts\/10224\/revisions"}],"predecessor-version":[{"id":10238,"href":"https:\/\/agora.xtec.cat\/ceipvistaalegre\/wp-json\/wp\/v2\/posts\/10224\/revisions\/10238"}],"wp:attachment":[{"href":"https:\/\/agora.xtec.cat\/ceipvistaalegre\/wp-json\/wp\/v2\/media?parent=10224"}],"wp:term":[{"taxonomy":"category","embeddable":true,"href":"https:\/\/agora.xtec.cat\/ceipvistaalegre\/wp-json\/wp\/v2\/categories?post=10224"},{"taxonomy":"post_tag","embeddable":true,"href":"https:\/\/agora.xtec.cat\/ceipvistaalegre\/wp-json\/wp\/v2\/tags?post=10224"}],"curies":[{"name":"wp","href":"https:\/\/api.w.org\/{rel}","templated":true}]}}