{"id":10187,"date":"2024-09-11T11:16:37","date_gmt":"2024-09-11T09:16:37","guid":{"rendered":"https:\/\/agora.xtec.cat\/ceipvistaalegre\/?p=10187"},"modified":"2024-09-13T07:35:57","modified_gmt":"2024-09-13T05:35:57","slug":"comencem-el-curs","status":"publish","type":"post","link":"https:\/\/agora.xtec.cat\/ceipvistaalegre\/primaria\/6e\/comencem-el-curs\/","title":{"rendered":"COMENCEM EL CURS!!!"},"content":{"rendered":"<p>Els grans de l&#8217;escola vam iniciar el curs refrescant-nos amb un gelat i compartint estones de joc en el parc.<\/p>\n<p>Aquest \u00e9s l&#8217;\u00faltim curs que estarem tots junts i ara m\u00e9s que mai hem de ser conscients de la import\u00e0ncia del grup, d&#8217;ajudar-nos els uns als altres i de fer pinya!<\/p>\n<p>Els nens i nenes de 6\u00e8 us desitgem un bon curs a tots i totes!!!<\/p>\n<p><a href=\"https:\/\/agora.xtec.cat\/ceipvistaalegre\/wp-content\/uploads\/usu1936\/2024\/09\/WhatsApp-Image-2024-09-11-at-11.08.03.jpeg\"><img loading=\"lazy\" decoding=\"async\" class=\"alignnone size-large wp-image-10189\" src=\"https:\/\/agora.xtec.cat\/ceipvistaalegre\/wp-content\/uploads\/usu1936\/2024\/09\/WhatsApp-Image-2024-09-11-at-11.08.03-1024x802.jpeg\" alt=\"\" width=\"1024\" height=\"802\" srcset=\"https:\/\/agora.xtec.cat\/ceipvistaalegre\/wp-content\/uploads\/usu1936\/2024\/09\/WhatsApp-Image-2024-09-11-at-11.08.03-1024x802.jpeg 1024w, https:\/\/agora.xtec.cat\/ceipvistaalegre\/wp-content\/uploads\/usu1936\/2024\/09\/WhatsApp-Image-2024-09-11-at-11.08.03-300x235.jpeg 300w, https:\/\/agora.xtec.cat\/ceipvistaalegre\/wp-content\/uploads\/usu1936\/2024\/09\/WhatsApp-Image-2024-09-11-at-11.08.03-768x601.jpeg 768w, https:\/\/agora.xtec.cat\/ceipvistaalegre\/wp-content\/uploads\/usu1936\/2024\/09\/WhatsApp-Image-2024-09-11-at-11.08.03-1536x1202.jpeg 1536w, https:\/\/agora.xtec.cat\/ceipvistaalegre\/wp-content\/uploads\/usu1936\/2024\/09\/WhatsApp-Image-2024-09-11-at-11.08.03.jpeg 1938w\" sizes=\"auto, (max-width: 1024px) 100vw, 1024px\" \/><\/a><a href=\"https:\/\/agora.xtec.cat\/ceipvistaalegre\/wp-content\/uploads\/usu1936\/2024\/09\/WhatsApp-Image-2024-09-11-at-11.08.41-1.jpeg\"><img loading=\"lazy\" decoding=\"async\" class=\"alignnone size-large wp-image-10190\" src=\"https:\/\/agora.xtec.cat\/ceipvistaalegre\/wp-content\/uploads\/usu1936\/2024\/09\/WhatsApp-Image-2024-09-11-at-11.08.41-1-1024x625.jpeg\" alt=\"\" width=\"1024\" height=\"625\" srcset=\"https:\/\/agora.xtec.cat\/ceipvistaalegre\/wp-content\/uploads\/usu1936\/2024\/09\/WhatsApp-Image-2024-09-11-at-11.08.41-1-1024x625.jpeg 1024w, https:\/\/agora.xtec.cat\/ceipvistaalegre\/wp-content\/uploads\/usu1936\/2024\/09\/WhatsApp-Image-2024-09-11-at-11.08.41-1-300x183.jpeg 300w, https:\/\/agora.xtec.cat\/ceipvistaalegre\/wp-content\/uploads\/usu1936\/2024\/09\/WhatsApp-Image-2024-09-11-at-11.08.41-1-768x468.jpeg 768w, https:\/\/agora.xtec.cat\/ceipvistaalegre\/wp-content\/uploads\/usu1936\/2024\/09\/WhatsApp-Image-2024-09-11-at-11.08.41-1-1536x937.jpeg 1536w, https:\/\/agora.xtec.cat\/ceipvistaalegre\/wp-content\/uploads\/usu1936\/2024\/09\/WhatsApp-Image-2024-09-11-at-11.08.41-1.jpeg 2015w\" sizes=\"auto, (max-width: 1024px) 100vw, 1024px\" \/><\/a><\/p>\n","protected":false},"excerpt":{"rendered":"<p>Els grans de l&#8217;escola vam iniciar el curs refrescant-nos amb un gelat i compartint estones de joc en el parc.<br \/>\nAquest \u00e9s l&#8217;\u00faltim curs que estarem tots junts i ara m\u00e9s que mai hem de ser conscients de la import\u00e0ncia del grup, d&#8217;ajudar-nos els uns als&hellip;  <a href=\"https:\/\/agora.xtec.cat\/ceipvistaalegre\/primaria\/6e\/comencem-el-curs\/\" title=\"Read COMENCEM EL CURS!!!\">Llegeix m\u00e9s\u00bb<\/a><\/p>\n","protected":false},"author":31,"featured_media":0,"comment_status":"open","ping_status":"closed","sticky":false,"template":"","format":"standard","meta":{"_bbp_topic_count":0,"_bbp_reply_count":0,"_bbp_total_topic_count":0,"_bbp_total_reply_count":0,"_bbp_voice_count":0,"_bbp_anonymous_reply_count":0,"_bbp_topic_count_hidden":0,"_bbp_reply_count_hidden":0,"_bbp_forum_subforum_count":0,"footnotes":""},"categories":[15],"tags":[],"class_list":["post-10187","post","type-post","status-publish","format-standard","hentry","category-6e"],"post_mailing_queue_ids":[],"_links":{"self":[{"href":"https:\/\/agora.xtec.cat\/ceipvistaalegre\/wp-json\/wp\/v2\/posts\/10187","targetHints":{"allow":["GET"]}}],"collection":[{"href":"https:\/\/agora.xtec.cat\/ceipvistaalegre\/wp-json\/wp\/v2\/posts"}],"about":[{"href":"https:\/\/agora.xtec.cat\/ceipvistaalegre\/wp-json\/wp\/v2\/types\/post"}],"author":[{"embeddable":true,"href":"https:\/\/agora.xtec.cat\/ceipvistaalegre\/wp-json\/wp\/v2\/users\/31"}],"replies":[{"embeddable":true,"href":"https:\/\/agora.xtec.cat\/ceipvistaalegre\/wp-json\/wp\/v2\/comments?post=10187"}],"version-history":[{"count":2,"href":"https:\/\/agora.xtec.cat\/ceipvistaalegre\/wp-json\/wp\/v2\/posts\/10187\/revisions"}],"predecessor-version":[{"id":10207,"href":"https:\/\/agora.xtec.cat\/ceipvistaalegre\/wp-json\/wp\/v2\/posts\/10187\/revisions\/10207"}],"wp:attachment":[{"href":"https:\/\/agora.xtec.cat\/ceipvistaalegre\/wp-json\/wp\/v2\/media?parent=10187"}],"wp:term":[{"taxonomy":"category","embeddable":true,"href":"https:\/\/agora.xtec.cat\/ceipvistaalegre\/wp-json\/wp\/v2\/categories?post=10187"},{"taxonomy":"post_tag","embeddable":true,"href":"https:\/\/agora.xtec.cat\/ceipvistaalegre\/wp-json\/wp\/v2\/tags?post=10187"}],"curies":[{"name":"wp","href":"https:\/\/api.w.org\/{rel}","templated":true}]}}