{"id":10162,"date":"2024-06-22T16:49:00","date_gmt":"2024-06-22T14:49:00","guid":{"rendered":"https:\/\/agora.xtec.cat\/ceipvistaalegre\/?p=10162"},"modified":"2024-06-22T16:49:00","modified_gmt":"2024-06-22T14:49:00","slug":"bon-estiu","status":"publish","type":"post","link":"https:\/\/agora.xtec.cat\/ceipvistaalegre\/primaria\/1r\/bon-estiu\/","title":{"rendered":"BON ESTIU"},"content":{"rendered":"<p>S&#8217;acaba el curs i ens diem ad\u00e9u, fins al setembre. Ens ho hem passat genial a 1r i aquests \u00faltims dies hem gaudit d&#8217;activitats fant\u00e0stiques de cloenda. Us deixem una mostra de les activitats d&#8217;aquesta setmana: Camina descal\u00e7 i piscina. Aprofitem per desitjar un BON ESTIU A TOTHOM!!!<\/p>\n<p><a href=\"https:\/\/agora.xtec.cat\/ceipvistaalegre\/wp-content\/uploads\/usu1936\/2024\/06\/1718810798260-scaled.jpg\"><img loading=\"lazy\" decoding=\"async\" class=\"wp-image-10163 alignleft\" src=\"https:\/\/agora.xtec.cat\/ceipvistaalegre\/wp-content\/uploads\/usu1936\/2024\/06\/1718810798260-768x1024.jpg\" alt=\"\" width=\"382\" height=\"509\" srcset=\"https:\/\/agora.xtec.cat\/ceipvistaalegre\/wp-content\/uploads\/usu1936\/2024\/06\/1718810798260-768x1024.jpg 768w, https:\/\/agora.xtec.cat\/ceipvistaalegre\/wp-content\/uploads\/usu1936\/2024\/06\/1718810798260-225x300.jpg 225w, https:\/\/agora.xtec.cat\/ceipvistaalegre\/wp-content\/uploads\/usu1936\/2024\/06\/1718810798260-1152x1536.jpg 1152w, https:\/\/agora.xtec.cat\/ceipvistaalegre\/wp-content\/uploads\/usu1936\/2024\/06\/1718810798260-1536x2048.jpg 1536w, https:\/\/agora.xtec.cat\/ceipvistaalegre\/wp-content\/uploads\/usu1936\/2024\/06\/1718810798260-scaled.jpg 1920w\" sizes=\"auto, (max-width: 382px) 100vw, 382px\" \/><\/a><a href=\"https:\/\/agora.xtec.cat\/ceipvistaalegre\/wp-content\/uploads\/usu1936\/2024\/06\/1718810988132-scaled.jpg\"><img loading=\"lazy\" decoding=\"async\" class=\"alignnone wp-image-10164\" src=\"https:\/\/agora.xtec.cat\/ceipvistaalegre\/wp-content\/uploads\/usu1936\/2024\/06\/1718810988132-768x1024.jpg\" alt=\"CAMINA DESCAL\u00c7\" width=\"384\" height=\"512\" srcset=\"https:\/\/agora.xtec.cat\/ceipvistaalegre\/wp-content\/uploads\/usu1936\/2024\/06\/1718810988132-768x1024.jpg 768w, https:\/\/agora.xtec.cat\/ceipvistaalegre\/wp-content\/uploads\/usu1936\/2024\/06\/1718810988132-225x300.jpg 225w, https:\/\/agora.xtec.cat\/ceipvistaalegre\/wp-content\/uploads\/usu1936\/2024\/06\/1718810988132-1152x1536.jpg 1152w, https:\/\/agora.xtec.cat\/ceipvistaalegre\/wp-content\/uploads\/usu1936\/2024\/06\/1718810988132-1536x2048.jpg 1536w, https:\/\/agora.xtec.cat\/ceipvistaalegre\/wp-content\/uploads\/usu1936\/2024\/06\/1718810988132-scaled.jpg 1920w\" sizes=\"auto, (max-width: 384px) 100vw, 384px\" \/><\/a><\/p>\n<p>&nbsp;<\/p>\n<p>&nbsp;<\/p>\n","protected":false},"excerpt":{"rendered":"<p>S&#8217;acaba el curs i ens diem ad\u00e9u, fins al setembre. Ens ho hem passat genial a 1r i aquests \u00faltims dies hem gaudit d&#8217;activitats fant\u00e0stiques de cloenda. Us deixem una mostra de les activitats d&#8217;aquesta setmana: Camina descal\u00e7 i piscina. Aprofitem per desitjar un BON&hellip;  <a href=\"https:\/\/agora.xtec.cat\/ceipvistaalegre\/primaria\/1r\/bon-estiu\/\" title=\"Read BON ESTIU\">Llegeix m\u00e9s\u00bb<\/a><\/p>\n","protected":false},"author":25,"featured_media":0,"comment_status":"open","ping_status":"closed","sticky":false,"template":"","format":"standard","meta":{"_bbp_topic_count":0,"_bbp_reply_count":0,"_bbp_total_topic_count":0,"_bbp_total_reply_count":0,"_bbp_voice_count":0,"_bbp_anonymous_reply_count":0,"_bbp_topic_count_hidden":0,"_bbp_reply_count_hidden":0,"_bbp_forum_subforum_count":0,"footnotes":""},"categories":[10],"tags":[],"class_list":["post-10162","post","type-post","status-publish","format-standard","hentry","category-1r"],"post_mailing_queue_ids":[],"_links":{"self":[{"href":"https:\/\/agora.xtec.cat\/ceipvistaalegre\/wp-json\/wp\/v2\/posts\/10162","targetHints":{"allow":["GET"]}}],"collection":[{"href":"https:\/\/agora.xtec.cat\/ceipvistaalegre\/wp-json\/wp\/v2\/posts"}],"about":[{"href":"https:\/\/agora.xtec.cat\/ceipvistaalegre\/wp-json\/wp\/v2\/types\/post"}],"author":[{"embeddable":true,"href":"https:\/\/agora.xtec.cat\/ceipvistaalegre\/wp-json\/wp\/v2\/users\/25"}],"replies":[{"embeddable":true,"href":"https:\/\/agora.xtec.cat\/ceipvistaalegre\/wp-json\/wp\/v2\/comments?post=10162"}],"version-history":[{"count":1,"href":"https:\/\/agora.xtec.cat\/ceipvistaalegre\/wp-json\/wp\/v2\/posts\/10162\/revisions"}],"predecessor-version":[{"id":10165,"href":"https:\/\/agora.xtec.cat\/ceipvistaalegre\/wp-json\/wp\/v2\/posts\/10162\/revisions\/10165"}],"wp:attachment":[{"href":"https:\/\/agora.xtec.cat\/ceipvistaalegre\/wp-json\/wp\/v2\/media?parent=10162"}],"wp:term":[{"taxonomy":"category","embeddable":true,"href":"https:\/\/agora.xtec.cat\/ceipvistaalegre\/wp-json\/wp\/v2\/categories?post=10162"},{"taxonomy":"post_tag","embeddable":true,"href":"https:\/\/agora.xtec.cat\/ceipvistaalegre\/wp-json\/wp\/v2\/tags?post=10162"}],"curies":[{"name":"wp","href":"https:\/\/api.w.org\/{rel}","templated":true}]}}