{"id":10159,"date":"2024-06-25T16:33:08","date_gmt":"2024-06-25T14:33:08","guid":{"rendered":"https:\/\/agora.xtec.cat\/ceipvistaalegre\/?p=10159"},"modified":"2024-06-25T16:33:08","modified_gmt":"2024-06-25T14:33:08","slug":"diver-estiu-a-mataro","status":"publish","type":"post","link":"https:\/\/agora.xtec.cat\/ceipvistaalegre\/general\/diver-estiu-a-mataro\/","title":{"rendered":"Diver Estiu a Matar\u00f3!"},"content":{"rendered":"<p>&#8220;Diver Estiu&#8221; programa adre\u00e7at a infants i joves i a un p\u00fablic familiar en general. Tallers, circ, esports, espectacles i moltes propostes en horari de tarda que es faran a a la Xarxa de Biblioteques, parcs, escoles, centres c\u00edvics, espais joves i instal\u00b7lacions esportives de tota la ciutat: Cerdanyola, Rocafonda, Pla d&#8217;en Boet i la Ll\u00e0ntia. Des del 25 de juny al 7 de setembre.<\/p>\n<p><a href=\"https:\/\/agora.xtec.cat\/ceipvistaalegre\/wp-content\/uploads\/usu1936\/2024\/06\/IMG_20240622_064826.jpg\"><img loading=\"lazy\" decoding=\"async\" class=\" wp-image-10161 aligncenter\" src=\"https:\/\/agora.xtec.cat\/ceipvistaalegre\/wp-content\/uploads\/usu1936\/2024\/06\/IMG_20240622_064826-1024x687.jpg\" alt=\"\" width=\"543\" height=\"364\" srcset=\"https:\/\/agora.xtec.cat\/ceipvistaalegre\/wp-content\/uploads\/usu1936\/2024\/06\/IMG_20240622_064826-1024x687.jpg 1024w, https:\/\/agora.xtec.cat\/ceipvistaalegre\/wp-content\/uploads\/usu1936\/2024\/06\/IMG_20240622_064826-300x201.jpg 300w, https:\/\/agora.xtec.cat\/ceipvistaalegre\/wp-content\/uploads\/usu1936\/2024\/06\/IMG_20240622_064826-768x516.jpg 768w, https:\/\/agora.xtec.cat\/ceipvistaalegre\/wp-content\/uploads\/usu1936\/2024\/06\/IMG_20240622_064826.jpg 1080w\" sizes=\"auto, (max-width: 543px) 100vw, 543px\" \/><\/a><\/p>\n<p>Teniu tota la informaci\u00f3 i el programa d&#8217;activitats en aquest enlla\u00e7: <a href=\"https:\/\/www.mataro.cat\/ca\/estiu-actiu\/activitats-estiu-diversio\">DIVER ESTIU<\/a><\/p>\n","protected":false},"excerpt":{"rendered":"<p>&#8220;Diver Estiu&#8221; programa adre\u00e7at a infants i joves i a un p\u00fablic familiar en general. Tallers, circ, esports, espectacles i moltes propostes en horari de tarda que es faran a a la Xarxa de Biblioteques, parcs, escoles, centres c\u00edvics, espais joves i instal\u00b7lacions esportives de&hellip;  <a href=\"https:\/\/agora.xtec.cat\/ceipvistaalegre\/general\/diver-estiu-a-mataro\/\" title=\"Read Diver Estiu a Matar\u00f3!\">Llegeix m\u00e9s\u00bb<\/a><\/p>\n","protected":false},"author":3,"featured_media":0,"comment_status":"open","ping_status":"closed","sticky":false,"template":"","format":"standard","meta":{"_bbp_topic_count":0,"_bbp_reply_count":0,"_bbp_total_topic_count":0,"_bbp_total_reply_count":0,"_bbp_voice_count":0,"_bbp_anonymous_reply_count":0,"_bbp_topic_count_hidden":0,"_bbp_reply_count_hidden":0,"_bbp_forum_subforum_count":0,"footnotes":""},"categories":[1,4],"tags":[],"class_list":["post-10159","post","type-post","status-publish","format-standard","hentry","category-general","category-portada"],"post_mailing_queue_ids":[],"_links":{"self":[{"href":"https:\/\/agora.xtec.cat\/ceipvistaalegre\/wp-json\/wp\/v2\/posts\/10159","targetHints":{"allow":["GET"]}}],"collection":[{"href":"https:\/\/agora.xtec.cat\/ceipvistaalegre\/wp-json\/wp\/v2\/posts"}],"about":[{"href":"https:\/\/agora.xtec.cat\/ceipvistaalegre\/wp-json\/wp\/v2\/types\/post"}],"author":[{"embeddable":true,"href":"https:\/\/agora.xtec.cat\/ceipvistaalegre\/wp-json\/wp\/v2\/users\/3"}],"replies":[{"embeddable":true,"href":"https:\/\/agora.xtec.cat\/ceipvistaalegre\/wp-json\/wp\/v2\/comments?post=10159"}],"version-history":[{"count":1,"href":"https:\/\/agora.xtec.cat\/ceipvistaalegre\/wp-json\/wp\/v2\/posts\/10159\/revisions"}],"predecessor-version":[{"id":10166,"href":"https:\/\/agora.xtec.cat\/ceipvistaalegre\/wp-json\/wp\/v2\/posts\/10159\/revisions\/10166"}],"wp:attachment":[{"href":"https:\/\/agora.xtec.cat\/ceipvistaalegre\/wp-json\/wp\/v2\/media?parent=10159"}],"wp:term":[{"taxonomy":"category","embeddable":true,"href":"https:\/\/agora.xtec.cat\/ceipvistaalegre\/wp-json\/wp\/v2\/categories?post=10159"},{"taxonomy":"post_tag","embeddable":true,"href":"https:\/\/agora.xtec.cat\/ceipvistaalegre\/wp-json\/wp\/v2\/tags?post=10159"}],"curies":[{"name":"wp","href":"https:\/\/api.w.org\/{rel}","templated":true}]}}