{"id":10154,"date":"2024-06-21T15:42:52","date_gmt":"2024-06-21T13:42:52","guid":{"rendered":"https:\/\/agora.xtec.cat\/ceipvistaalegre\/?p=10154"},"modified":"2024-06-21T15:48:39","modified_gmt":"2024-06-21T13:48:39","slug":"arriba-el-podcast-mes-alegre","status":"publish","type":"post","link":"https:\/\/agora.xtec.cat\/ceipvistaalegre\/portada\/arriba-el-podcast-mes-alegre\/","title":{"rendered":"Arriba el p\u00f2dcast m\u00e9s alegre!"},"content":{"rendered":"<h4 style=\"text-align: center;\">Ja tenim aqu\u00ed el primer p\u00f2dcast de l&#8217;escola Vista Alegre!\u00a0<a href=\"https:\/\/agora.xtec.cat\/ceipvistaalegre\/wp-content\/uploads\/usu1936\/2024\/06\/IMG-20240618-WA0031-1.jpg\"><img loading=\"lazy\" decoding=\"async\" class=\" wp-image-10155 aligncenter\" src=\"https:\/\/agora.xtec.cat\/ceipvistaalegre\/wp-content\/uploads\/usu1936\/2024\/06\/IMG-20240618-WA0031-1.jpg\" alt=\"\" width=\"448\" height=\"510\" srcset=\"https:\/\/agora.xtec.cat\/ceipvistaalegre\/wp-content\/uploads\/usu1936\/2024\/06\/IMG-20240618-WA0031-1.jpg 767w, https:\/\/agora.xtec.cat\/ceipvistaalegre\/wp-content\/uploads\/usu1936\/2024\/06\/IMG-20240618-WA0031-1-263x300.jpg 263w\" sizes=\"auto, (max-width: 448px) 100vw, 448px\" \/><\/a><\/h4>\n<p>Estrenem nou projecte a l&#8217;escola: ELS P\u00d2DCASTS ALEGRES.<\/p>\n<p>Aquest en concret est\u00e0 fet pels nens i nenes de 6\u00e8, que s&#8217;han acomiadat de l&#8217;escola aix\u00ed<\/p>\n<p>Si el voleu escoltar, podeu clicar <a href=\"https:\/\/drive.google.com\/file\/d\/1vMVRRQLNd8dQa82r5qjBgUIlhvmrOm1r\/view?usp=sharing\">AQU\u00cd<\/a><\/p>\n<p>Esperem que us agradi!<\/p>\n<p>&nbsp;<\/p>\n","protected":false},"excerpt":{"rendered":"<p>Ja tenim aqu\u00ed el primer p\u00f2dcast de l&#8217;escola Vista Alegre!\u00a0<a href=\"https:\/\/agora.xtec.cat\/ceipvistaalegre\/wp-content\/uploads\/usu1936\/2024\/06\/IMG-20240618-WA0031-1.jpg\"><\/a><br \/>\nEstrenem nou projecte a l&#8217;escola: ELS P\u00d2DCASTS ALEGRES.<br \/>\nAquest en concret est\u00e0 fet pels nens i nenes de 6\u00e8, que s&#8217;han acomiadat de l&#8217;escola aix\u00ed<br \/>\nSi el voleu escoltar, podeu clicar <a href=\"https:\/\/drive.google.com\/file\/d\/1vMVRRQLNd8dQa82r5qjBgUIlhvmrOm1r\/view?usp=sharing\">AQU\u00cd<\/a><br \/>\nEsperem que us agradi!<br \/>\n&nbsp;<\/p>\n","protected":false},"author":3,"featured_media":0,"comment_status":"open","ping_status":"closed","sticky":false,"template":"","format":"standard","meta":{"_bbp_topic_count":0,"_bbp_reply_count":0,"_bbp_total_topic_count":0,"_bbp_total_reply_count":0,"_bbp_voice_count":0,"_bbp_anonymous_reply_count":0,"_bbp_topic_count_hidden":0,"_bbp_reply_count_hidden":0,"_bbp_forum_subforum_count":0,"footnotes":""},"categories":[296,4],"tags":[],"class_list":["post-10154","post","type-post","status-publish","format-standard","hentry","category-el-potcast-alegre","category-portada"],"post_mailing_queue_ids":[],"_links":{"self":[{"href":"https:\/\/agora.xtec.cat\/ceipvistaalegre\/wp-json\/wp\/v2\/posts\/10154","targetHints":{"allow":["GET"]}}],"collection":[{"href":"https:\/\/agora.xtec.cat\/ceipvistaalegre\/wp-json\/wp\/v2\/posts"}],"about":[{"href":"https:\/\/agora.xtec.cat\/ceipvistaalegre\/wp-json\/wp\/v2\/types\/post"}],"author":[{"embeddable":true,"href":"https:\/\/agora.xtec.cat\/ceipvistaalegre\/wp-json\/wp\/v2\/users\/3"}],"replies":[{"embeddable":true,"href":"https:\/\/agora.xtec.cat\/ceipvistaalegre\/wp-json\/wp\/v2\/comments?post=10154"}],"version-history":[{"count":2,"href":"https:\/\/agora.xtec.cat\/ceipvistaalegre\/wp-json\/wp\/v2\/posts\/10154\/revisions"}],"predecessor-version":[{"id":10157,"href":"https:\/\/agora.xtec.cat\/ceipvistaalegre\/wp-json\/wp\/v2\/posts\/10154\/revisions\/10157"}],"wp:attachment":[{"href":"https:\/\/agora.xtec.cat\/ceipvistaalegre\/wp-json\/wp\/v2\/media?parent=10154"}],"wp:term":[{"taxonomy":"category","embeddable":true,"href":"https:\/\/agora.xtec.cat\/ceipvistaalegre\/wp-json\/wp\/v2\/categories?post=10154"},{"taxonomy":"post_tag","embeddable":true,"href":"https:\/\/agora.xtec.cat\/ceipvistaalegre\/wp-json\/wp\/v2\/tags?post=10154"}],"curies":[{"name":"wp","href":"https:\/\/api.w.org\/{rel}","templated":true}]}}