{"id":10150,"date":"2024-06-21T15:31:51","date_gmt":"2024-06-21T13:31:51","guid":{"rendered":"https:\/\/agora.xtec.cat\/ceipvistaalegre\/?p=10150"},"modified":"2024-06-21T15:31:51","modified_gmt":"2024-06-21T13:31:51","slug":"comiat-de-6e-2","status":"publish","type":"post","link":"https:\/\/agora.xtec.cat\/ceipvistaalegre\/portada\/comiat-de-6e-2\/","title":{"rendered":"Comiat de 6\u00e8"},"content":{"rendered":"<p>Avui hem acomiadat als nens i nenes de la promoci\u00f3 2015-2024, que despr\u00e9s de l&#8217;estiu comen\u00e7aran una nova etapa a l&#8217;institut.<\/p>\n<p>Ha estat un acte molt senzill, emotiu i bonic, en el que s&#8217;ha recordat els 9 anys que han passat a l&#8217;escola. Tots els cursos i els mestres han volgut participar-hi, dedicant-los can\u00e7ons, balls, paraules boniques i fins i tot un conte personalitzat.<\/p>\n<p><a href=\"https:\/\/agora.xtec.cat\/ceipvistaalegre\/wp-content\/uploads\/usu1936\/2024\/06\/6e-3-scaled.jpg\"><img loading=\"lazy\" decoding=\"async\" class=\"wp-image-10151 aligncenter\" src=\"https:\/\/agora.xtec.cat\/ceipvistaalegre\/wp-content\/uploads\/usu1936\/2024\/06\/6e-3-1024x707.jpg\" alt=\"\" width=\"601\" height=\"415\" srcset=\"https:\/\/agora.xtec.cat\/ceipvistaalegre\/wp-content\/uploads\/usu1936\/2024\/06\/6e-3-1024x707.jpg 1024w, https:\/\/agora.xtec.cat\/ceipvistaalegre\/wp-content\/uploads\/usu1936\/2024\/06\/6e-3-300x207.jpg 300w, https:\/\/agora.xtec.cat\/ceipvistaalegre\/wp-content\/uploads\/usu1936\/2024\/06\/6e-3-768x530.jpg 768w, https:\/\/agora.xtec.cat\/ceipvistaalegre\/wp-content\/uploads\/usu1936\/2024\/06\/6e-3-1536x1060.jpg 1536w, https:\/\/agora.xtec.cat\/ceipvistaalegre\/wp-content\/uploads\/usu1936\/2024\/06\/6e-3-2048x1413.jpg 2048w\" sizes=\"auto, (max-width: 601px) 100vw, 601px\" \/><\/a><\/p>\n<p>Com ja els hi hem dit, les portes de l&#8217;escola sempre estaran obertes per a vosaltres. Esperem que tingueu molt bona sort i que sempre porteu al Vista Alegre al vostre cor!<\/p>\n<p style=\"text-align: center;\"><strong>Vistalegrins i vistalegrines per sempre!<\/strong><\/p>\n","protected":false},"excerpt":{"rendered":"<p>Avui hem acomiadat als nens i nenes de la promoci\u00f3 2015-2024, que despr\u00e9s de l&#8217;estiu comen\u00e7aran una nova etapa a l&#8217;institut.<br \/>\nHa estat un acte molt senzill, emotiu i bonic, en el que s&#8217;ha recordat els 9 anys que han passat a l&#8217;escola. Tots els cursos&hellip;  <a href=\"https:\/\/agora.xtec.cat\/ceipvistaalegre\/portada\/comiat-de-6e-2\/\" title=\"Read Comiat de 6\u00e8\">Llegeix m\u00e9s\u00bb<\/a><\/p>\n","protected":false},"author":3,"featured_media":0,"comment_status":"open","ping_status":"closed","sticky":false,"template":"","format":"standard","meta":{"_bbp_topic_count":0,"_bbp_reply_count":0,"_bbp_total_topic_count":0,"_bbp_total_reply_count":0,"_bbp_voice_count":0,"_bbp_anonymous_reply_count":0,"_bbp_topic_count_hidden":0,"_bbp_reply_count_hidden":0,"_bbp_forum_subforum_count":0,"footnotes":""},"categories":[4],"tags":[],"class_list":["post-10150","post","type-post","status-publish","format-standard","hentry","category-portada"],"post_mailing_queue_ids":[],"_links":{"self":[{"href":"https:\/\/agora.xtec.cat\/ceipvistaalegre\/wp-json\/wp\/v2\/posts\/10150","targetHints":{"allow":["GET"]}}],"collection":[{"href":"https:\/\/agora.xtec.cat\/ceipvistaalegre\/wp-json\/wp\/v2\/posts"}],"about":[{"href":"https:\/\/agora.xtec.cat\/ceipvistaalegre\/wp-json\/wp\/v2\/types\/post"}],"author":[{"embeddable":true,"href":"https:\/\/agora.xtec.cat\/ceipvistaalegre\/wp-json\/wp\/v2\/users\/3"}],"replies":[{"embeddable":true,"href":"https:\/\/agora.xtec.cat\/ceipvistaalegre\/wp-json\/wp\/v2\/comments?post=10150"}],"version-history":[{"count":1,"href":"https:\/\/agora.xtec.cat\/ceipvistaalegre\/wp-json\/wp\/v2\/posts\/10150\/revisions"}],"predecessor-version":[{"id":10152,"href":"https:\/\/agora.xtec.cat\/ceipvistaalegre\/wp-json\/wp\/v2\/posts\/10150\/revisions\/10152"}],"wp:attachment":[{"href":"https:\/\/agora.xtec.cat\/ceipvistaalegre\/wp-json\/wp\/v2\/media?parent=10150"}],"wp:term":[{"taxonomy":"category","embeddable":true,"href":"https:\/\/agora.xtec.cat\/ceipvistaalegre\/wp-json\/wp\/v2\/categories?post=10150"},{"taxonomy":"post_tag","embeddable":true,"href":"https:\/\/agora.xtec.cat\/ceipvistaalegre\/wp-json\/wp\/v2\/tags?post=10150"}],"curies":[{"name":"wp","href":"https:\/\/api.w.org\/{rel}","templated":true}]}}