{"id":10128,"date":"2024-06-18T18:11:00","date_gmt":"2024-06-18T16:11:00","guid":{"rendered":"https:\/\/agora.xtec.cat\/ceipvistaalegre\/?p=10128"},"modified":"2024-06-18T18:11:00","modified_gmt":"2024-06-18T16:11:00","slug":"anem-a-la-piscina","status":"publish","type":"post","link":"https:\/\/agora.xtec.cat\/ceipvistaalegre\/infantil\/infantil-3-anys\/anem-a-la-piscina\/","title":{"rendered":"Anem a la piscina!"},"content":{"rendered":"<p><a href=\"https:\/\/agora.xtec.cat\/ceipvistaalegre\/infantil\/infantil-3-anys\/anem-a-la-piscina\/attachment\/photo-output-13-1-min-2\/\" rel=\"attachment wp-att-10129\"><img loading=\"lazy\" decoding=\"async\" class=\"aligncenter size-full wp-image-10129\" src=\"https:\/\/agora.xtec.cat\/ceipvistaalegre\/wp-content\/uploads\/usu1936\/2024\/06\/photo-output-13-1-min-scaled.jpg\" alt=\"\" width=\"2560\" height=\"2560\" srcset=\"https:\/\/agora.xtec.cat\/ceipvistaalegre\/wp-content\/uploads\/usu1936\/2024\/06\/photo-output-13-1-min-scaled.jpg 2560w, https:\/\/agora.xtec.cat\/ceipvistaalegre\/wp-content\/uploads\/usu1936\/2024\/06\/photo-output-13-1-min-300x300.jpg 300w, https:\/\/agora.xtec.cat\/ceipvistaalegre\/wp-content\/uploads\/usu1936\/2024\/06\/photo-output-13-1-min-1024x1024.jpg 1024w, https:\/\/agora.xtec.cat\/ceipvistaalegre\/wp-content\/uploads\/usu1936\/2024\/06\/photo-output-13-1-min-150x150.jpg 150w, https:\/\/agora.xtec.cat\/ceipvistaalegre\/wp-content\/uploads\/usu1936\/2024\/06\/photo-output-13-1-min-768x768.jpg 768w, https:\/\/agora.xtec.cat\/ceipvistaalegre\/wp-content\/uploads\/usu1936\/2024\/06\/photo-output-13-1-min-1536x1536.jpg 1536w, https:\/\/agora.xtec.cat\/ceipvistaalegre\/wp-content\/uploads\/usu1936\/2024\/06\/photo-output-13-1-min-2048x2048.jpg 2048w\" sizes=\"auto, (max-width: 2560px) 100vw, 2560px\" \/><\/a><\/p>\n<p>Avui, els nens i les nenes de la classe dels Elefants hem anat a la piscina Municipal de Matar\u00f3. Ha estat un mat\u00ed fant\u00e0stic amb una bona remullada a la piscina i una estona de joc al parc. Amb aquesta \u00faltima sortida ens anem acomiadant del nostre primer curs al Vista Alegre.<\/p>\n","protected":false},"excerpt":{"rendered":"<p><a href=\"https:\/\/agora.xtec.cat\/ceipvistaalegre\/infantil\/infantil-3-anys\/anem-a-la-piscina\/attachment\/photo-output-13-1-min-2\/\" rel=\"attachment wp-att-10129\"><\/a><br \/>\nAvui, els nens i les nenes de la classe dels Elefants hem anat a la piscina Municipal de Matar\u00f3. Ha estat un mat\u00ed fant\u00e0stic amb una bona remullada a la piscina i una estona de joc al parc. Amb aquesta \u00faltima sortida&hellip;  <a href=\"https:\/\/agora.xtec.cat\/ceipvistaalegre\/infantil\/infantil-3-anys\/anem-a-la-piscina\/\" title=\"Read Anem a la piscina!\">Llegeix m\u00e9s\u00bb<\/a><\/p>\n","protected":false},"author":4,"featured_media":0,"comment_status":"open","ping_status":"closed","sticky":false,"template":"","format":"standard","meta":{"_bbp_topic_count":0,"_bbp_reply_count":0,"_bbp_total_topic_count":0,"_bbp_total_reply_count":0,"_bbp_voice_count":0,"_bbp_anonymous_reply_count":0,"_bbp_topic_count_hidden":0,"_bbp_reply_count_hidden":0,"_bbp_forum_subforum_count":0,"footnotes":""},"categories":[3],"tags":[307,318,16],"class_list":["post-10128","post","type-post","status-publish","format-standard","hentry","category-infantil-3-anys","tag-descoberta-dun-mateix","tag-descoberta-de-lentorn","tag-sortides"],"post_mailing_queue_ids":[],"_links":{"self":[{"href":"https:\/\/agora.xtec.cat\/ceipvistaalegre\/wp-json\/wp\/v2\/posts\/10128","targetHints":{"allow":["GET"]}}],"collection":[{"href":"https:\/\/agora.xtec.cat\/ceipvistaalegre\/wp-json\/wp\/v2\/posts"}],"about":[{"href":"https:\/\/agora.xtec.cat\/ceipvistaalegre\/wp-json\/wp\/v2\/types\/post"}],"author":[{"embeddable":true,"href":"https:\/\/agora.xtec.cat\/ceipvistaalegre\/wp-json\/wp\/v2\/users\/4"}],"replies":[{"embeddable":true,"href":"https:\/\/agora.xtec.cat\/ceipvistaalegre\/wp-json\/wp\/v2\/comments?post=10128"}],"version-history":[{"count":3,"href":"https:\/\/agora.xtec.cat\/ceipvistaalegre\/wp-json\/wp\/v2\/posts\/10128\/revisions"}],"predecessor-version":[{"id":10132,"href":"https:\/\/agora.xtec.cat\/ceipvistaalegre\/wp-json\/wp\/v2\/posts\/10128\/revisions\/10132"}],"wp:attachment":[{"href":"https:\/\/agora.xtec.cat\/ceipvistaalegre\/wp-json\/wp\/v2\/media?parent=10128"}],"wp:term":[{"taxonomy":"category","embeddable":true,"href":"https:\/\/agora.xtec.cat\/ceipvistaalegre\/wp-json\/wp\/v2\/categories?post=10128"},{"taxonomy":"post_tag","embeddable":true,"href":"https:\/\/agora.xtec.cat\/ceipvistaalegre\/wp-json\/wp\/v2\/tags?post=10128"}],"curies":[{"name":"wp","href":"https:\/\/api.w.org\/{rel}","templated":true}]}}