{"id":10075,"date":"2024-06-07T10:34:59","date_gmt":"2024-06-07T08:34:59","guid":{"rendered":"https:\/\/agora.xtec.cat\/ceipvistaalegre\/?p=10075"},"modified":"2024-06-07T10:34:59","modified_gmt":"2024-06-07T08:34:59","slug":"val-escolar","status":"publish","type":"post","link":"https:\/\/agora.xtec.cat\/ceipvistaalegre\/portada\/val-escolar\/","title":{"rendered":"Val escolar"},"content":{"rendered":"<h2 style=\"text-align: center;\">TORNA EL VAL ESCOLAR!<\/h2>\n<h3 style=\"text-align: center;\"><a href=\"https:\/\/agora.xtec.cat\/ceipvistaalegre\/wp-content\/uploads\/usu1936\/2024\/06\/20230619_val.png_1377870808.png\"><img loading=\"lazy\" decoding=\"async\" class=\"alignnone  wp-image-10076\" src=\"https:\/\/agora.xtec.cat\/ceipvistaalegre\/wp-content\/uploads\/usu1936\/2024\/06\/20230619_val.png_1377870808-1024x677.png\" alt=\"\" width=\"458\" height=\"303\" srcset=\"https:\/\/agora.xtec.cat\/ceipvistaalegre\/wp-content\/uploads\/usu1936\/2024\/06\/20230619_val.png_1377870808-1024x677.png 1024w, https:\/\/agora.xtec.cat\/ceipvistaalegre\/wp-content\/uploads\/usu1936\/2024\/06\/20230619_val.png_1377870808-300x198.png 300w, https:\/\/agora.xtec.cat\/ceipvistaalegre\/wp-content\/uploads\/usu1936\/2024\/06\/20230619_val.png_1377870808-768x507.png 768w, https:\/\/agora.xtec.cat\/ceipvistaalegre\/wp-content\/uploads\/usu1936\/2024\/06\/20230619_val.png_1377870808.png 1400w\" sizes=\"auto, (max-width: 458px) 100vw, 458px\" \/><\/a><\/h3>\n<p><span style=\"font-weight: 400;\">Us informem que igual que el curs passat, el Govern ha acordat impulsar un ajut de <\/span><b>60 \u20ac <\/b><span style=\"font-weight: 400;\">en concepte de<\/span><b> material escolar<\/b><span style=\"font-weight: 400;\"> per a tot l&#8217;alumnat que cursi <\/span><b>educaci\u00f3 prim\u00e0ria i secund\u00e0ria<\/b><span style=\"font-weight: 400;\"> en un centre escolar el curs 24\/25.\u00a0<\/span><\/p>\n<p>Trobareu tota la informaci\u00f3 la web del Departament <a href=\"https:\/\/www.valescolar.cat\/\">https:\/\/www.valescolar.cat\/<\/a><\/p>\n","protected":false},"excerpt":{"rendered":"<p>TORNA EL VAL ESCOLAR!<br \/>\n<a href=\"https:\/\/agora.xtec.cat\/ceipvistaalegre\/wp-content\/uploads\/usu1936\/2024\/06\/20230619_val.png_1377870808.png\"><\/a><br \/>\nUs informem que igual que el curs passat, el Govern ha acordat impulsar un ajut de 60 \u20ac en concepte de material escolar per a tot l&#8217;alumnat que cursi educaci\u00f3 prim\u00e0ria i secund\u00e0ria en un centre escolar el curs 24\/25.\u00a0<br \/>\nTrobareu tota&hellip;  <a href=\"https:\/\/agora.xtec.cat\/ceipvistaalegre\/portada\/val-escolar\/\" title=\"Read Val escolar\">Llegeix m\u00e9s\u00bb<\/a><\/p>\n","protected":false},"author":3,"featured_media":0,"comment_status":"open","ping_status":"closed","sticky":false,"template":"","format":"standard","meta":{"_bbp_topic_count":0,"_bbp_reply_count":0,"_bbp_total_topic_count":0,"_bbp_total_reply_count":0,"_bbp_voice_count":0,"_bbp_anonymous_reply_count":0,"_bbp_topic_count_hidden":0,"_bbp_reply_count_hidden":0,"_bbp_forum_subforum_count":0,"footnotes":""},"categories":[4],"tags":[],"class_list":["post-10075","post","type-post","status-publish","format-standard","hentry","category-portada"],"post_mailing_queue_ids":[],"_links":{"self":[{"href":"https:\/\/agora.xtec.cat\/ceipvistaalegre\/wp-json\/wp\/v2\/posts\/10075","targetHints":{"allow":["GET"]}}],"collection":[{"href":"https:\/\/agora.xtec.cat\/ceipvistaalegre\/wp-json\/wp\/v2\/posts"}],"about":[{"href":"https:\/\/agora.xtec.cat\/ceipvistaalegre\/wp-json\/wp\/v2\/types\/post"}],"author":[{"embeddable":true,"href":"https:\/\/agora.xtec.cat\/ceipvistaalegre\/wp-json\/wp\/v2\/users\/3"}],"replies":[{"embeddable":true,"href":"https:\/\/agora.xtec.cat\/ceipvistaalegre\/wp-json\/wp\/v2\/comments?post=10075"}],"version-history":[{"count":1,"href":"https:\/\/agora.xtec.cat\/ceipvistaalegre\/wp-json\/wp\/v2\/posts\/10075\/revisions"}],"predecessor-version":[{"id":10077,"href":"https:\/\/agora.xtec.cat\/ceipvistaalegre\/wp-json\/wp\/v2\/posts\/10075\/revisions\/10077"}],"wp:attachment":[{"href":"https:\/\/agora.xtec.cat\/ceipvistaalegre\/wp-json\/wp\/v2\/media?parent=10075"}],"wp:term":[{"taxonomy":"category","embeddable":true,"href":"https:\/\/agora.xtec.cat\/ceipvistaalegre\/wp-json\/wp\/v2\/categories?post=10075"},{"taxonomy":"post_tag","embeddable":true,"href":"https:\/\/agora.xtec.cat\/ceipvistaalegre\/wp-json\/wp\/v2\/tags?post=10075"}],"curies":[{"name":"wp","href":"https:\/\/api.w.org\/{rel}","templated":true}]}}