{"id":10046,"date":"2024-06-05T22:48:28","date_gmt":"2024-06-05T20:48:28","guid":{"rendered":"https:\/\/agora.xtec.cat\/ceipvistaalegre\/?p=10046"},"modified":"2024-06-06T06:24:39","modified_gmt":"2024-06-06T04:24:39","slug":"consell-dinfants-3","status":"publish","type":"post","link":"https:\/\/agora.xtec.cat\/ceipvistaalegre\/primaria\/5e\/consell-dinfants-3\/","title":{"rendered":"Consell d&#8217;Infants"},"content":{"rendered":"<p>Aquesta tarda s&#8217;ha fet la cloenda del Consell d&#8217;Infants, \u00e9s per aix\u00f2 que han assistit a aquest acte tots els consellers i conselleres de les escoles participants i han explicat el que s&#8217;ha fet al llarg del curs.<\/p>\n<p>Un cop m\u00e9s la nostra escola ha participat activament al Consell d&#8217;Infants 2023-2024 i els nostres representants de 5\u00e8 i 6\u00e8 han contribu\u00eft a la millora dels espais p\u00fablics i patis d&#8217;escola.<\/p>\n<p><img loading=\"lazy\" decoding=\"async\" class=\"alignnone wp-image-10047\" src=\"https:\/\/agora.xtec.cat\/ceipvistaalegre\/wp-content\/uploads\/usu1936\/2024\/06\/WhatsApp-Image-2024-06-05-at-22.44.11-1024x768.jpeg\" alt=\"\" width=\"295\" height=\"221\" srcset=\"https:\/\/agora.xtec.cat\/ceipvistaalegre\/wp-content\/uploads\/usu1936\/2024\/06\/WhatsApp-Image-2024-06-05-at-22.44.11-1024x768.jpeg 1024w, https:\/\/agora.xtec.cat\/ceipvistaalegre\/wp-content\/uploads\/usu1936\/2024\/06\/WhatsApp-Image-2024-06-05-at-22.44.11-300x225.jpeg 300w, https:\/\/agora.xtec.cat\/ceipvistaalegre\/wp-content\/uploads\/usu1936\/2024\/06\/WhatsApp-Image-2024-06-05-at-22.44.11-768x576.jpeg 768w, https:\/\/agora.xtec.cat\/ceipvistaalegre\/wp-content\/uploads\/usu1936\/2024\/06\/WhatsApp-Image-2024-06-05-at-22.44.11-1536x1152.jpeg 1536w, https:\/\/agora.xtec.cat\/ceipvistaalegre\/wp-content\/uploads\/usu1936\/2024\/06\/WhatsApp-Image-2024-06-05-at-22.44.11-200x150.jpeg 200w, https:\/\/agora.xtec.cat\/ceipvistaalegre\/wp-content\/uploads\/usu1936\/2024\/06\/WhatsApp-Image-2024-06-05-at-22.44.11.jpeg 2048w\" sizes=\"auto, (max-width: 295px) 100vw, 295px\" \/><\/p>\n<p><img loading=\"lazy\" decoding=\"async\" class=\"alignnone wp-image-10048\" src=\"https:\/\/agora.xtec.cat\/ceipvistaalegre\/wp-content\/uploads\/usu1936\/2024\/06\/WhatsApp-Image-2024-06-05-at-22.45.13-1024x768.jpeg\" alt=\"\" width=\"295\" height=\"221\" srcset=\"https:\/\/agora.xtec.cat\/ceipvistaalegre\/wp-content\/uploads\/usu1936\/2024\/06\/WhatsApp-Image-2024-06-05-at-22.45.13-1024x768.jpeg 1024w, https:\/\/agora.xtec.cat\/ceipvistaalegre\/wp-content\/uploads\/usu1936\/2024\/06\/WhatsApp-Image-2024-06-05-at-22.45.13-300x225.jpeg 300w, https:\/\/agora.xtec.cat\/ceipvistaalegre\/wp-content\/uploads\/usu1936\/2024\/06\/WhatsApp-Image-2024-06-05-at-22.45.13-768x576.jpeg 768w, https:\/\/agora.xtec.cat\/ceipvistaalegre\/wp-content\/uploads\/usu1936\/2024\/06\/WhatsApp-Image-2024-06-05-at-22.45.13-1536x1152.jpeg 1536w, https:\/\/agora.xtec.cat\/ceipvistaalegre\/wp-content\/uploads\/usu1936\/2024\/06\/WhatsApp-Image-2024-06-05-at-22.45.13-200x150.jpeg 200w, https:\/\/agora.xtec.cat\/ceipvistaalegre\/wp-content\/uploads\/usu1936\/2024\/06\/WhatsApp-Image-2024-06-05-at-22.45.13.jpeg 2048w\" sizes=\"auto, (max-width: 295px) 100vw, 295px\" \/><\/p>\n","protected":false},"excerpt":{"rendered":"<p>Aquesta tarda s&#8217;ha fet la cloenda del Consell d&#8217;Infants, \u00e9s per aix\u00f2 que han assistit a aquest acte tots els consellers i conselleres de les escoles participants i han explicat el que s&#8217;ha fet al llarg del curs.<br \/>\nUn cop m\u00e9s la nostra escola ha participat&hellip;  <a href=\"https:\/\/agora.xtec.cat\/ceipvistaalegre\/primaria\/5e\/consell-dinfants-3\/\" title=\"Read Consell d&#8217;Infants\">Llegeix m\u00e9s\u00bb<\/a><\/p>\n","protected":false},"author":18,"featured_media":0,"comment_status":"open","ping_status":"closed","sticky":false,"template":"","format":"standard","meta":{"_bbp_topic_count":0,"_bbp_reply_count":0,"_bbp_total_topic_count":0,"_bbp_total_reply_count":0,"_bbp_voice_count":0,"_bbp_anonymous_reply_count":0,"_bbp_topic_count_hidden":0,"_bbp_reply_count_hidden":0,"_bbp_forum_subforum_count":0,"footnotes":""},"categories":[14,15],"tags":[],"class_list":["post-10046","post","type-post","status-publish","format-standard","hentry","category-5e","category-6e"],"post_mailing_queue_ids":[],"_links":{"self":[{"href":"https:\/\/agora.xtec.cat\/ceipvistaalegre\/wp-json\/wp\/v2\/posts\/10046","targetHints":{"allow":["GET"]}}],"collection":[{"href":"https:\/\/agora.xtec.cat\/ceipvistaalegre\/wp-json\/wp\/v2\/posts"}],"about":[{"href":"https:\/\/agora.xtec.cat\/ceipvistaalegre\/wp-json\/wp\/v2\/types\/post"}],"author":[{"embeddable":true,"href":"https:\/\/agora.xtec.cat\/ceipvistaalegre\/wp-json\/wp\/v2\/users\/18"}],"replies":[{"embeddable":true,"href":"https:\/\/agora.xtec.cat\/ceipvistaalegre\/wp-json\/wp\/v2\/comments?post=10046"}],"version-history":[{"count":2,"href":"https:\/\/agora.xtec.cat\/ceipvistaalegre\/wp-json\/wp\/v2\/posts\/10046\/revisions"}],"predecessor-version":[{"id":10050,"href":"https:\/\/agora.xtec.cat\/ceipvistaalegre\/wp-json\/wp\/v2\/posts\/10046\/revisions\/10050"}],"wp:attachment":[{"href":"https:\/\/agora.xtec.cat\/ceipvistaalegre\/wp-json\/wp\/v2\/media?parent=10046"}],"wp:term":[{"taxonomy":"category","embeddable":true,"href":"https:\/\/agora.xtec.cat\/ceipvistaalegre\/wp-json\/wp\/v2\/categories?post=10046"},{"taxonomy":"post_tag","embeddable":true,"href":"https:\/\/agora.xtec.cat\/ceipvistaalegre\/wp-json\/wp\/v2\/tags?post=10046"}],"curies":[{"name":"wp","href":"https:\/\/api.w.org\/{rel}","templated":true}]}}