{"id":10040,"date":"2024-06-04T19:55:15","date_gmt":"2024-06-04T17:55:15","guid":{"rendered":"https:\/\/agora.xtec.cat\/ceipvistaalegre\/?p=10040"},"modified":"2024-06-04T19:56:22","modified_gmt":"2024-06-04T17:56:22","slug":"la-caixa-niu","status":"publish","type":"post","link":"https:\/\/agora.xtec.cat\/ceipvistaalegre\/infantil\/infantil-3-anys\/la-caixa-niu\/","title":{"rendered":"La caixa niu."},"content":{"rendered":"<p><a href=\"https:\/\/agora.xtec.cat\/ceipvistaalegre\/infantil\/infantil-3-anys\/la-caixa-niu\/attachment\/photo-output-18-1-min\/\" rel=\"attachment wp-att-10041\"><img loading=\"lazy\" decoding=\"async\" class=\"aligncenter size-full wp-image-10041\" src=\"https:\/\/agora.xtec.cat\/ceipvistaalegre\/wp-content\/uploads\/usu1936\/2024\/06\/photo-output-18-1-min-scaled.jpg\" alt=\"\" width=\"2560\" height=\"2560\" srcset=\"https:\/\/agora.xtec.cat\/ceipvistaalegre\/wp-content\/uploads\/usu1936\/2024\/06\/photo-output-18-1-min-scaled.jpg 2560w, https:\/\/agora.xtec.cat\/ceipvistaalegre\/wp-content\/uploads\/usu1936\/2024\/06\/photo-output-18-1-min-300x300.jpg 300w, https:\/\/agora.xtec.cat\/ceipvistaalegre\/wp-content\/uploads\/usu1936\/2024\/06\/photo-output-18-1-min-1024x1024.jpg 1024w, https:\/\/agora.xtec.cat\/ceipvistaalegre\/wp-content\/uploads\/usu1936\/2024\/06\/photo-output-18-1-min-150x150.jpg 150w, https:\/\/agora.xtec.cat\/ceipvistaalegre\/wp-content\/uploads\/usu1936\/2024\/06\/photo-output-18-1-min-768x768.jpg 768w, https:\/\/agora.xtec.cat\/ceipvistaalegre\/wp-content\/uploads\/usu1936\/2024\/06\/photo-output-18-1-min-1536x1536.jpg 1536w, https:\/\/agora.xtec.cat\/ceipvistaalegre\/wp-content\/uploads\/usu1936\/2024\/06\/photo-output-18-1-min-2048x2048.jpg 2048w\" sizes=\"auto, (max-width: 2560px) 100vw, 2560px\" \/><\/a><\/p>\n<p>Fa uns dies que en Liam, de la classe dels Elefants, ens va portar una caixa niu per penjar-la al pati de l&#8217;escola i aix\u00ed poder donar refugi als ocells. Ens ha explicat que est\u00e0 pensada perqu\u00e8 hi puguin entrar nom\u00e9s petits ocellets que habiten la zona del maresme com l<em>a mallerenga blava o el pardal.<\/em><\/p>\n<p>Amb tots els infants de l&#8217;aula hem anat a penjar-la a un arbre del pati. Com molt b\u00e9 ens ha explicat en Liam ha d&#8217;estar a una al\u00e7ada d&#8217;uns 2 metres. Quin lloc millor que l&#8217;arbre que tenim apadrinat!<\/p>\n<p>Un cop a l&#8217;aula han comen\u00e7at a sorgir preguntes:<\/p>\n<p><em>&#8220;Quins ocells vindran a fer el niu&#8221;? Qu\u00e8 mengen els ocells? On li posem el menjar, dins o fora de la caixa niu? Beuen aigua? Mengen cada dia?&#8230;\u00a0<\/em><\/p>\n<p>Entre tots els infants intentarem trobar resposta a totes aquests preguntes. Comen\u00e7arem per buscar el menjar que els agrada als ocells petits i com els hi posarem a la caixa niu.<\/p>\n<p>Moltes gr\u00e0cies Liam i fam\u00edlia per aquest regal!<\/p>\n","protected":false},"excerpt":{"rendered":"<p><a href=\"https:\/\/agora.xtec.cat\/ceipvistaalegre\/infantil\/infantil-3-anys\/la-caixa-niu\/attachment\/photo-output-18-1-min\/\" rel=\"attachment wp-att-10041\"><\/a><br \/>\nFa uns dies que en Liam, de la classe dels Elefants, ens va portar una caixa niu per penjar-la al pati de l&#8217;escola i aix\u00ed poder donar refugi als ocells. Ens ha explicat que est\u00e0 pensada perqu\u00e8 hi puguin entrar nom\u00e9s petits&hellip;  <a href=\"https:\/\/agora.xtec.cat\/ceipvistaalegre\/infantil\/infantil-3-anys\/la-caixa-niu\/\" title=\"Read La caixa niu.\">Llegeix m\u00e9s\u00bb<\/a><\/p>\n","protected":false},"author":4,"featured_media":0,"comment_status":"open","ping_status":"closed","sticky":false,"template":"","format":"standard","meta":{"_bbp_topic_count":0,"_bbp_reply_count":0,"_bbp_total_topic_count":0,"_bbp_total_reply_count":0,"_bbp_voice_count":0,"_bbp_anonymous_reply_count":0,"_bbp_topic_count_hidden":0,"_bbp_reply_count_hidden":0,"_bbp_forum_subforum_count":0,"footnotes":""},"categories":[3],"tags":[121,314,315],"class_list":["post-10040","post","type-post","status-publish","format-standard","hentry","category-infantil-3-anys","tag-descoberta-entorn","tag-reptes","tag-situacions-daprenentatge"],"post_mailing_queue_ids":[],"_links":{"self":[{"href":"https:\/\/agora.xtec.cat\/ceipvistaalegre\/wp-json\/wp\/v2\/posts\/10040","targetHints":{"allow":["GET"]}}],"collection":[{"href":"https:\/\/agora.xtec.cat\/ceipvistaalegre\/wp-json\/wp\/v2\/posts"}],"about":[{"href":"https:\/\/agora.xtec.cat\/ceipvistaalegre\/wp-json\/wp\/v2\/types\/post"}],"author":[{"embeddable":true,"href":"https:\/\/agora.xtec.cat\/ceipvistaalegre\/wp-json\/wp\/v2\/users\/4"}],"replies":[{"embeddable":true,"href":"https:\/\/agora.xtec.cat\/ceipvistaalegre\/wp-json\/wp\/v2\/comments?post=10040"}],"version-history":[{"count":4,"href":"https:\/\/agora.xtec.cat\/ceipvistaalegre\/wp-json\/wp\/v2\/posts\/10040\/revisions"}],"predecessor-version":[{"id":10045,"href":"https:\/\/agora.xtec.cat\/ceipvistaalegre\/wp-json\/wp\/v2\/posts\/10040\/revisions\/10045"}],"wp:attachment":[{"href":"https:\/\/agora.xtec.cat\/ceipvistaalegre\/wp-json\/wp\/v2\/media?parent=10040"}],"wp:term":[{"taxonomy":"category","embeddable":true,"href":"https:\/\/agora.xtec.cat\/ceipvistaalegre\/wp-json\/wp\/v2\/categories?post=10040"},{"taxonomy":"post_tag","embeddable":true,"href":"https:\/\/agora.xtec.cat\/ceipvistaalegre\/wp-json\/wp\/v2\/tags?post=10040"}],"curies":[{"name":"wp","href":"https:\/\/api.w.org\/{rel}","templated":true}]}}