{"id":10019,"date":"2024-05-29T17:56:12","date_gmt":"2024-05-29T15:56:12","guid":{"rendered":"https:\/\/agora.xtec.cat\/ceipvistaalegre\/?p=10019"},"modified":"2024-05-29T17:56:12","modified_gmt":"2024-05-29T15:56:12","slug":"museu-dhistoria-de-catalunya","status":"publish","type":"post","link":"https:\/\/agora.xtec.cat\/ceipvistaalegre\/primaria\/6e\/museu-dhistoria-de-catalunya\/","title":{"rendered":"Museu d&#8217;hist\u00f2ria de Catalunya"},"content":{"rendered":"<p>Avui hem anat a Barcelona al Museu d&#8217;hist\u00f2ria de Catalunya, ha estat una visita guiada perqu\u00e8 ens han explicat l&#8217;evoluci\u00f3 de la tecnologia del s\u00edlex al xip. En aquesta activitat s&#8217;ha fet un itinerari per les sales del museu interactuant amb diferents objectes que han representat un abans i un despr\u00e9s en la menera de viure de les persones, i a trav\u00e9s de cadascun d&#8217;aquests enginys, analitzant les necessitats de la societat que els va crear.<\/p>\n<p>Tamb\u00e9 ens han explicat com aquesta tecnologia ajuda a resoldre les necessitats b\u00e0siques d&#8217;alimentaci\u00f3, transport i refugi, i com passem d&#8217;eines simples a maquin\u00e0ria complexa a mida que sumem coneixements. El recorregut tamb\u00e9 incideix en les fonts d&#8217;energia i l&#8217;impacte que t\u00e9 cada element en la societat de la seva \u00e8poca.<\/p>\n<p><img loading=\"lazy\" decoding=\"async\" class=\"alignnone  wp-image-10022\" src=\"https:\/\/agora.xtec.cat\/ceipvistaalegre\/wp-content\/uploads\/usu1936\/2024\/05\/WhatsApp-Image-2024-05-29-at-17.43.38-1024x768.jpeg\" alt=\"\" width=\"349\" height=\"262\" srcset=\"https:\/\/agora.xtec.cat\/ceipvistaalegre\/wp-content\/uploads\/usu1936\/2024\/05\/WhatsApp-Image-2024-05-29-at-17.43.38-1024x768.jpeg 1024w, https:\/\/agora.xtec.cat\/ceipvistaalegre\/wp-content\/uploads\/usu1936\/2024\/05\/WhatsApp-Image-2024-05-29-at-17.43.38-300x225.jpeg 300w, https:\/\/agora.xtec.cat\/ceipvistaalegre\/wp-content\/uploads\/usu1936\/2024\/05\/WhatsApp-Image-2024-05-29-at-17.43.38-768x576.jpeg 768w, https:\/\/agora.xtec.cat\/ceipvistaalegre\/wp-content\/uploads\/usu1936\/2024\/05\/WhatsApp-Image-2024-05-29-at-17.43.38-1536x1152.jpeg 1536w, https:\/\/agora.xtec.cat\/ceipvistaalegre\/wp-content\/uploads\/usu1936\/2024\/05\/WhatsApp-Image-2024-05-29-at-17.43.38-200x150.jpeg 200w, https:\/\/agora.xtec.cat\/ceipvistaalegre\/wp-content\/uploads\/usu1936\/2024\/05\/WhatsApp-Image-2024-05-29-at-17.43.38.jpeg 2048w\" sizes=\"auto, (max-width: 349px) 100vw, 349px\" \/><\/p>\n<p><img loading=\"lazy\" decoding=\"async\" class=\"alignnone  wp-image-10023\" src=\"https:\/\/agora.xtec.cat\/ceipvistaalegre\/wp-content\/uploads\/usu1936\/2024\/05\/WhatsApp-Image-2024-05-29-at-17.54.00-1024x768.jpeg\" alt=\"\" width=\"347\" height=\"261\" srcset=\"https:\/\/agora.xtec.cat\/ceipvistaalegre\/wp-content\/uploads\/usu1936\/2024\/05\/WhatsApp-Image-2024-05-29-at-17.54.00-1024x768.jpeg 1024w, https:\/\/agora.xtec.cat\/ceipvistaalegre\/wp-content\/uploads\/usu1936\/2024\/05\/WhatsApp-Image-2024-05-29-at-17.54.00-300x225.jpeg 300w, https:\/\/agora.xtec.cat\/ceipvistaalegre\/wp-content\/uploads\/usu1936\/2024\/05\/WhatsApp-Image-2024-05-29-at-17.54.00-768x576.jpeg 768w, https:\/\/agora.xtec.cat\/ceipvistaalegre\/wp-content\/uploads\/usu1936\/2024\/05\/WhatsApp-Image-2024-05-29-at-17.54.00-1536x1152.jpeg 1536w, https:\/\/agora.xtec.cat\/ceipvistaalegre\/wp-content\/uploads\/usu1936\/2024\/05\/WhatsApp-Image-2024-05-29-at-17.54.00-200x150.jpeg 200w, https:\/\/agora.xtec.cat\/ceipvistaalegre\/wp-content\/uploads\/usu1936\/2024\/05\/WhatsApp-Image-2024-05-29-at-17.54.00.jpeg 2048w\" sizes=\"auto, (max-width: 347px) 100vw, 347px\" \/><\/p>\n<p>&nbsp;<\/p>\n","protected":false},"excerpt":{"rendered":"<p>Avui hem anat a Barcelona al Museu d&#8217;hist\u00f2ria de Catalunya, ha estat una visita guiada perqu\u00e8 ens han explicat l&#8217;evoluci\u00f3 de la tecnologia del s\u00edlex al xip. En aquesta activitat s&#8217;ha fet un itinerari per les sales del museu interactuant amb diferents objectes que han&hellip;  <a href=\"https:\/\/agora.xtec.cat\/ceipvistaalegre\/primaria\/6e\/museu-dhistoria-de-catalunya\/\" title=\"Read Museu d&#8217;hist\u00f2ria de Catalunya\">Llegeix m\u00e9s\u00bb<\/a><\/p>\n","protected":false},"author":18,"featured_media":0,"comment_status":"open","ping_status":"closed","sticky":false,"template":"","format":"standard","meta":{"_bbp_topic_count":0,"_bbp_reply_count":0,"_bbp_total_topic_count":0,"_bbp_total_reply_count":0,"_bbp_voice_count":0,"_bbp_anonymous_reply_count":0,"_bbp_topic_count_hidden":0,"_bbp_reply_count_hidden":0,"_bbp_forum_subforum_count":0,"footnotes":""},"categories":[15],"tags":[],"class_list":["post-10019","post","type-post","status-publish","format-standard","hentry","category-6e"],"post_mailing_queue_ids":[],"_links":{"self":[{"href":"https:\/\/agora.xtec.cat\/ceipvistaalegre\/wp-json\/wp\/v2\/posts\/10019","targetHints":{"allow":["GET"]}}],"collection":[{"href":"https:\/\/agora.xtec.cat\/ceipvistaalegre\/wp-json\/wp\/v2\/posts"}],"about":[{"href":"https:\/\/agora.xtec.cat\/ceipvistaalegre\/wp-json\/wp\/v2\/types\/post"}],"author":[{"embeddable":true,"href":"https:\/\/agora.xtec.cat\/ceipvistaalegre\/wp-json\/wp\/v2\/users\/18"}],"replies":[{"embeddable":true,"href":"https:\/\/agora.xtec.cat\/ceipvistaalegre\/wp-json\/wp\/v2\/comments?post=10019"}],"version-history":[{"count":1,"href":"https:\/\/agora.xtec.cat\/ceipvistaalegre\/wp-json\/wp\/v2\/posts\/10019\/revisions"}],"predecessor-version":[{"id":10024,"href":"https:\/\/agora.xtec.cat\/ceipvistaalegre\/wp-json\/wp\/v2\/posts\/10019\/revisions\/10024"}],"wp:attachment":[{"href":"https:\/\/agora.xtec.cat\/ceipvistaalegre\/wp-json\/wp\/v2\/media?parent=10019"}],"wp:term":[{"taxonomy":"category","embeddable":true,"href":"https:\/\/agora.xtec.cat\/ceipvistaalegre\/wp-json\/wp\/v2\/categories?post=10019"},{"taxonomy":"post_tag","embeddable":true,"href":"https:\/\/agora.xtec.cat\/ceipvistaalegre\/wp-json\/wp\/v2\/tags?post=10019"}],"curies":[{"name":"wp","href":"https:\/\/api.w.org\/{rel}","templated":true}]}}