{"id":10014,"date":"2024-05-25T20:23:06","date_gmt":"2024-05-25T18:23:06","guid":{"rendered":"https:\/\/agora.xtec.cat\/ceipvistaalegre\/?p=10014"},"modified":"2024-05-25T20:24:19","modified_gmt":"2024-05-25T18:24:19","slug":"mesurem-els-gira-sols","status":"publish","type":"post","link":"https:\/\/agora.xtec.cat\/ceipvistaalegre\/infantil\/infantil-5-anys\/mesurem-els-gira-sols\/","title":{"rendered":"MESUREM ELS GIRA-SOLS"},"content":{"rendered":"<p>Despr\u00e8s d&#8217;observar i mesurar els nostres gira-sols, hem fet una conversa molt interessant sobre les nostres descobertes i les nostres idees:<\/p>\n<p>HAN CAIGUT ELS P\u00c8TALS D\u2019ALGUNS GIRA-SOLS.<\/p>\n<p>EL BOT\u00d3 COMEN\u00c7A A OMPLIR-SE DE PIPES MOLT PETITES.<\/p>\n<p>LA TIJA T\u00c9 UNS P\u00c8LS MOLT CURTETS I BLANCS PER ABRIGAR-SE DEL FRED I PER PROTEGIR-SE DELS INSECTES.<\/p>\n<p>ELS GIRA-SOLS QUE M\u00c9S HAN CRESCUT S\u00d3N ELS DE L\u2019HORT. S\u00d3N ELS M\u00c9S GRANS I ELS M\u00c9S ALTS. TENEN EL BOT\u00d3 MOLT GRAN. MESUREN 1 METRE AMB 59 CENT\u00cdMETRES.<\/p>\n<p>S\u00d3N MOLT M\u00c9S ALTS QUE UN NEN O NENA.<\/p>\n<p>S\u00d3N UNA MICA M\u00c9S BAIXETS QUE LA MESTRA.<\/p>\n<p>LES FULLES DELS GIRA-SOLS DE L\u2019HORT S\u00d3N M\u00c9S GRANS QUE LA M\u00c0 D\u2019UN NEN O NENA.<\/p>\n<p>PESEM QUE LES PIPES DELS GIRA-SOLS DE L\u2019HORT SERAN M\u00c9S GRANS QUE LES DELS TESTOS.<\/p>\n<p><a href=\"https:\/\/agora.xtec.cat\/ceipvistaalegre\/wp-content\/uploads\/usu1936\/2024\/05\/IMG_20240524_175831-2-scaled.jpg\"><img loading=\"lazy\" decoding=\"async\" class=\"alignnone size-large wp-image-10015\" src=\"https:\/\/agora.xtec.cat\/ceipvistaalegre\/wp-content\/uploads\/usu1936\/2024\/05\/IMG_20240524_175831-2-777x1024.jpg\" alt=\"\" width=\"777\" height=\"1024\" srcset=\"https:\/\/agora.xtec.cat\/ceipvistaalegre\/wp-content\/uploads\/usu1936\/2024\/05\/IMG_20240524_175831-2-777x1024.jpg 777w, https:\/\/agora.xtec.cat\/ceipvistaalegre\/wp-content\/uploads\/usu1936\/2024\/05\/IMG_20240524_175831-2-227x300.jpg 227w, https:\/\/agora.xtec.cat\/ceipvistaalegre\/wp-content\/uploads\/usu1936\/2024\/05\/IMG_20240524_175831-2-768x1013.jpg 768w, https:\/\/agora.xtec.cat\/ceipvistaalegre\/wp-content\/uploads\/usu1936\/2024\/05\/IMG_20240524_175831-2-1165x1536.jpg 1165w, https:\/\/agora.xtec.cat\/ceipvistaalegre\/wp-content\/uploads\/usu1936\/2024\/05\/IMG_20240524_175831-2-1553x2048.jpg 1553w, https:\/\/agora.xtec.cat\/ceipvistaalegre\/wp-content\/uploads\/usu1936\/2024\/05\/IMG_20240524_175831-2-scaled.jpg 1941w\" sizes=\"auto, (max-width: 777px) 100vw, 777px\" \/><\/a><\/p>\n","protected":false},"excerpt":{"rendered":"<p>Despr\u00e8s d&#8217;observar i mesurar els nostres gira-sols, hem fet una conversa molt interessant sobre les nostres descobertes i les nostres idees:<br \/>\nHAN CAIGUT ELS P\u00c8TALS D\u2019ALGUNS GIRA-SOLS.<br \/>\nEL BOT\u00d3 COMEN\u00c7A A OMPLIR-SE DE PIPES MOLT PETITES.<br \/>\nLA TIJA T\u00c9 UNS P\u00c8LS MOLT CURTETS I BLANCS PER ABRIGAR-SE DEL&hellip;  <a href=\"https:\/\/agora.xtec.cat\/ceipvistaalegre\/infantil\/infantil-5-anys\/mesurem-els-gira-sols\/\" title=\"Read MESUREM ELS GIRA-SOLS\">Llegeix m\u00e9s\u00bb<\/a><\/p>\n","protected":false},"author":15,"featured_media":0,"comment_status":"open","ping_status":"closed","sticky":false,"template":"","format":"standard","meta":{"_bbp_topic_count":0,"_bbp_reply_count":0,"_bbp_total_topic_count":0,"_bbp_total_reply_count":0,"_bbp_voice_count":0,"_bbp_anonymous_reply_count":0,"_bbp_topic_count_hidden":0,"_bbp_reply_count_hidden":0,"_bbp_forum_subforum_count":0,"footnotes":""},"categories":[225],"tags":[],"class_list":["post-10014","post","type-post","status-publish","format-standard","hentry","category-infantil-5-anys"],"post_mailing_queue_ids":[],"_links":{"self":[{"href":"https:\/\/agora.xtec.cat\/ceipvistaalegre\/wp-json\/wp\/v2\/posts\/10014","targetHints":{"allow":["GET"]}}],"collection":[{"href":"https:\/\/agora.xtec.cat\/ceipvistaalegre\/wp-json\/wp\/v2\/posts"}],"about":[{"href":"https:\/\/agora.xtec.cat\/ceipvistaalegre\/wp-json\/wp\/v2\/types\/post"}],"author":[{"embeddable":true,"href":"https:\/\/agora.xtec.cat\/ceipvistaalegre\/wp-json\/wp\/v2\/users\/15"}],"replies":[{"embeddable":true,"href":"https:\/\/agora.xtec.cat\/ceipvistaalegre\/wp-json\/wp\/v2\/comments?post=10014"}],"version-history":[{"count":3,"href":"https:\/\/agora.xtec.cat\/ceipvistaalegre\/wp-json\/wp\/v2\/posts\/10014\/revisions"}],"predecessor-version":[{"id":10018,"href":"https:\/\/agora.xtec.cat\/ceipvistaalegre\/wp-json\/wp\/v2\/posts\/10014\/revisions\/10018"}],"wp:attachment":[{"href":"https:\/\/agora.xtec.cat\/ceipvistaalegre\/wp-json\/wp\/v2\/media?parent=10014"}],"wp:term":[{"taxonomy":"category","embeddable":true,"href":"https:\/\/agora.xtec.cat\/ceipvistaalegre\/wp-json\/wp\/v2\/categories?post=10014"},{"taxonomy":"post_tag","embeddable":true,"href":"https:\/\/agora.xtec.cat\/ceipvistaalegre\/wp-json\/wp\/v2\/tags?post=10014"}],"curies":[{"name":"wp","href":"https:\/\/api.w.org\/{rel}","templated":true}]}}