{"id":10003,"date":"2024-05-22T11:47:44","date_gmt":"2024-05-22T09:47:44","guid":{"rendered":"https:\/\/agora.xtec.cat\/ceipvistaalegre\/?p=10003"},"modified":"2024-05-22T11:47:44","modified_gmt":"2024-05-22T09:47:44","slug":"fira-cueme","status":"publish","type":"post","link":"https:\/\/agora.xtec.cat\/ceipvistaalegre\/primaria\/5e\/fira-cueme\/","title":{"rendered":"Fira CUEME"},"content":{"rendered":"<h3 style=\"text-align: center;\">Gran \u00e8xit a la fira CUEME 2024<\/h3>\n<p><a href=\"https:\/\/agora.xtec.cat\/ceipvistaalegre\/wp-content\/uploads\/usu1936\/2024\/05\/Cueme-scaled.jpg\"><img loading=\"lazy\" decoding=\"async\" class=\" wp-image-10004 aligncenter\" src=\"https:\/\/agora.xtec.cat\/ceipvistaalegre\/wp-content\/uploads\/usu1936\/2024\/05\/Cueme-851x1024.jpg\" alt=\"\" width=\"343\" height=\"412\" srcset=\"https:\/\/agora.xtec.cat\/ceipvistaalegre\/wp-content\/uploads\/usu1936\/2024\/05\/Cueme-851x1024.jpg 851w, https:\/\/agora.xtec.cat\/ceipvistaalegre\/wp-content\/uploads\/usu1936\/2024\/05\/Cueme-249x300.jpg 249w, https:\/\/agora.xtec.cat\/ceipvistaalegre\/wp-content\/uploads\/usu1936\/2024\/05\/Cueme-768x924.jpg 768w, https:\/\/agora.xtec.cat\/ceipvistaalegre\/wp-content\/uploads\/usu1936\/2024\/05\/Cueme-1276x1536.jpg 1276w, https:\/\/agora.xtec.cat\/ceipvistaalegre\/wp-content\/uploads\/usu1936\/2024\/05\/Cueme-1702x2048.jpg 1702w\" sizes=\"auto, (max-width: 343px) 100vw, 343px\" \/><\/a><\/p>\n<p>El passat divendres 17 de maig a la tarda, va tenir lloc la Fira CUEME 2024. Una fira que va servir per a posar a la venda els productes de les cooperatives participants i fer visibles els projectes d&#8217;emprenedoria col\u00b7lectiva.<\/p>\n<p>Va ser impressionant veure tots els esfor\u00e7os que la COOPERAKIDS va posar perqu\u00e8 la fira sort\u00eds rodona. Despr\u00e9s de tot un curs treballant en equip, cooperant, col\u00b7laborant i creant, el resultat va ser espectacular.<\/p>\n<p><a href=\"https:\/\/agora.xtec.cat\/ceipvistaalegre\/wp-content\/uploads\/usu1936\/2024\/05\/IMG_1796-1-scaled.jpg\"><br \/>\n<img loading=\"lazy\" decoding=\"async\" class=\"wp-image-10005 aligncenter\" src=\"https:\/\/agora.xtec.cat\/ceipvistaalegre\/wp-content\/uploads\/usu1936\/2024\/05\/IMG_1796-1-1024x768.jpg\" alt=\"\" width=\"407\" height=\"306\" srcset=\"https:\/\/agora.xtec.cat\/ceipvistaalegre\/wp-content\/uploads\/usu1936\/2024\/05\/IMG_1796-1-1024x768.jpg 1024w, https:\/\/agora.xtec.cat\/ceipvistaalegre\/wp-content\/uploads\/usu1936\/2024\/05\/IMG_1796-1-300x225.jpg 300w, https:\/\/agora.xtec.cat\/ceipvistaalegre\/wp-content\/uploads\/usu1936\/2024\/05\/IMG_1796-1-768x576.jpg 768w, https:\/\/agora.xtec.cat\/ceipvistaalegre\/wp-content\/uploads\/usu1936\/2024\/05\/IMG_1796-1-1536x1152.jpg 1536w, https:\/\/agora.xtec.cat\/ceipvistaalegre\/wp-content\/uploads\/usu1936\/2024\/05\/IMG_1796-1-2048x1536.jpg 2048w, https:\/\/agora.xtec.cat\/ceipvistaalegre\/wp-content\/uploads\/usu1936\/2024\/05\/IMG_1796-1-200x150.jpg 200w\" sizes=\"auto, (max-width: 407px) 100vw, 407px\" \/><\/a><\/p>\n<p>Aprofitem per donar les gr\u00e0cies a totes les persones que van passar per la fira i van col\u00b7laborar amb la cooperativa de 5\u00e8.<\/p>\n","protected":false},"excerpt":{"rendered":"<p>Gran \u00e8xit a la fira CUEME 2024<br \/>\n<a href=\"https:\/\/agora.xtec.cat\/ceipvistaalegre\/wp-content\/uploads\/usu1936\/2024\/05\/Cueme-scaled.jpg\"><\/a><br \/>\nEl passat divendres 17 de maig a la tarda, va tenir lloc la Fira CUEME 2024. Una fira que va servir per a posar a la venda els productes de les cooperatives participants i fer visibles els projectes&hellip;  <a href=\"https:\/\/agora.xtec.cat\/ceipvistaalegre\/primaria\/5e\/fira-cueme\/\" title=\"Read Fira CUEME\">Llegeix m\u00e9s\u00bb<\/a><\/p>\n","protected":false},"author":3,"featured_media":0,"comment_status":"open","ping_status":"closed","sticky":false,"template":"","format":"standard","meta":{"_bbp_topic_count":0,"_bbp_reply_count":0,"_bbp_total_topic_count":0,"_bbp_total_reply_count":0,"_bbp_voice_count":0,"_bbp_anonymous_reply_count":0,"_bbp_topic_count_hidden":0,"_bbp_reply_count_hidden":0,"_bbp_forum_subforum_count":0,"footnotes":""},"categories":[14],"tags":[],"class_list":["post-10003","post","type-post","status-publish","format-standard","hentry","category-5e"],"post_mailing_queue_ids":[],"_links":{"self":[{"href":"https:\/\/agora.xtec.cat\/ceipvistaalegre\/wp-json\/wp\/v2\/posts\/10003","targetHints":{"allow":["GET"]}}],"collection":[{"href":"https:\/\/agora.xtec.cat\/ceipvistaalegre\/wp-json\/wp\/v2\/posts"}],"about":[{"href":"https:\/\/agora.xtec.cat\/ceipvistaalegre\/wp-json\/wp\/v2\/types\/post"}],"author":[{"embeddable":true,"href":"https:\/\/agora.xtec.cat\/ceipvistaalegre\/wp-json\/wp\/v2\/users\/3"}],"replies":[{"embeddable":true,"href":"https:\/\/agora.xtec.cat\/ceipvistaalegre\/wp-json\/wp\/v2\/comments?post=10003"}],"version-history":[{"count":1,"href":"https:\/\/agora.xtec.cat\/ceipvistaalegre\/wp-json\/wp\/v2\/posts\/10003\/revisions"}],"predecessor-version":[{"id":10006,"href":"https:\/\/agora.xtec.cat\/ceipvistaalegre\/wp-json\/wp\/v2\/posts\/10003\/revisions\/10006"}],"wp:attachment":[{"href":"https:\/\/agora.xtec.cat\/ceipvistaalegre\/wp-json\/wp\/v2\/media?parent=10003"}],"wp:term":[{"taxonomy":"category","embeddable":true,"href":"https:\/\/agora.xtec.cat\/ceipvistaalegre\/wp-json\/wp\/v2\/categories?post=10003"},{"taxonomy":"post_tag","embeddable":true,"href":"https:\/\/agora.xtec.cat\/ceipvistaalegre\/wp-json\/wp\/v2\/tags?post=10003"}],"curies":[{"name":"wp","href":"https:\/\/api.w.org\/{rel}","templated":true}]}}