{"id":10000,"date":"2024-05-22T10:43:08","date_gmt":"2024-05-22T08:43:08","guid":{"rendered":"https:\/\/agora.xtec.cat\/ceipvistaalegre\/?p=10000"},"modified":"2024-05-22T10:43:08","modified_gmt":"2024-05-22T08:43:08","slug":"sortida-llengua-i-entorn","status":"publish","type":"post","link":"https:\/\/agora.xtec.cat\/ceipvistaalegre\/portada\/sortida-llengua-i-entorn\/","title":{"rendered":"Sortida llengua i entorn"},"content":{"rendered":"<p><span style=\"font-family: inherit; font-size: 1em;\">L&#8217;escola s&#8217;ha adherit aquest curs al projecte SESSIONS DE CATAL\u00c0 adre\u00e7at a les FAM\u00cdLIES.<\/span><\/p>\n<p>Actualment hi ha 15 escoles a la ciutat de Matar\u00f3 d\u2019educaci\u00f3 infantil i prim\u00e0ria que duen a terme cursos de catal\u00e0 oral i escrit al llarg del curs escolar. Aquests cursos estan adre\u00e7ats especialment a pares i mares d\u2019origen estranger que tenen inter\u00e8s a con\u00e8ixer la llengua catalana.\u00a0 Aquest projecte \u00e9s el fruit de la implicaci\u00f3 de molts agents (Ajuntament de Matar\u00f3, MEM, CNL i \u00d2mnium) i permet a les mares i pares que porten els fills a l\u2019escola, s\u2019hi puguin quedar durant una tarda per fer aquests tallers de llengua catalana.<a href=\"https:\/\/agora.xtec.cat\/ceipvistaalegre\/wp-content\/uploads\/usu1936\/2024\/05\/IMG20240517110532-scaled.jpg\"><br \/>\n<img loading=\"lazy\" decoding=\"async\" class=\" wp-image-10001 aligncenter\" src=\"https:\/\/agora.xtec.cat\/ceipvistaalegre\/wp-content\/uploads\/usu1936\/2024\/05\/IMG20240517110532-759x1024.jpg\" alt=\"\" width=\"285\" height=\"385\" srcset=\"https:\/\/agora.xtec.cat\/ceipvistaalegre\/wp-content\/uploads\/usu1936\/2024\/05\/IMG20240517110532-759x1024.jpg 759w, https:\/\/agora.xtec.cat\/ceipvistaalegre\/wp-content\/uploads\/usu1936\/2024\/05\/IMG20240517110532-222x300.jpg 222w, https:\/\/agora.xtec.cat\/ceipvistaalegre\/wp-content\/uploads\/usu1936\/2024\/05\/IMG20240517110532-768x1037.jpg 768w, https:\/\/agora.xtec.cat\/ceipvistaalegre\/wp-content\/uploads\/usu1936\/2024\/05\/IMG20240517110532-1138x1536.jpg 1138w, https:\/\/agora.xtec.cat\/ceipvistaalegre\/wp-content\/uploads\/usu1936\/2024\/05\/IMG20240517110532-1517x2048.jpg 1517w, https:\/\/agora.xtec.cat\/ceipvistaalegre\/wp-content\/uploads\/usu1936\/2024\/05\/IMG20240517110532-scaled.jpg 1897w\" sizes=\"auto, (max-width: 285px) 100vw, 285px\" \/><\/a><\/p>\n<p>A la nostra escola, com a cloenda d&#8217;aquestes sessions de catal\u00e0 que finalitzaran a finals de maig, el grup de mares assistents, juntament amb la Dolors (mestra volunt\u00e0ria de catal\u00e0) i l&#8217;Albert (integrador social) van fer una sortida el divendres al mat\u00ed. Van passejar pel port i el passeig mar\u00edtim de Matar\u00f3, i tamb\u00e9 van compartir un esmorzar tots junts.<\/p>\n<p>Un mat\u00ed dist\u00e8s i molt divertit!<\/p>\n","protected":false},"excerpt":{"rendered":"<p>L&#8217;escola s&#8217;ha adherit aquest curs al projecte SESSIONS DE CATAL\u00c0 adre\u00e7at a les FAM\u00cdLIES.<br \/>\nActualment hi ha 15 escoles a la ciutat de Matar\u00f3 d\u2019educaci\u00f3 infantil i prim\u00e0ria que duen a terme cursos de catal\u00e0 oral i escrit al llarg del curs escolar. Aquests cursos estan&hellip;  <a href=\"https:\/\/agora.xtec.cat\/ceipvistaalegre\/portada\/sortida-llengua-i-entorn\/\" title=\"Read Sortida llengua i entorn\">Llegeix m\u00e9s\u00bb<\/a><\/p>\n","protected":false},"author":3,"featured_media":0,"comment_status":"open","ping_status":"closed","sticky":false,"template":"","format":"standard","meta":{"_bbp_topic_count":0,"_bbp_reply_count":0,"_bbp_total_topic_count":0,"_bbp_total_reply_count":0,"_bbp_voice_count":0,"_bbp_anonymous_reply_count":0,"_bbp_topic_count_hidden":0,"_bbp_reply_count_hidden":0,"_bbp_forum_subforum_count":0,"footnotes":""},"categories":[4],"tags":[],"class_list":["post-10000","post","type-post","status-publish","format-standard","hentry","category-portada"],"post_mailing_queue_ids":[],"_links":{"self":[{"href":"https:\/\/agora.xtec.cat\/ceipvistaalegre\/wp-json\/wp\/v2\/posts\/10000","targetHints":{"allow":["GET"]}}],"collection":[{"href":"https:\/\/agora.xtec.cat\/ceipvistaalegre\/wp-json\/wp\/v2\/posts"}],"about":[{"href":"https:\/\/agora.xtec.cat\/ceipvistaalegre\/wp-json\/wp\/v2\/types\/post"}],"author":[{"embeddable":true,"href":"https:\/\/agora.xtec.cat\/ceipvistaalegre\/wp-json\/wp\/v2\/users\/3"}],"replies":[{"embeddable":true,"href":"https:\/\/agora.xtec.cat\/ceipvistaalegre\/wp-json\/wp\/v2\/comments?post=10000"}],"version-history":[{"count":1,"href":"https:\/\/agora.xtec.cat\/ceipvistaalegre\/wp-json\/wp\/v2\/posts\/10000\/revisions"}],"predecessor-version":[{"id":10002,"href":"https:\/\/agora.xtec.cat\/ceipvistaalegre\/wp-json\/wp\/v2\/posts\/10000\/revisions\/10002"}],"wp:attachment":[{"href":"https:\/\/agora.xtec.cat\/ceipvistaalegre\/wp-json\/wp\/v2\/media?parent=10000"}],"wp:term":[{"taxonomy":"category","embeddable":true,"href":"https:\/\/agora.xtec.cat\/ceipvistaalegre\/wp-json\/wp\/v2\/categories?post=10000"},{"taxonomy":"post_tag","embeddable":true,"href":"https:\/\/agora.xtec.cat\/ceipvistaalegre\/wp-json\/wp\/v2\/tags?post=10000"}],"curies":[{"name":"wp","href":"https:\/\/api.w.org\/{rel}","templated":true}]}}