{"id":220,"count":44,"description":"<strong>Perqu\u00e8 un hort a l'escola?<\/strong>\r\nEl treball de l'hort a l'escola, \u00e9s la manera m\u00e9s adient d'oferir als nostres alumnes una educaci\u00f3 mediambiental, basada en la cura, respecte i defensa de la natura.\r\n\r\n<a href=\"https:\/\/agora.xtec.cat\/ceipvistaalegre\/wp-content\/uploads\/usu1936\/2026\/01\/IMG_20250209_231353-scaled-1.jpg\"><img class=\"alignnone size-large wp-image-12150\" src=\"https:\/\/agora.xtec.cat\/ceipvistaalegre\/wp-content\/uploads\/usu1936\/2026\/01\/IMG_20250209_231353-scaled-1-776x1024.jpg\" alt=\"\" width=\"776\" height=\"1024\" \/><\/a>\r\n<p style=\"padding-left: 80px;\"><\/p>\r\n\r\n<ul>\r\n \t<li>\u00c9s un espai d\u2019<strong>aprenentatge transversal, vivencial i experimental<\/strong>.<\/li>\r\n \t<li>\u00c9s un espai de\u00a0<strong>contacte amb la natura<\/strong>\u00a0i aix\u00f2 afavoreix el benestar psicol\u00f2gic i f\u00edsic dels infants.<\/li>\r\n \t<li>Potencia la transmissi\u00f3 del coneixement i els valors de la cura,\u00a0<strong>el respecte per l\u2019entorn<\/strong>, de l\u2019ecologia i la sostenibilitat.<\/li>\r\n \t<li>\u00c9s un espai de\u00a0<strong>participaci\u00f3 activa<\/strong>, de treball en equip i cooperaci\u00f3 entre els alumnes.<\/li>\r\n \t<li><strong>Estimula la intel\u00b7lig\u00e8ncia<\/strong>\u00a0i el desenvolupament sensorial dels infants.<\/li>\r\n \t<li>Afavoreix la comprensi\u00f3 de la proced\u00e8ncia dels aliments i\u00a0<strong>millora els h\u00e0bits alimentaris i saludables<\/strong>\u00a0dels infants.<\/li>\r\n<\/ul>","link":"https:\/\/agora.xtec.cat\/ceipvistaalegre\/categoria\/hort\/","name":"L'Hort del Vista Alegre","slug":"hort","taxonomy":"category","parent":0,"meta":[],"_links":{"self":[{"href":"https:\/\/agora.xtec.cat\/ceipvistaalegre\/wp-json\/wp\/v2\/categories\/220","targetHints":{"allow":["GET"]}}],"collection":[{"href":"https:\/\/agora.xtec.cat\/ceipvistaalegre\/wp-json\/wp\/v2\/categories"}],"about":[{"href":"https:\/\/agora.xtec.cat\/ceipvistaalegre\/wp-json\/wp\/v2\/taxonomies\/category"}],"wp:post_type":[{"href":"https:\/\/agora.xtec.cat\/ceipvistaalegre\/wp-json\/wp\/v2\/posts?categories=220"}],"curies":[{"name":"wp","href":"https:\/\/api.w.org\/{rel}","templated":true}]}}