{"id":6442,"date":"2025-12-04T14:51:10","date_gmt":"2025-12-04T13:51:10","guid":{"rendered":"https:\/\/agora.xtec.cat\/ceipvilademany\/?p=6442"},"modified":"2025-12-04T14:53:46","modified_gmt":"2025-12-04T13:53:46","slug":"firato-tots-amb-la-marato-de-tv3-3","status":"publish","type":"post","link":"https:\/\/agora.xtec.cat\/ceipvilademany\/portada\/firato-tots-amb-la-marato-de-tv3-3\/","title":{"rendered":"FIRAT\u00d3. TOTS AMB LA MARAT\u00d3 DE TV3"},"content":{"rendered":"<p>Dimarts 2 de desembre l\u2019escola\u00a0 va tornar a participar a la Marat\u00f3 de TV3, celebrant la <strong>FIRAT\u00d3,\u00a0<\/strong>on els alumnes van sortir\u00a0 al pati de l\u2019escola a vendre les seves creacions realitzades per l\u2019ocasi\u00f3. Tamb\u00e9 van vendre pons\u00e8ties i van fer un berenar solidari.<\/p>\n<h2><strong>RECAPTACI\u00d3 : 629&#8217;50 EUROS !!!!!<\/strong><\/h2>\n<p>Un cop feta la fira per la Marat\u00f3 de TV3 on els alumnes han pogut vendre les seves creacions, us informem que la recaptaci\u00f3 total ha estat de 629&#8217;50 euros, que\u00a0 es destinaran de manera \u00edntegra a la Marat\u00f3 de TV3.<\/p>\n<p>Agra\u00efm a les fam\u00edlies l&#8217;aportaci\u00f3 feta per una causat solid\u00e0ria.<\/p>\n<p>Va ser una tarda molt maca i solid\u00e0ria.<\/p>\n<p><img loading=\"lazy\" decoding=\"async\" class=\"alignnone wp-image-6443\" src=\"https:\/\/agora.xtec.cat\/ceipvilademany\/wp-content\/uploads\/usu610\/2025\/12\/IMG_20251204_102526-1024x459.jpg\" alt=\"\" width=\"756\" height=\"339\" srcset=\"https:\/\/agora.xtec.cat\/ceipvilademany\/wp-content\/uploads\/usu610\/2025\/12\/IMG_20251204_102526-1024x459.jpg 1024w, https:\/\/agora.xtec.cat\/ceipvilademany\/wp-content\/uploads\/usu610\/2025\/12\/IMG_20251204_102526-300x134.jpg 300w, https:\/\/agora.xtec.cat\/ceipvilademany\/wp-content\/uploads\/usu610\/2025\/12\/IMG_20251204_102526-768x344.jpg 768w, https:\/\/agora.xtec.cat\/ceipvilademany\/wp-content\/uploads\/usu610\/2025\/12\/IMG_20251204_102526.jpg 1312w\" sizes=\"auto, (max-width: 756px) 100vw, 756px\" \/> <img loading=\"lazy\" decoding=\"async\" class=\"alignnone wp-image-6452\" src=\"https:\/\/agora.xtec.cat\/ceipvilademany\/wp-content\/uploads\/usu610\/2025\/12\/20251107_100732-P-3-1024x768.jpg\" alt=\"\" width=\"535\" height=\"401\" srcset=\"https:\/\/agora.xtec.cat\/ceipvilademany\/wp-content\/uploads\/usu610\/2025\/12\/20251107_100732-P-3-1024x768.jpg 1024w, https:\/\/agora.xtec.cat\/ceipvilademany\/wp-content\/uploads\/usu610\/2025\/12\/20251107_100732-P-3-300x225.jpg 300w, https:\/\/agora.xtec.cat\/ceipvilademany\/wp-content\/uploads\/usu610\/2025\/12\/20251107_100732-P-3-768x576.jpg 768w, https:\/\/agora.xtec.cat\/ceipvilademany\/wp-content\/uploads\/usu610\/2025\/12\/20251107_100732-P-3-1536x1152.jpg 1536w, https:\/\/agora.xtec.cat\/ceipvilademany\/wp-content\/uploads\/usu610\/2025\/12\/20251107_100732-P-3-2048x1536.jpg 2048w, https:\/\/agora.xtec.cat\/ceipvilademany\/wp-content\/uploads\/usu610\/2025\/12\/20251107_100732-P-3-200x150.jpg 200w\" sizes=\"auto, (max-width: 535px) 100vw, 535px\" \/> <img loading=\"lazy\" decoding=\"async\" class=\"alignnone wp-image-6453\" src=\"https:\/\/agora.xtec.cat\/ceipvilademany\/wp-content\/uploads\/usu610\/2025\/12\/20251202_155629-P-1-1024x768.jpg\" alt=\"\" width=\"739\" height=\"554\" srcset=\"https:\/\/agora.xtec.cat\/ceipvilademany\/wp-content\/uploads\/usu610\/2025\/12\/20251202_155629-P-1-1024x768.jpg 1024w, https:\/\/agora.xtec.cat\/ceipvilademany\/wp-content\/uploads\/usu610\/2025\/12\/20251202_155629-P-1-300x225.jpg 300w, https:\/\/agora.xtec.cat\/ceipvilademany\/wp-content\/uploads\/usu610\/2025\/12\/20251202_155629-P-1-768x576.jpg 768w, https:\/\/agora.xtec.cat\/ceipvilademany\/wp-content\/uploads\/usu610\/2025\/12\/20251202_155629-P-1-1536x1152.jpg 1536w, https:\/\/agora.xtec.cat\/ceipvilademany\/wp-content\/uploads\/usu610\/2025\/12\/20251202_155629-P-1-2048x1536.jpg 2048w, https:\/\/agora.xtec.cat\/ceipvilademany\/wp-content\/uploads\/usu610\/2025\/12\/20251202_155629-P-1-200x150.jpg 200w\" sizes=\"auto, (max-width: 739px) 100vw, 739px\" \/> <img loading=\"lazy\" decoding=\"async\" class=\"alignnone wp-image-6454\" src=\"https:\/\/agora.xtec.cat\/ceipvilademany\/wp-content\/uploads\/usu610\/2025\/12\/1000096500-P-1-1024x768.jpg\" alt=\"\" width=\"504\" height=\"378\" srcset=\"https:\/\/agora.xtec.cat\/ceipvilademany\/wp-content\/uploads\/usu610\/2025\/12\/1000096500-P-1-1024x768.jpg 1024w, https:\/\/agora.xtec.cat\/ceipvilademany\/wp-content\/uploads\/usu610\/2025\/12\/1000096500-P-1-300x225.jpg 300w, https:\/\/agora.xtec.cat\/ceipvilademany\/wp-content\/uploads\/usu610\/2025\/12\/1000096500-P-1-768x576.jpg 768w, https:\/\/agora.xtec.cat\/ceipvilademany\/wp-content\/uploads\/usu610\/2025\/12\/1000096500-P-1-1536x1152.jpg 1536w, https:\/\/agora.xtec.cat\/ceipvilademany\/wp-content\/uploads\/usu610\/2025\/12\/1000096500-P-1-2048x1536.jpg 2048w, https:\/\/agora.xtec.cat\/ceipvilademany\/wp-content\/uploads\/usu610\/2025\/12\/1000096500-P-1-200x150.jpg 200w\" sizes=\"auto, (max-width: 504px) 100vw, 504px\" \/><\/p>\n<p><img loading=\"lazy\" decoding=\"async\" class=\"alignnone wp-image-6455\" src=\"https:\/\/agora.xtec.cat\/ceipvilademany\/wp-content\/uploads\/usu610\/2025\/12\/1000096495-P-1-1024x768.jpg\" alt=\"\" width=\"703\" height=\"527\" srcset=\"https:\/\/agora.xtec.cat\/ceipvilademany\/wp-content\/uploads\/usu610\/2025\/12\/1000096495-P-1-1024x768.jpg 1024w, https:\/\/agora.xtec.cat\/ceipvilademany\/wp-content\/uploads\/usu610\/2025\/12\/1000096495-P-1-300x225.jpg 300w, https:\/\/agora.xtec.cat\/ceipvilademany\/wp-content\/uploads\/usu610\/2025\/12\/1000096495-P-1-768x576.jpg 768w, https:\/\/agora.xtec.cat\/ceipvilademany\/wp-content\/uploads\/usu610\/2025\/12\/1000096495-P-1-1536x1152.jpg 1536w, https:\/\/agora.xtec.cat\/ceipvilademany\/wp-content\/uploads\/usu610\/2025\/12\/1000096495-P-1-2048x1536.jpg 2048w, https:\/\/agora.xtec.cat\/ceipvilademany\/wp-content\/uploads\/usu610\/2025\/12\/1000096495-P-1-200x150.jpg 200w\" sizes=\"auto, (max-width: 703px) 100vw, 703px\" \/> <img loading=\"lazy\" decoding=\"async\" class=\"alignnone wp-image-6457\" src=\"https:\/\/agora.xtec.cat\/ceipvilademany\/wp-content\/uploads\/usu610\/2025\/12\/1000096499-P-1-1024x768.jpg\" alt=\"\" width=\"667\" height=\"500\" srcset=\"https:\/\/agora.xtec.cat\/ceipvilademany\/wp-content\/uploads\/usu610\/2025\/12\/1000096499-P-1-1024x768.jpg 1024w, https:\/\/agora.xtec.cat\/ceipvilademany\/wp-content\/uploads\/usu610\/2025\/12\/1000096499-P-1-300x225.jpg 300w, https:\/\/agora.xtec.cat\/ceipvilademany\/wp-content\/uploads\/usu610\/2025\/12\/1000096499-P-1-768x576.jpg 768w, https:\/\/agora.xtec.cat\/ceipvilademany\/wp-content\/uploads\/usu610\/2025\/12\/1000096499-P-1-1536x1152.jpg 1536w, https:\/\/agora.xtec.cat\/ceipvilademany\/wp-content\/uploads\/usu610\/2025\/12\/1000096499-P-1-2048x1536.jpg 2048w, https:\/\/agora.xtec.cat\/ceipvilademany\/wp-content\/uploads\/usu610\/2025\/12\/1000096499-P-1-200x150.jpg 200w\" sizes=\"auto, (max-width: 667px) 100vw, 667px\" \/> <img loading=\"lazy\" decoding=\"async\" class=\"alignnone wp-image-6458\" src=\"https:\/\/agora.xtec.cat\/ceipvilademany\/wp-content\/uploads\/usu610\/2025\/12\/1000096500-P-2-1024x768.jpg\" alt=\"\" width=\"571\" height=\"428\" srcset=\"https:\/\/agora.xtec.cat\/ceipvilademany\/wp-content\/uploads\/usu610\/2025\/12\/1000096500-P-2-1024x768.jpg 1024w, https:\/\/agora.xtec.cat\/ceipvilademany\/wp-content\/uploads\/usu610\/2025\/12\/1000096500-P-2-300x225.jpg 300w, https:\/\/agora.xtec.cat\/ceipvilademany\/wp-content\/uploads\/usu610\/2025\/12\/1000096500-P-2-768x576.jpg 768w, https:\/\/agora.xtec.cat\/ceipvilademany\/wp-content\/uploads\/usu610\/2025\/12\/1000096500-P-2-1536x1152.jpg 1536w, https:\/\/agora.xtec.cat\/ceipvilademany\/wp-content\/uploads\/usu610\/2025\/12\/1000096500-P-2-2048x1536.jpg 2048w, https:\/\/agora.xtec.cat\/ceipvilademany\/wp-content\/uploads\/usu610\/2025\/12\/1000096500-P-2-200x150.jpg 200w\" sizes=\"auto, (max-width: 571px) 100vw, 571px\" \/> <img loading=\"lazy\" decoding=\"async\" class=\"alignnone wp-image-6459\" src=\"https:\/\/agora.xtec.cat\/ceipvilademany\/wp-content\/uploads\/usu610\/2025\/12\/1000096501-P-1-1024x768.jpg\" alt=\"\" width=\"576\" height=\"432\" srcset=\"https:\/\/agora.xtec.cat\/ceipvilademany\/wp-content\/uploads\/usu610\/2025\/12\/1000096501-P-1-1024x768.jpg 1024w, https:\/\/agora.xtec.cat\/ceipvilademany\/wp-content\/uploads\/usu610\/2025\/12\/1000096501-P-1-300x225.jpg 300w, https:\/\/agora.xtec.cat\/ceipvilademany\/wp-content\/uploads\/usu610\/2025\/12\/1000096501-P-1-768x576.jpg 768w, https:\/\/agora.xtec.cat\/ceipvilademany\/wp-content\/uploads\/usu610\/2025\/12\/1000096501-P-1-1536x1152.jpg 1536w, https:\/\/agora.xtec.cat\/ceipvilademany\/wp-content\/uploads\/usu610\/2025\/12\/1000096501-P-1-2048x1536.jpg 2048w, https:\/\/agora.xtec.cat\/ceipvilademany\/wp-content\/uploads\/usu610\/2025\/12\/1000096501-P-1-200x150.jpg 200w\" sizes=\"auto, (max-width: 576px) 100vw, 576px\" \/><\/p>\n","protected":false},"excerpt":{"rendered":"<p>Dimarts 2 de desembre l\u2019escola\u00a0 va tornar a participar a la Marat\u00f3 de TV3, celebrant la FIRAT\u00d3,\u00a0on els alumnes van sortir\u00a0 al pati de l\u2019escola a vendre les seves creacions realitzades per l\u2019ocasi\u00f3. Tamb\u00e9 van vendre pons\u00e8ties i van fer un berenar solidari.<br \/>\nRECAPTACI\u00d3 : 629&#8217;50&hellip;  <a href=\"https:\/\/agora.xtec.cat\/ceipvilademany\/portada\/firato-tots-amb-la-marato-de-tv3-3\/\" title=\"Read FIRAT\u00d3. TOTS AMB LA MARAT\u00d3 DE TV3\">Llegeix m\u00e9s\u00bb<\/a><\/p>\n","protected":false},"author":4,"featured_media":6443,"comment_status":"open","ping_status":"open","sticky":false,"template":"","format":"standard","meta":{"_bbp_topic_count":0,"_bbp_reply_count":0,"_bbp_total_topic_count":0,"_bbp_total_reply_count":0,"_bbp_voice_count":0,"_bbp_anonymous_reply_count":0,"_bbp_topic_count_hidden":0,"_bbp_reply_count_hidden":0,"_bbp_forum_subforum_count":0,"footnotes":""},"categories":[4],"tags":[],"class_list":["post-6442","post","type-post","status-publish","format-standard","has-post-thumbnail","hentry","category-portada"],"post_mailing_queue_ids":[],"_links":{"self":[{"href":"https:\/\/agora.xtec.cat\/ceipvilademany\/wp-json\/wp\/v2\/posts\/6442","targetHints":{"allow":["GET"]}}],"collection":[{"href":"https:\/\/agora.xtec.cat\/ceipvilademany\/wp-json\/wp\/v2\/posts"}],"about":[{"href":"https:\/\/agora.xtec.cat\/ceipvilademany\/wp-json\/wp\/v2\/types\/post"}],"author":[{"embeddable":true,"href":"https:\/\/agora.xtec.cat\/ceipvilademany\/wp-json\/wp\/v2\/users\/4"}],"replies":[{"embeddable":true,"href":"https:\/\/agora.xtec.cat\/ceipvilademany\/wp-json\/wp\/v2\/comments?post=6442"}],"version-history":[{"count":2,"href":"https:\/\/agora.xtec.cat\/ceipvilademany\/wp-json\/wp\/v2\/posts\/6442\/revisions"}],"predecessor-version":[{"id":6461,"href":"https:\/\/agora.xtec.cat\/ceipvilademany\/wp-json\/wp\/v2\/posts\/6442\/revisions\/6461"}],"wp:featuredmedia":[{"embeddable":true,"href":"https:\/\/agora.xtec.cat\/ceipvilademany\/wp-json\/wp\/v2\/media\/6443"}],"wp:attachment":[{"href":"https:\/\/agora.xtec.cat\/ceipvilademany\/wp-json\/wp\/v2\/media?parent=6442"}],"wp:term":[{"taxonomy":"category","embeddable":true,"href":"https:\/\/agora.xtec.cat\/ceipvilademany\/wp-json\/wp\/v2\/categories?post=6442"},{"taxonomy":"post_tag","embeddable":true,"href":"https:\/\/agora.xtec.cat\/ceipvilademany\/wp-json\/wp\/v2\/tags?post=6442"}],"curies":[{"name":"wp","href":"https:\/\/api.w.org\/{rel}","templated":true}]}}