{"id":1733,"date":"2019-06-18T12:41:06","date_gmt":"2019-06-18T10:41:06","guid":{"rendered":"http:\/\/agora.xtec.cat\/ceipvilademany\/?p=1733"},"modified":"2019-06-19T08:47:07","modified_gmt":"2019-06-19T06:47:07","slug":"premi-camara-arrossera-del-montsia","status":"publish","type":"post","link":"https:\/\/agora.xtec.cat\/ceipvilademany\/portada\/premi-camara-arrossera-del-montsia\/","title":{"rendered":"Premi C\u00e0mara Arrossera del Montsi\u00e0"},"content":{"rendered":"<p>El passat cap de setmana la Marta Masferrer de 3r de Prim\u00e0ria i la seva fam\u00edlia van anar al Delta de l&#8217;Ebre per gaudir del premi que va guanyar la Marta amb la redacci\u00f3 sobre l&#8217;arr\u00f2s.<\/p>\n<p>Juntament amb els altres 9 guanyadors de les 475 escoles participants d&#8217;arreu de Catalunya.<\/p>\n<p>Felicitats Marta!<\/p>\n<p><a href=\"https:\/\/www.youtube.com\/watch?v=iTfoz6s6gDA&amp;feature=youtu.be\">Enlla\u00e7 al v\u00eddeo<\/a><\/p>\n<p>Vegeu unes fotos de les activitats que van fer<\/p>\n<p><a href=\"https:\/\/agora.xtec.cat\/ceipvilademany\/wp-content\/uploads\/usu610\/2019\/06\/IMG-20190616-WA0018.jpg\"><img loading=\"lazy\" decoding=\"async\" class=\"alignnone size-large wp-image-1734\" src=\"https:\/\/agora.xtec.cat\/ceipvilademany\/wp-content\/uploads\/usu610\/2019\/06\/IMG-20190616-WA0018-1024x768.jpg\" alt=\"\" width=\"1024\" height=\"768\" srcset=\"https:\/\/agora.xtec.cat\/ceipvilademany\/wp-content\/uploads\/usu610\/2019\/06\/IMG-20190616-WA0018-1024x768.jpg 1024w, https:\/\/agora.xtec.cat\/ceipvilademany\/wp-content\/uploads\/usu610\/2019\/06\/IMG-20190616-WA0018-300x225.jpg 300w, https:\/\/agora.xtec.cat\/ceipvilademany\/wp-content\/uploads\/usu610\/2019\/06\/IMG-20190616-WA0018-768x576.jpg 768w, https:\/\/agora.xtec.cat\/ceipvilademany\/wp-content\/uploads\/usu610\/2019\/06\/IMG-20190616-WA0018-200x150.jpg 200w, https:\/\/agora.xtec.cat\/ceipvilademany\/wp-content\/uploads\/usu610\/2019\/06\/IMG-20190616-WA0018.jpg 1600w\" sizes=\"auto, (max-width: 1024px) 100vw, 1024px\" \/><\/a> <a href=\"https:\/\/agora.xtec.cat\/ceipvilademany\/wp-content\/uploads\/usu610\/2019\/06\/IMG-20190616-WA0022.jpg\"><img loading=\"lazy\" decoding=\"async\" class=\"alignnone size-large wp-image-1735\" src=\"https:\/\/agora.xtec.cat\/ceipvilademany\/wp-content\/uploads\/usu610\/2019\/06\/IMG-20190616-WA0022-1024x768.jpg\" alt=\"\" width=\"1024\" height=\"768\" srcset=\"https:\/\/agora.xtec.cat\/ceipvilademany\/wp-content\/uploads\/usu610\/2019\/06\/IMG-20190616-WA0022-1024x768.jpg 1024w, https:\/\/agora.xtec.cat\/ceipvilademany\/wp-content\/uploads\/usu610\/2019\/06\/IMG-20190616-WA0022-300x225.jpg 300w, https:\/\/agora.xtec.cat\/ceipvilademany\/wp-content\/uploads\/usu610\/2019\/06\/IMG-20190616-WA0022-768x576.jpg 768w, https:\/\/agora.xtec.cat\/ceipvilademany\/wp-content\/uploads\/usu610\/2019\/06\/IMG-20190616-WA0022-200x150.jpg 200w, https:\/\/agora.xtec.cat\/ceipvilademany\/wp-content\/uploads\/usu610\/2019\/06\/IMG-20190616-WA0022.jpg 1600w\" sizes=\"auto, (max-width: 1024px) 100vw, 1024px\" \/><\/a> <a href=\"https:\/\/agora.xtec.cat\/ceipvilademany\/wp-content\/uploads\/usu610\/2019\/06\/IMG-20190616-WA0023.jpg\"><img loading=\"lazy\" decoding=\"async\" class=\"alignnone size-large wp-image-1736\" src=\"https:\/\/agora.xtec.cat\/ceipvilademany\/wp-content\/uploads\/usu610\/2019\/06\/IMG-20190616-WA0023-768x1024.jpg\" alt=\"\" width=\"768\" height=\"1024\" srcset=\"https:\/\/agora.xtec.cat\/ceipvilademany\/wp-content\/uploads\/usu610\/2019\/06\/IMG-20190616-WA0023-768x1024.jpg 768w, https:\/\/agora.xtec.cat\/ceipvilademany\/wp-content\/uploads\/usu610\/2019\/06\/IMG-20190616-WA0023-225x300.jpg 225w, https:\/\/agora.xtec.cat\/ceipvilademany\/wp-content\/uploads\/usu610\/2019\/06\/IMG-20190616-WA0023.jpg 1200w\" sizes=\"auto, (max-width: 768px) 100vw, 768px\" \/><\/a> <a href=\"https:\/\/agora.xtec.cat\/ceipvilademany\/wp-content\/uploads\/usu610\/2019\/06\/IMG-20190616-WA0025.jpg\"><img loading=\"lazy\" decoding=\"async\" class=\"alignnone size-large wp-image-1737\" src=\"https:\/\/agora.xtec.cat\/ceipvilademany\/wp-content\/uploads\/usu610\/2019\/06\/IMG-20190616-WA0025-768x1024.jpg\" alt=\"\" width=\"768\" height=\"1024\" srcset=\"https:\/\/agora.xtec.cat\/ceipvilademany\/wp-content\/uploads\/usu610\/2019\/06\/IMG-20190616-WA0025-768x1024.jpg 768w, https:\/\/agora.xtec.cat\/ceipvilademany\/wp-content\/uploads\/usu610\/2019\/06\/IMG-20190616-WA0025-225x300.jpg 225w, https:\/\/agora.xtec.cat\/ceipvilademany\/wp-content\/uploads\/usu610\/2019\/06\/IMG-20190616-WA0025.jpg 1200w\" sizes=\"auto, (max-width: 768px) 100vw, 768px\" \/><\/a> <a href=\"https:\/\/agora.xtec.cat\/ceipvilademany\/wp-content\/uploads\/usu610\/2019\/06\/IMG-20190616-WA0026.jpg\"><img loading=\"lazy\" decoding=\"async\" class=\"alignnone size-large wp-image-1738\" src=\"https:\/\/agora.xtec.cat\/ceipvilademany\/wp-content\/uploads\/usu610\/2019\/06\/IMG-20190616-WA0026-1024x768.jpg\" alt=\"\" width=\"1024\" height=\"768\" srcset=\"https:\/\/agora.xtec.cat\/ceipvilademany\/wp-content\/uploads\/usu610\/2019\/06\/IMG-20190616-WA0026-1024x768.jpg 1024w, https:\/\/agora.xtec.cat\/ceipvilademany\/wp-content\/uploads\/usu610\/2019\/06\/IMG-20190616-WA0026-300x225.jpg 300w, https:\/\/agora.xtec.cat\/ceipvilademany\/wp-content\/uploads\/usu610\/2019\/06\/IMG-20190616-WA0026-768x576.jpg 768w, https:\/\/agora.xtec.cat\/ceipvilademany\/wp-content\/uploads\/usu610\/2019\/06\/IMG-20190616-WA0026-200x150.jpg 200w, https:\/\/agora.xtec.cat\/ceipvilademany\/wp-content\/uploads\/usu610\/2019\/06\/IMG-20190616-WA0026.jpg 1600w\" sizes=\"auto, (max-width: 1024px) 100vw, 1024px\" \/><\/a><\/p>\n","protected":false},"excerpt":{"rendered":"<p>El passat cap de setmana la Marta Masferrer de 3r de Prim\u00e0ria i la seva fam\u00edlia van anar al Delta de l&#8217;Ebre per gaudir del premi que va guanyar la Marta amb la redacci\u00f3 sobre l&#8217;arr\u00f2s.<br \/>\nJuntament amb els altres 9 guanyadors de les 475 escoles&hellip;  <a href=\"https:\/\/agora.xtec.cat\/ceipvilademany\/portada\/premi-camara-arrossera-del-montsia\/\" title=\"Read Premi C\u00e0mara Arrossera del Montsi\u00e0\">Llegeix m\u00e9s\u00bb<\/a><\/p>\n","protected":false},"author":1,"featured_media":1741,"comment_status":"open","ping_status":"closed","sticky":false,"template":"","format":"standard","meta":{"_bbp_topic_count":0,"_bbp_reply_count":0,"_bbp_total_topic_count":0,"_bbp_total_reply_count":0,"_bbp_voice_count":0,"_bbp_anonymous_reply_count":0,"_bbp_topic_count_hidden":0,"_bbp_reply_count_hidden":0,"_bbp_forum_subforum_count":0,"footnotes":""},"categories":[4],"tags":[],"class_list":["post-1733","post","type-post","status-publish","format-standard","has-post-thumbnail","hentry","category-portada"],"post_mailing_queue_ids":[],"_links":{"self":[{"href":"https:\/\/agora.xtec.cat\/ceipvilademany\/wp-json\/wp\/v2\/posts\/1733","targetHints":{"allow":["GET"]}}],"collection":[{"href":"https:\/\/agora.xtec.cat\/ceipvilademany\/wp-json\/wp\/v2\/posts"}],"about":[{"href":"https:\/\/agora.xtec.cat\/ceipvilademany\/wp-json\/wp\/v2\/types\/post"}],"author":[{"embeddable":true,"href":"https:\/\/agora.xtec.cat\/ceipvilademany\/wp-json\/wp\/v2\/users\/1"}],"replies":[{"embeddable":true,"href":"https:\/\/agora.xtec.cat\/ceipvilademany\/wp-json\/wp\/v2\/comments?post=1733"}],"version-history":[{"count":3,"href":"https:\/\/agora.xtec.cat\/ceipvilademany\/wp-json\/wp\/v2\/posts\/1733\/revisions"}],"predecessor-version":[{"id":1743,"href":"https:\/\/agora.xtec.cat\/ceipvilademany\/wp-json\/wp\/v2\/posts\/1733\/revisions\/1743"}],"wp:featuredmedia":[{"embeddable":true,"href":"https:\/\/agora.xtec.cat\/ceipvilademany\/wp-json\/wp\/v2\/media\/1741"}],"wp:attachment":[{"href":"https:\/\/agora.xtec.cat\/ceipvilademany\/wp-json\/wp\/v2\/media?parent=1733"}],"wp:term":[{"taxonomy":"category","embeddable":true,"href":"https:\/\/agora.xtec.cat\/ceipvilademany\/wp-json\/wp\/v2\/categories?post=1733"},{"taxonomy":"post_tag","embeddable":true,"href":"https:\/\/agora.xtec.cat\/ceipvilademany\/wp-json\/wp\/v2\/tags?post=1733"}],"curies":[{"name":"wp","href":"https:\/\/api.w.org\/{rel}","templated":true}]}}