{"id":4504,"date":"2026-04-24T22:24:41","date_gmt":"2026-04-24T20:24:41","guid":{"rendered":"https:\/\/agora.xtec.cat\/ceipvallpalau\/?p=4504"},"modified":"2026-04-24T22:27:05","modified_gmt":"2026-04-24T20:27:05","slug":"la-diada-de-sant-jordi","status":"publish","type":"post","link":"https:\/\/agora.xtec.cat\/ceipvallpalau\/general\/la-diada-de-sant-jordi\/","title":{"rendered":"La diada de Sant Jordi"},"content":{"rendered":"<p data-pm-slice=\"1 1 []\">La diada de Sant Jordi ha estat ben especial, plena d\u2019il\u00b7lusi\u00f3 i m\u00e0gia. Hem participat en tallers, teatres, apr\u00e8s l&#8217;art de l\u2019enquadernaci\u00f3, ens han visitat bibliotec\u00e0ries i hem escoltat hist\u00f2ries fascinants en els contacontes.<\/p>\n<p>I com era d\u2019esperar, hem viscut un dels moments m\u00e9s esperats, amb la representaci\u00f3 de la llegenda de Sant Jordi, a c\u00e0rrec dels alumnes de cinqu\u00e8, que ens han fet gaudir d\u2019una actuaci\u00f3 plena d\u2019entusiasme i emoci\u00f3.<\/p>\n<p>Ha estat una jornada viscuda amb intensitat que ens recorda la import\u00e0ncia de la lectura, la cultura i les tradicions. Sens dubte, un Sant Jordi per recordar!<\/p>\n<p style=\"text-align: center;\"><a href=\"https:\/\/agora.xtec.cat\/ceipvallpalau\/wp-content\/uploads\/usu984\/2026\/04\/punt-de-llibre.png\"><img loading=\"lazy\" decoding=\"async\" class=\"alignnone size-full wp-image-4505\" src=\"https:\/\/agora.xtec.cat\/ceipvallpalau\/wp-content\/uploads\/usu984\/2026\/04\/punt-de-llibre.png\" alt=\"\" width=\"265\" height=\"266\" srcset=\"https:\/\/agora.xtec.cat\/ceipvallpalau\/wp-content\/uploads\/usu984\/2026\/04\/punt-de-llibre.png 265w, https:\/\/agora.xtec.cat\/ceipvallpalau\/wp-content\/uploads\/usu984\/2026\/04\/punt-de-llibre-150x150.png 150w\" sizes=\"auto, (max-width: 265px) 100vw, 265px\" \/><\/a><\/p>\n","protected":false},"excerpt":{"rendered":"<p>La diada de Sant Jordi ha estat ben especial, plena d\u2019il\u00b7lusi\u00f3 i m\u00e0gia. Hem participat en tallers, teatres, apr\u00e8s l&#8217;art de l\u2019enquadernaci\u00f3, ens han visitat bibliotec\u00e0ries i hem escoltat hist\u00f2ries fascinants en els contacontes.<br \/>\nI com era d\u2019esperar, hem viscut un dels moments m\u00e9s esperats, amb&hellip;  <a href=\"https:\/\/agora.xtec.cat\/ceipvallpalau\/general\/la-diada-de-sant-jordi\/\" title=\"Read La diada de Sant Jordi\">Llegeix m\u00e9s\u00bb<\/a><\/p>\n","protected":false},"author":35,"featured_media":4505,"comment_status":"open","ping_status":"open","sticky":false,"template":"","format":"standard","meta":{"_bbp_topic_count":0,"_bbp_reply_count":0,"_bbp_total_topic_count":0,"_bbp_total_reply_count":0,"_bbp_voice_count":0,"_bbp_anonymous_reply_count":0,"_bbp_topic_count_hidden":0,"_bbp_reply_count_hidden":0,"_bbp_forum_subforum_count":0,"footnotes":""},"categories":[62,1,4,5],"tags":[],"class_list":["post-4504","post","type-post","status-publish","format-standard","has-post-thumbnail","hentry","category-com-grans","category-general","category-portada","category-primaria"],"post_mailing_queue_ids":[],"_links":{"self":[{"href":"https:\/\/agora.xtec.cat\/ceipvallpalau\/wp-json\/wp\/v2\/posts\/4504","targetHints":{"allow":["GET"]}}],"collection":[{"href":"https:\/\/agora.xtec.cat\/ceipvallpalau\/wp-json\/wp\/v2\/posts"}],"about":[{"href":"https:\/\/agora.xtec.cat\/ceipvallpalau\/wp-json\/wp\/v2\/types\/post"}],"author":[{"embeddable":true,"href":"https:\/\/agora.xtec.cat\/ceipvallpalau\/wp-json\/wp\/v2\/users\/35"}],"replies":[{"embeddable":true,"href":"https:\/\/agora.xtec.cat\/ceipvallpalau\/wp-json\/wp\/v2\/comments?post=4504"}],"version-history":[{"count":2,"href":"https:\/\/agora.xtec.cat\/ceipvallpalau\/wp-json\/wp\/v2\/posts\/4504\/revisions"}],"predecessor-version":[{"id":4507,"href":"https:\/\/agora.xtec.cat\/ceipvallpalau\/wp-json\/wp\/v2\/posts\/4504\/revisions\/4507"}],"wp:featuredmedia":[{"embeddable":true,"href":"https:\/\/agora.xtec.cat\/ceipvallpalau\/wp-json\/wp\/v2\/media\/4505"}],"wp:attachment":[{"href":"https:\/\/agora.xtec.cat\/ceipvallpalau\/wp-json\/wp\/v2\/media?parent=4504"}],"wp:term":[{"taxonomy":"category","embeddable":true,"href":"https:\/\/agora.xtec.cat\/ceipvallpalau\/wp-json\/wp\/v2\/categories?post=4504"},{"taxonomy":"post_tag","embeddable":true,"href":"https:\/\/agora.xtec.cat\/ceipvallpalau\/wp-json\/wp\/v2\/tags?post=4504"}],"curies":[{"name":"wp","href":"https:\/\/api.w.org\/{rel}","templated":true}]}}