{"id":4350,"date":"2025-11-21T09:36:11","date_gmt":"2025-11-21T08:36:11","guid":{"rendered":"https:\/\/agora.xtec.cat\/ceipvallpalau\/?p=4350"},"modified":"2025-11-26T09:54:56","modified_gmt":"2025-11-26T08:54:56","slug":"celebrem-santa-cecilia-amb-molt-de-ritme-i-talent","status":"publish","type":"post","link":"https:\/\/agora.xtec.cat\/ceipvallpalau\/general\/celebrem-santa-cecilia-amb-molt-de-ritme-i-talent\/","title":{"rendered":"Celebrem Santa Cec\u00edlia amb molt de ritme i talent!"},"content":{"rendered":"<p data-start=\"251\" data-end=\"456\">El divendres <strong data-start=\"264\" data-end=\"282\">21 de novembre<\/strong>, a la tarda, vam celebrar <strong data-start=\"309\" data-end=\"326\">Santa Cec\u00edlia<\/strong>, patrona de la m\u00fasica, amb una festa molt especial al <strong data-start=\"381\" data-end=\"401\">pati de l\u2019escola<\/strong>. Va ser una tarda plena de ritme, emoci\u00f3 i molt d&#8217;art!<\/p>\n<p data-start=\"458\" data-end=\"725\">Diversos <strong data-start=\"467\" data-end=\"489\">alumnes voluntaris<\/strong> de diferents cursos van pujar a l\u2019escenari per <strong data-start=\"537\" data-end=\"575\">cantar, ballar i tocar instruments<\/strong>, compartint amb tota la comunitat educativa les seves habilitats i la seva passi\u00f3 per la m\u00fasica. Cada actuaci\u00f3 va ser \u00fanica i carregada d\u2019entusiasme!<\/p>\n<p data-start=\"727\" data-end=\"896\">L\u2019ambient va ser festiu i acollidor, i vam viure moments m\u00e0gics que ens recorden la import\u00e0ncia de la m\u00fasica com a expressi\u00f3 art\u00edstica, eina de cohesi\u00f3 i font d\u2019alegria.<\/p>\n<p data-start=\"898\" data-end=\"1016\">Gr\u00e0cies a tots els participants per la vostra valentia i talent, i tamb\u00e9 al p\u00fablic per l\u2019escalf i els aplaudiments! \ud83c\udfb6<img loading=\"lazy\" decoding=\"async\" class=\"aligncenter size-large wp-image-4351\" src=\"https:\/\/agora.xtec.cat\/ceipvallpalau\/wp-content\/uploads\/usu984\/2025\/11\/santa-cecilia-2025-768x1024.jpeg\" alt=\"\" width=\"768\" height=\"1024\" srcset=\"https:\/\/agora.xtec.cat\/ceipvallpalau\/wp-content\/uploads\/usu984\/2025\/11\/santa-cecilia-2025-768x1024.jpeg 768w, https:\/\/agora.xtec.cat\/ceipvallpalau\/wp-content\/uploads\/usu984\/2025\/11\/santa-cecilia-2025-225x300.jpeg 225w, https:\/\/agora.xtec.cat\/ceipvallpalau\/wp-content\/uploads\/usu984\/2025\/11\/santa-cecilia-2025-1152x1536.jpeg 1152w, https:\/\/agora.xtec.cat\/ceipvallpalau\/wp-content\/uploads\/usu984\/2025\/11\/santa-cecilia-2025.jpeg 1536w\" sizes=\"auto, (max-width: 768px) 100vw, 768px\" \/> <img loading=\"lazy\" decoding=\"async\" class=\"aligncenter size-large wp-image-4352\" src=\"https:\/\/agora.xtec.cat\/ceipvallpalau\/wp-content\/uploads\/usu984\/2025\/11\/santa-cecilia-768x1024.jpeg\" alt=\"\" width=\"768\" height=\"1024\" srcset=\"https:\/\/agora.xtec.cat\/ceipvallpalau\/wp-content\/uploads\/usu984\/2025\/11\/santa-cecilia-768x1024.jpeg 768w, https:\/\/agora.xtec.cat\/ceipvallpalau\/wp-content\/uploads\/usu984\/2025\/11\/santa-cecilia-225x300.jpeg 225w, https:\/\/agora.xtec.cat\/ceipvallpalau\/wp-content\/uploads\/usu984\/2025\/11\/santa-cecilia-1152x1536.jpeg 1152w, https:\/\/agora.xtec.cat\/ceipvallpalau\/wp-content\/uploads\/usu984\/2025\/11\/santa-cecilia.jpeg 1536w\" sizes=\"auto, (max-width: 768px) 100vw, 768px\" \/><\/p>\n","protected":false},"excerpt":{"rendered":"<p>El divendres 21 de novembre, a la tarda, vam celebrar Santa Cec\u00edlia, patrona de la m\u00fasica, amb una festa molt especial al pati de l\u2019escola. Va ser una tarda plena de ritme, emoci\u00f3 i molt d&#8217;art!<br \/>\nDiversos alumnes voluntaris de diferents cursos van pujar a l\u2019escenari&hellip;  <a href=\"https:\/\/agora.xtec.cat\/ceipvallpalau\/general\/celebrem-santa-cecilia-amb-molt-de-ritme-i-talent\/\" title=\"Read Celebrem Santa Cec\u00edlia amb molt de ritme i talent!\">Llegeix m\u00e9s\u00bb<\/a><\/p>\n","protected":false},"author":1,"featured_media":4351,"comment_status":"open","ping_status":"open","sticky":false,"template":"","format":"standard","meta":{"_bbp_topic_count":0,"_bbp_reply_count":0,"_bbp_total_topic_count":0,"_bbp_total_reply_count":0,"_bbp_voice_count":0,"_bbp_anonymous_reply_count":0,"_bbp_topic_count_hidden":0,"_bbp_reply_count_hidden":0,"_bbp_forum_subforum_count":0,"footnotes":""},"categories":[2,1,4,5],"tags":[],"class_list":["post-4350","post","type-post","status-publish","format-standard","has-post-thumbnail","hentry","category-petits","category-general","category-portada","category-primaria"],"post_mailing_queue_ids":[],"_links":{"self":[{"href":"https:\/\/agora.xtec.cat\/ceipvallpalau\/wp-json\/wp\/v2\/posts\/4350","targetHints":{"allow":["GET"]}}],"collection":[{"href":"https:\/\/agora.xtec.cat\/ceipvallpalau\/wp-json\/wp\/v2\/posts"}],"about":[{"href":"https:\/\/agora.xtec.cat\/ceipvallpalau\/wp-json\/wp\/v2\/types\/post"}],"author":[{"embeddable":true,"href":"https:\/\/agora.xtec.cat\/ceipvallpalau\/wp-json\/wp\/v2\/users\/1"}],"replies":[{"embeddable":true,"href":"https:\/\/agora.xtec.cat\/ceipvallpalau\/wp-json\/wp\/v2\/comments?post=4350"}],"version-history":[{"count":1,"href":"https:\/\/agora.xtec.cat\/ceipvallpalau\/wp-json\/wp\/v2\/posts\/4350\/revisions"}],"predecessor-version":[{"id":4353,"href":"https:\/\/agora.xtec.cat\/ceipvallpalau\/wp-json\/wp\/v2\/posts\/4350\/revisions\/4353"}],"wp:featuredmedia":[{"embeddable":true,"href":"https:\/\/agora.xtec.cat\/ceipvallpalau\/wp-json\/wp\/v2\/media\/4351"}],"wp:attachment":[{"href":"https:\/\/agora.xtec.cat\/ceipvallpalau\/wp-json\/wp\/v2\/media?parent=4350"}],"wp:term":[{"taxonomy":"category","embeddable":true,"href":"https:\/\/agora.xtec.cat\/ceipvallpalau\/wp-json\/wp\/v2\/categories?post=4350"},{"taxonomy":"post_tag","embeddable":true,"href":"https:\/\/agora.xtec.cat\/ceipvallpalau\/wp-json\/wp\/v2\/tags?post=4350"}],"curies":[{"name":"wp","href":"https:\/\/api.w.org\/{rel}","templated":true}]}}