{"id":4212,"date":"2025-05-06T09:00:30","date_gmt":"2025-05-06T07:00:30","guid":{"rendered":"https:\/\/agora.xtec.cat\/ceipvallpalau\/?p=4212"},"modified":"2025-05-05T19:15:45","modified_gmt":"2025-05-05T17:15:45","slug":"i4-anem-a-fer-un-taller-de-terrisseria","status":"publish","type":"post","link":"https:\/\/agora.xtec.cat\/ceipvallpalau\/general\/i4-anem-a-fer-un-taller-de-terrisseria\/","title":{"rendered":"I4 anem a fer un taller de terrisseria"},"content":{"rendered":"<p>Els infants d&#8217;I4 van anar a la Casa Valldeperes a Sant Sadurn\u00ed d&#8217;Anoia i vam poder con\u00e8ixer la hist\u00f2ria de l&#8217;ofici del terrisser i com feien les peces al torn i algunes peces antigues i el seu nom i \u00fas.<\/p>\n<p>Tamb\u00e9 van elaborar una flor amb fang i van crear les seves peces que van voler per portar-les a casa.<\/p>\n<p>El Marc, un gran terrisser, ens va ensenyar tot el proc\u00e9s d\u2019elaboraci\u00f3 d\u2019un gerro al torn. Des de l\u2019inici, fins a l\u2019acabat final.<\/p>\n<p>Despr\u00e9s tothom conjuntament, van elaborar un gerro per la classe al torn i va ser molt divertit utilitzar les pr\u00f2pies mans, va quedar molt xulo.<\/p>\n<p>A part de fer cer\u00e0mica, van poder fer un passeig per l&#8217;entorn i descobrir la fauna i vegetaci\u00f3 del Pened\u00e8s.<a href=\"https:\/\/agora.xtec.cat\/ceipvallpalau\/wp-content\/uploads\/usu984\/2025\/04\/IMG20250429113156-1-scaled.jpg\"><img loading=\"lazy\" decoding=\"async\" class=\" wp-image-4216 aligncenter\" src=\"https:\/\/agora.xtec.cat\/ceipvallpalau\/wp-content\/uploads\/usu984\/2025\/04\/IMG20250429113156-1-1024x548.jpg\" alt=\"\" width=\"564\" height=\"302\" srcset=\"https:\/\/agora.xtec.cat\/ceipvallpalau\/wp-content\/uploads\/usu984\/2025\/04\/IMG20250429113156-1-1024x548.jpg 1024w, https:\/\/agora.xtec.cat\/ceipvallpalau\/wp-content\/uploads\/usu984\/2025\/04\/IMG20250429113156-1-300x161.jpg 300w, https:\/\/agora.xtec.cat\/ceipvallpalau\/wp-content\/uploads\/usu984\/2025\/04\/IMG20250429113156-1-768x411.jpg 768w, https:\/\/agora.xtec.cat\/ceipvallpalau\/wp-content\/uploads\/usu984\/2025\/04\/IMG20250429113156-1-1536x823.jpg 1536w, https:\/\/agora.xtec.cat\/ceipvallpalau\/wp-content\/uploads\/usu984\/2025\/04\/IMG20250429113156-1-2048x1097.jpg 2048w\" sizes=\"auto, (max-width: 564px) 100vw, 564px\" \/><\/a><\/p>\n","protected":false},"excerpt":{"rendered":"<p>Els infants d&#8217;I4 van anar a la Casa Valldeperes a Sant Sadurn\u00ed d&#8217;Anoia i vam poder con\u00e8ixer la hist\u00f2ria de l&#8217;ofici del terrisser i com feien les peces al torn i algunes peces antigues i el seu nom i \u00fas.<br \/>\nTamb\u00e9 van elaborar una flor amb&hellip;  <a href=\"https:\/\/agora.xtec.cat\/ceipvallpalau\/general\/i4-anem-a-fer-un-taller-de-terrisseria\/\" title=\"Read I4 anem a fer un taller de terrisseria\">Llegeix m\u00e9s\u00bb<\/a><\/p>\n","protected":false},"author":33,"featured_media":4213,"comment_status":"open","ping_status":"closed","sticky":false,"template":"","format":"standard","meta":{"_bbp_topic_count":0,"_bbp_reply_count":0,"_bbp_total_topic_count":0,"_bbp_total_reply_count":0,"_bbp_voice_count":0,"_bbp_anonymous_reply_count":0,"_bbp_topic_count_hidden":0,"_bbp_reply_count_hidden":0,"_bbp_forum_subforum_count":0,"footnotes":""},"categories":[2,1,8,4],"tags":[140,16],"class_list":["post-4212","post","type-post","status-publish","format-standard","has-post-thumbnail","hentry","category-petits","category-general","category-p4","category-portada","tag-i4","tag-sortides"],"post_mailing_queue_ids":[],"_links":{"self":[{"href":"https:\/\/agora.xtec.cat\/ceipvallpalau\/wp-json\/wp\/v2\/posts\/4212","targetHints":{"allow":["GET"]}}],"collection":[{"href":"https:\/\/agora.xtec.cat\/ceipvallpalau\/wp-json\/wp\/v2\/posts"}],"about":[{"href":"https:\/\/agora.xtec.cat\/ceipvallpalau\/wp-json\/wp\/v2\/types\/post"}],"author":[{"embeddable":true,"href":"https:\/\/agora.xtec.cat\/ceipvallpalau\/wp-json\/wp\/v2\/users\/33"}],"replies":[{"embeddable":true,"href":"https:\/\/agora.xtec.cat\/ceipvallpalau\/wp-json\/wp\/v2\/comments?post=4212"}],"version-history":[{"count":3,"href":"https:\/\/agora.xtec.cat\/ceipvallpalau\/wp-json\/wp\/v2\/posts\/4212\/revisions"}],"predecessor-version":[{"id":4237,"href":"https:\/\/agora.xtec.cat\/ceipvallpalau\/wp-json\/wp\/v2\/posts\/4212\/revisions\/4237"}],"wp:featuredmedia":[{"embeddable":true,"href":"https:\/\/agora.xtec.cat\/ceipvallpalau\/wp-json\/wp\/v2\/media\/4213"}],"wp:attachment":[{"href":"https:\/\/agora.xtec.cat\/ceipvallpalau\/wp-json\/wp\/v2\/media?parent=4212"}],"wp:term":[{"taxonomy":"category","embeddable":true,"href":"https:\/\/agora.xtec.cat\/ceipvallpalau\/wp-json\/wp\/v2\/categories?post=4212"},{"taxonomy":"post_tag","embeddable":true,"href":"https:\/\/agora.xtec.cat\/ceipvallpalau\/wp-json\/wp\/v2\/tags?post=4212"}],"curies":[{"name":"wp","href":"https:\/\/api.w.org\/{rel}","templated":true}]}}