{"id":4070,"date":"2024-11-14T12:21:18","date_gmt":"2024-11-14T11:21:18","guid":{"rendered":"https:\/\/agora.xtec.cat\/ceipvallpalau\/?p=4070"},"modified":"2024-11-14T12:21:30","modified_gmt":"2024-11-14T11:21:30","slug":"%f0%9f%95%bacelebracio-dels-balls-de-la-castanyada","status":"publish","type":"post","link":"https:\/\/agora.xtec.cat\/ceipvallpalau\/portada\/%f0%9f%95%bacelebracio-dels-balls-de-la-castanyada\/","title":{"rendered":"\ud83d\udd7aCelebraci\u00f3 dels balls de la castanyada"},"content":{"rendered":"<p>El passat 8 de novembre, els alumnes d\u2019infantil i prim\u00e0ria van poder celebrar la Castanyada amb una jornada de balls a la pista de l\u2019escola. Tot i que inicialment estava previst fer aquesta activitat el dia de la Castanyada, la pluja ens va obligar a posposar-la.<\/p>\n<p>Durant l\u2019esdeveniment, els alumnes van mostrar les danses que havien estat preparant durant les setmanes pr\u00e8vies. Les coreografies, acompanyades de m\u00fasica tradicional, van posar de manifest la feina feta per mestres i alumnes per mantenir viva aquesta tradici\u00f3. Tot l&#8217;alumnat va participar amb entusiasme i es va notar l\u2019esfor\u00e7 de tots en els assajos.<\/p>\n<p>La jornada es va desenvolupar sense incidents i va ser un bon moment per gaudir d\u2019una activitat conjunta, amb la pista com a espai de trobada per a tota la comunitat educativa. Agra\u00efm a totes les persones implicades per la seva col\u00b7laboraci\u00f3 i esperem continuar celebrant moltes m\u00e9s festes conjuntes en el futur.<a href=\"https:\/\/agora.xtec.cat\/ceipvallpalau\/wp-content\/uploads\/usu984\/2024\/11\/foto-castanyada.jpg\"><img loading=\"lazy\" decoding=\"async\" class=\"alignnone size-full wp-image-4071\" src=\"https:\/\/agora.xtec.cat\/ceipvallpalau\/wp-content\/uploads\/usu984\/2024\/11\/foto-castanyada.jpg\" alt=\"\" width=\"1024\" height=\"768\" srcset=\"https:\/\/agora.xtec.cat\/ceipvallpalau\/wp-content\/uploads\/usu984\/2024\/11\/foto-castanyada.jpg 1024w, https:\/\/agora.xtec.cat\/ceipvallpalau\/wp-content\/uploads\/usu984\/2024\/11\/foto-castanyada-300x225.jpg 300w, https:\/\/agora.xtec.cat\/ceipvallpalau\/wp-content\/uploads\/usu984\/2024\/11\/foto-castanyada-768x576.jpg 768w, https:\/\/agora.xtec.cat\/ceipvallpalau\/wp-content\/uploads\/usu984\/2024\/11\/foto-castanyada-200x150.jpg 200w\" sizes=\"auto, (max-width: 1024px) 100vw, 1024px\" \/><\/a><\/p>\n","protected":false},"excerpt":{"rendered":"<p>El passat 8 de novembre, els alumnes d\u2019infantil i prim\u00e0ria van poder celebrar la Castanyada amb una jornada de balls a la pista de l\u2019escola. Tot i que inicialment estava previst fer aquesta activitat el dia de la Castanyada, la pluja ens va obligar a&hellip;  <a href=\"https:\/\/agora.xtec.cat\/ceipvallpalau\/portada\/%f0%9f%95%bacelebracio-dels-balls-de-la-castanyada\/\" title=\"Read \ud83d\udd7aCelebraci\u00f3 dels balls de la castanyada\">Llegeix m\u00e9s\u00bb<\/a><\/p>\n","protected":false},"author":36,"featured_media":4071,"comment_status":"open","ping_status":"closed","sticky":false,"template":"","format":"standard","meta":{"_bbp_topic_count":0,"_bbp_reply_count":0,"_bbp_total_topic_count":0,"_bbp_total_reply_count":0,"_bbp_voice_count":0,"_bbp_anonymous_reply_count":0,"_bbp_topic_count_hidden":0,"_bbp_reply_count_hidden":0,"_bbp_forum_subforum_count":0,"footnotes":""},"categories":[4],"tags":[],"class_list":["post-4070","post","type-post","status-publish","format-standard","has-post-thumbnail","hentry","category-portada"],"post_mailing_queue_ids":[],"_links":{"self":[{"href":"https:\/\/agora.xtec.cat\/ceipvallpalau\/wp-json\/wp\/v2\/posts\/4070","targetHints":{"allow":["GET"]}}],"collection":[{"href":"https:\/\/agora.xtec.cat\/ceipvallpalau\/wp-json\/wp\/v2\/posts"}],"about":[{"href":"https:\/\/agora.xtec.cat\/ceipvallpalau\/wp-json\/wp\/v2\/types\/post"}],"author":[{"embeddable":true,"href":"https:\/\/agora.xtec.cat\/ceipvallpalau\/wp-json\/wp\/v2\/users\/36"}],"replies":[{"embeddable":true,"href":"https:\/\/agora.xtec.cat\/ceipvallpalau\/wp-json\/wp\/v2\/comments?post=4070"}],"version-history":[{"count":1,"href":"https:\/\/agora.xtec.cat\/ceipvallpalau\/wp-json\/wp\/v2\/posts\/4070\/revisions"}],"predecessor-version":[{"id":4072,"href":"https:\/\/agora.xtec.cat\/ceipvallpalau\/wp-json\/wp\/v2\/posts\/4070\/revisions\/4072"}],"wp:featuredmedia":[{"embeddable":true,"href":"https:\/\/agora.xtec.cat\/ceipvallpalau\/wp-json\/wp\/v2\/media\/4071"}],"wp:attachment":[{"href":"https:\/\/agora.xtec.cat\/ceipvallpalau\/wp-json\/wp\/v2\/media?parent=4070"}],"wp:term":[{"taxonomy":"category","embeddable":true,"href":"https:\/\/agora.xtec.cat\/ceipvallpalau\/wp-json\/wp\/v2\/categories?post=4070"},{"taxonomy":"post_tag","embeddable":true,"href":"https:\/\/agora.xtec.cat\/ceipvallpalau\/wp-json\/wp\/v2\/tags?post=4070"}],"curies":[{"name":"wp","href":"https:\/\/api.w.org\/{rel}","templated":true}]}}