{"id":4059,"date":"2024-11-05T16:19:54","date_gmt":"2024-11-05T15:19:54","guid":{"rendered":"https:\/\/agora.xtec.cat\/ceipvallpalau\/?p=4059"},"modified":"2024-11-05T16:19:54","modified_gmt":"2024-11-05T15:19:54","slug":"%f0%9f%91%a8%f0%9f%92%bbmicrobit-a-lescola-campanya-de-donacio-de-sang%f0%9f%a9%b8","status":"publish","type":"post","link":"https:\/\/agora.xtec.cat\/ceipvallpalau\/general\/%f0%9f%91%a8%f0%9f%92%bbmicrobit-a-lescola-campanya-de-donacio-de-sang%f0%9f%a9%b8\/","title":{"rendered":"\ud83d\udc68\u200d\ud83d\udcbbMicro:Bit a l&#8217;escola (Campanya de donaci\u00f3 de sang)\ud83e\ude78"},"content":{"rendered":"<p><a href=\"https:\/\/agora.xtec.cat\/ceipvallpalau\/wp-content\/uploads\/usu984\/2024\/11\/IMG_8725-1.jpg\"><img loading=\"lazy\" decoding=\"async\" class=\"alignnone size-large wp-image-4061\" src=\"https:\/\/agora.xtec.cat\/ceipvallpalau\/wp-content\/uploads\/usu984\/2024\/11\/IMG_8725-1-1024x728.jpg\" alt=\"\" width=\"1024\" height=\"728\" srcset=\"https:\/\/agora.xtec.cat\/ceipvallpalau\/wp-content\/uploads\/usu984\/2024\/11\/IMG_8725-1-1024x728.jpg 1024w, https:\/\/agora.xtec.cat\/ceipvallpalau\/wp-content\/uploads\/usu984\/2024\/11\/IMG_8725-1-300x213.jpg 300w, https:\/\/agora.xtec.cat\/ceipvallpalau\/wp-content\/uploads\/usu984\/2024\/11\/IMG_8725-1-768x546.jpg 768w, https:\/\/agora.xtec.cat\/ceipvallpalau\/wp-content\/uploads\/usu984\/2024\/11\/IMG_8725-1.jpg 1477w\" sizes=\"auto, (max-width: 1024px) 100vw, 1024px\" \/><\/a>Aquest any, els alumnes de cinqu\u00e8 i sis\u00e8 de prim\u00e0ria han comen\u00e7at a treballar amb les Micro:bit, unes petites per\u00f2 potents plaques de programaci\u00f3 que permeten desenvolupar projectes creatius i educatius. I hem volgut donar un primer pas amb un projecte que, a m\u00e9s d\u2019ensenyar, inspira solidaritat i empatia.<\/p>\n<p>En aquesta primera activitat amb Micro:bit, els alumnes han creat un missatge especial: \u201cDONA SANG\u201d. Aquesta crida, programada i visualitzada mitjan\u00e7ant les petites pantalles de les Micro:bit, no \u00e9s nom\u00e9s una pr\u00e0ctica tecnol\u00f2gica, sin\u00f3 una invitaci\u00f3 a tota la comunitat educativa per participar en un acte solidari.<\/p>\n<p>\ud83d\udcc5 <strong>El pr\u00f2xim 29 de novembre, la nostra escola acollir\u00e0 una jornada de donaci\u00f3 de sang<\/strong> en col\u00b7laboraci\u00f3 amb el Banc de Sang i Teixits. Aquesta campanya, que acabem de posar en marxa, busca involucrar alumnes, fam\u00edlies i ve\u00efns per contribuir junts a una causa que salva vides.<\/p>\n<p>Amb aquest projecte, els nostres alumnes no nom\u00e9s aprenen programaci\u00f3 i treball en equip, sin\u00f3 que tamb\u00e9 prenen consci\u00e8ncia de la import\u00e0ncia d\u2019ajudar els altres. L\u2019experi\u00e8ncia d\u2019usar la tecnologia per un b\u00e9 com\u00fa els impulsa a cr\u00e9ixer com a persones emp\u00e0tiques i compromeses amb la societat.<\/p>\n<p><strong>Ens hi ajudeu?<\/strong> Us esperem el 29 de novembre per sumar-vos a aquesta iniciativa!<\/p>\n","protected":false},"excerpt":{"rendered":"<p><a href=\"https:\/\/agora.xtec.cat\/ceipvallpalau\/wp-content\/uploads\/usu984\/2024\/11\/IMG_8725-1.jpg\"><\/a>Aquest any, els alumnes de cinqu\u00e8 i sis\u00e8 de prim\u00e0ria han comen\u00e7at a treballar amb les Micro:bit, unes petites per\u00f2 potents plaques de programaci\u00f3 que permeten desenvolupar projectes creatius i educatius. I hem volgut donar un primer pas amb un projecte que, a m\u00e9s&hellip;  <a href=\"https:\/\/agora.xtec.cat\/ceipvallpalau\/general\/%f0%9f%91%a8%f0%9f%92%bbmicrobit-a-lescola-campanya-de-donacio-de-sang%f0%9f%a9%b8\/\" title=\"Read \ud83d\udc68\u200d\ud83d\udcbbMicro:Bit a l&#8217;escola (Campanya de donaci\u00f3 de sang)\ud83e\ude78\">Llegeix m\u00e9s\u00bb<\/a><\/p>\n","protected":false},"author":35,"featured_media":4060,"comment_status":"open","ping_status":"closed","sticky":false,"template":"","format":"standard","meta":{"_bbp_topic_count":0,"_bbp_reply_count":0,"_bbp_total_topic_count":0,"_bbp_total_reply_count":0,"_bbp_voice_count":0,"_bbp_anonymous_reply_count":0,"_bbp_topic_count_hidden":0,"_bbp_reply_count_hidden":0,"_bbp_forum_subforum_count":0,"footnotes":""},"categories":[13,14,15,62,1,4,5],"tags":[],"class_list":["post-4059","post","type-post","status-publish","format-standard","has-post-thumbnail","hentry","category-4t","category-5e","category-6e","category-com-grans","category-general","category-portada","category-primaria"],"post_mailing_queue_ids":[],"_links":{"self":[{"href":"https:\/\/agora.xtec.cat\/ceipvallpalau\/wp-json\/wp\/v2\/posts\/4059","targetHints":{"allow":["GET"]}}],"collection":[{"href":"https:\/\/agora.xtec.cat\/ceipvallpalau\/wp-json\/wp\/v2\/posts"}],"about":[{"href":"https:\/\/agora.xtec.cat\/ceipvallpalau\/wp-json\/wp\/v2\/types\/post"}],"author":[{"embeddable":true,"href":"https:\/\/agora.xtec.cat\/ceipvallpalau\/wp-json\/wp\/v2\/users\/35"}],"replies":[{"embeddable":true,"href":"https:\/\/agora.xtec.cat\/ceipvallpalau\/wp-json\/wp\/v2\/comments?post=4059"}],"version-history":[{"count":1,"href":"https:\/\/agora.xtec.cat\/ceipvallpalau\/wp-json\/wp\/v2\/posts\/4059\/revisions"}],"predecessor-version":[{"id":4062,"href":"https:\/\/agora.xtec.cat\/ceipvallpalau\/wp-json\/wp\/v2\/posts\/4059\/revisions\/4062"}],"wp:featuredmedia":[{"embeddable":true,"href":"https:\/\/agora.xtec.cat\/ceipvallpalau\/wp-json\/wp\/v2\/media\/4060"}],"wp:attachment":[{"href":"https:\/\/agora.xtec.cat\/ceipvallpalau\/wp-json\/wp\/v2\/media?parent=4059"}],"wp:term":[{"taxonomy":"category","embeddable":true,"href":"https:\/\/agora.xtec.cat\/ceipvallpalau\/wp-json\/wp\/v2\/categories?post=4059"},{"taxonomy":"post_tag","embeddable":true,"href":"https:\/\/agora.xtec.cat\/ceipvallpalau\/wp-json\/wp\/v2\/tags?post=4059"}],"curies":[{"name":"wp","href":"https:\/\/api.w.org\/{rel}","templated":true}]}}