{"id":3662,"date":"2023-04-21T12:15:25","date_gmt":"2023-04-21T10:15:25","guid":{"rendered":"https:\/\/agora.xtec.cat\/ceipvallpalau\/?p=3662"},"modified":"2023-04-21T12:15:25","modified_gmt":"2023-04-21T10:15:25","slug":"%f0%9f%90%89sant-jordi-2023%f0%9f%8c%b9","status":"publish","type":"post","link":"https:\/\/agora.xtec.cat\/ceipvallpalau\/general\/%f0%9f%90%89sant-jordi-2023%f0%9f%8c%b9\/","title":{"rendered":"\ud83d\udc09Sant Jordi 2023\ud83c\udf39"},"content":{"rendered":"<p>Un any m\u00e9s, l&#8217;Escola Vall de Palau ha celebrat la festa de Sant Jordi amb gran entusiasme. El pati de l&#8217;escola s&#8217;ha convertit en un espai m\u00e0gic on els alumnes han pogut gaudir de les activitats organitzades pels mestres.<\/p>\n<p>Una de les activitats m\u00e9s destacades ha estat la paradeta que ha posat l&#8217;AMPA al carrer Constituci\u00f3 per vendre llibres i roses amb la col\u00b7laboraci\u00f3 de la papereria Sant Andreu. Tothom que ha passat pel carrer ha pogut triar entre una gran varietat de t\u00edtols i han pogut comprar una rosa per a regalar a qui volguessin. L&#8217;AMPA tamb\u00e9 ha regalat, com ja \u00e9s habitual, un llibre per a cada classe, que han triat els propis alumnes.<\/p>\n<p>A m\u00e9s, els nens i nenes de 6\u00e8 han estat els encarregats d&#8217;explicar contes als alumnes d&#8217;infantil. A trav\u00e9s d&#8217;aquesta activitat, els m\u00e9s grans han pogut compartir la seva passi\u00f3 per la lectura amb els m\u00e9s petits, aix\u00ed com fomentar la seva creativitat i imaginaci\u00f3.<\/p>\n<p>A la pista de l&#8217;escola, els alumnes de 6\u00e8 tamb\u00e9 han dinamitzat activitats de dibuixar i endevinar llibres. Aquesta activitat ha estat un \u00e8xit entre els alumnes, ja que han pogut demostrar els seus coneixements literaris i la seva creativitat art\u00edstica.<\/p>\n<p>En resum, la festa de Sant Jordi a l&#8217;Escola Vall de Palau ha estat una jornada inoblidable per a tota la comunitat educativa. Les activitats organitzades pel claustre de mestres han contribu\u00eft a fomentar la lectura i la creativitat entre els alumnes, aix\u00ed com a crear un ambient festiu i acollidor en l&#8217;escola. Sens dubte, una festa per recordar.<\/p>\n<p>&nbsp;<\/p>\n<p><a href=\"https:\/\/agora.xtec.cat\/ceipvallpalau\/wp-content\/uploads\/usu984\/2023\/04\/Sant-Jordi-2023.jpg\"><img loading=\"lazy\" decoding=\"async\" class=\"alignnone size-large wp-image-3663\" src=\"https:\/\/agora.xtec.cat\/ceipvallpalau\/wp-content\/uploads\/usu984\/2023\/04\/Sant-Jordi-2023-1024x766.jpg\" alt=\"\" width=\"1024\" height=\"766\" srcset=\"https:\/\/agora.xtec.cat\/ceipvallpalau\/wp-content\/uploads\/usu984\/2023\/04\/Sant-Jordi-2023-1024x766.jpg 1024w, https:\/\/agora.xtec.cat\/ceipvallpalau\/wp-content\/uploads\/usu984\/2023\/04\/Sant-Jordi-2023-300x224.jpg 300w, https:\/\/agora.xtec.cat\/ceipvallpalau\/wp-content\/uploads\/usu984\/2023\/04\/Sant-Jordi-2023-768x574.jpg 768w, https:\/\/agora.xtec.cat\/ceipvallpalau\/wp-content\/uploads\/usu984\/2023\/04\/Sant-Jordi-2023-1536x1149.jpg 1536w, https:\/\/agora.xtec.cat\/ceipvallpalau\/wp-content\/uploads\/usu984\/2023\/04\/Sant-Jordi-2023-200x150.jpg 200w, https:\/\/agora.xtec.cat\/ceipvallpalau\/wp-content\/uploads\/usu984\/2023\/04\/Sant-Jordi-2023.jpg 2000w\" sizes=\"auto, (max-width: 1024px) 100vw, 1024px\" \/><\/a><\/p>\n","protected":false},"excerpt":{"rendered":"<p>Un any m\u00e9s, l&#8217;Escola Vall de Palau ha celebrat la festa de Sant Jordi amb gran entusiasme. El pati de l&#8217;escola s&#8217;ha convertit en un espai m\u00e0gic on els alumnes han pogut gaudir de les activitats organitzades pels mestres.<br \/>\nUna de les activitats m\u00e9s destacades ha&hellip;  <a href=\"https:\/\/agora.xtec.cat\/ceipvallpalau\/general\/%f0%9f%90%89sant-jordi-2023%f0%9f%8c%b9\/\" title=\"Read \ud83d\udc09Sant Jordi 2023\ud83c\udf39\">Llegeix m\u00e9s\u00bb<\/a><\/p>\n","protected":false},"author":35,"featured_media":3663,"comment_status":"open","ping_status":"closed","sticky":false,"template":"","format":"standard","meta":{"_bbp_topic_count":0,"_bbp_reply_count":0,"_bbp_total_topic_count":0,"_bbp_total_reply_count":0,"_bbp_voice_count":0,"_bbp_anonymous_reply_count":0,"_bbp_topic_count_hidden":0,"_bbp_reply_count_hidden":0,"_bbp_forum_subforum_count":0,"footnotes":""},"categories":[13,14,15,62,1,4,5],"tags":[],"class_list":["post-3662","post","type-post","status-publish","format-standard","has-post-thumbnail","hentry","category-4t","category-5e","category-6e","category-com-grans","category-general","category-portada","category-primaria"],"post_mailing_queue_ids":[],"_links":{"self":[{"href":"https:\/\/agora.xtec.cat\/ceipvallpalau\/wp-json\/wp\/v2\/posts\/3662","targetHints":{"allow":["GET"]}}],"collection":[{"href":"https:\/\/agora.xtec.cat\/ceipvallpalau\/wp-json\/wp\/v2\/posts"}],"about":[{"href":"https:\/\/agora.xtec.cat\/ceipvallpalau\/wp-json\/wp\/v2\/types\/post"}],"author":[{"embeddable":true,"href":"https:\/\/agora.xtec.cat\/ceipvallpalau\/wp-json\/wp\/v2\/users\/35"}],"replies":[{"embeddable":true,"href":"https:\/\/agora.xtec.cat\/ceipvallpalau\/wp-json\/wp\/v2\/comments?post=3662"}],"version-history":[{"count":1,"href":"https:\/\/agora.xtec.cat\/ceipvallpalau\/wp-json\/wp\/v2\/posts\/3662\/revisions"}],"predecessor-version":[{"id":3664,"href":"https:\/\/agora.xtec.cat\/ceipvallpalau\/wp-json\/wp\/v2\/posts\/3662\/revisions\/3664"}],"wp:featuredmedia":[{"embeddable":true,"href":"https:\/\/agora.xtec.cat\/ceipvallpalau\/wp-json\/wp\/v2\/media\/3663"}],"wp:attachment":[{"href":"https:\/\/agora.xtec.cat\/ceipvallpalau\/wp-json\/wp\/v2\/media?parent=3662"}],"wp:term":[{"taxonomy":"category","embeddable":true,"href":"https:\/\/agora.xtec.cat\/ceipvallpalau\/wp-json\/wp\/v2\/categories?post=3662"},{"taxonomy":"post_tag","embeddable":true,"href":"https:\/\/agora.xtec.cat\/ceipvallpalau\/wp-json\/wp\/v2\/tags?post=3662"}],"curies":[{"name":"wp","href":"https:\/\/api.w.org\/{rel}","templated":true}]}}