{"id":3548,"date":"2023-02-14T13:57:56","date_gmt":"2023-02-14T12:57:56","guid":{"rendered":"https:\/\/agora.xtec.cat\/ceipvallpalau\/?p=3548"},"modified":"2023-02-14T13:58:05","modified_gmt":"2023-02-14T12:58:05","slug":"%e2%9b%b0%ef%b8%8frecollida-de-brossa-a-la-muntanya%e2%99%bb%ef%b8%8f","status":"publish","type":"post","link":"https:\/\/agora.xtec.cat\/ceipvallpalau\/general\/%e2%9b%b0%ef%b8%8frecollida-de-brossa-a-la-muntanya%e2%99%bb%ef%b8%8f\/","title":{"rendered":"\u26f0\ufe0fRecollida de brossa a la muntanya\u267b\ufe0f"},"content":{"rendered":"<p>\u26f0\ufe0fLa comunitat de grans (4t, 5\u00e8 i 6\u00e8), degut a que l&#8217;eix transversal d&#8217;enguany \u00e9s &#8220;el desenvolupament sostenible a les muntanyes&#8221; hem anat a recollir brossa a les muntanyes del nostre entorn.<\/p>\n<p>\u267b\ufe0fA partir del que hem vist, treballarem durant aquests dies (la setmana cultural) sobre quines mesures podem dur a terme per millorar la situaci\u00f3.<\/p>\n<p>\ud83d\udcf9Us adjuntem un petit v\u00eddeo per veure una mica com estan les nostres muntanyes.<\/p>\n<p><iframe loading=\"lazy\" src=\"https:\/\/drive.google.com\/file\/d\/1pKjWq6bnxBvKQ3JyCWhV95rz0g-2IoJG\/preview\" width=\"640\" height=\"480\"><\/iframe><\/p>\n","protected":false},"excerpt":{"rendered":"<p>\u26f0\ufe0fLa comunitat de grans (4t, 5\u00e8 i 6\u00e8), degut a que l&#8217;eix transversal d&#8217;enguany \u00e9s &#8220;el desenvolupament sostenible a les muntanyes&#8221; hem anat a recollir brossa a les muntanyes del nostre entorn.<br \/>\n\u267b\ufe0fA partir del que hem vist, treballarem durant aquests dies (la setmana cultural) sobre&hellip;  <a href=\"https:\/\/agora.xtec.cat\/ceipvallpalau\/general\/%e2%9b%b0%ef%b8%8frecollida-de-brossa-a-la-muntanya%e2%99%bb%ef%b8%8f\/\" title=\"Read \u26f0\ufe0fRecollida de brossa a la muntanya\u267b\ufe0f\">Llegeix m\u00e9s\u00bb<\/a><\/p>\n","protected":false},"author":35,"featured_media":3563,"comment_status":"open","ping_status":"closed","sticky":false,"template":"","format":"standard","meta":{"_bbp_topic_count":0,"_bbp_reply_count":0,"_bbp_total_topic_count":0,"_bbp_total_reply_count":0,"_bbp_voice_count":0,"_bbp_anonymous_reply_count":0,"_bbp_topic_count_hidden":0,"_bbp_reply_count_hidden":0,"_bbp_forum_subforum_count":0,"footnotes":""},"categories":[13,14,15,62,1,4,5],"tags":[],"class_list":["post-3548","post","type-post","status-publish","format-standard","has-post-thumbnail","hentry","category-4t","category-5e","category-6e","category-com-grans","category-general","category-portada","category-primaria"],"post_mailing_queue_ids":[],"_links":{"self":[{"href":"https:\/\/agora.xtec.cat\/ceipvallpalau\/wp-json\/wp\/v2\/posts\/3548","targetHints":{"allow":["GET"]}}],"collection":[{"href":"https:\/\/agora.xtec.cat\/ceipvallpalau\/wp-json\/wp\/v2\/posts"}],"about":[{"href":"https:\/\/agora.xtec.cat\/ceipvallpalau\/wp-json\/wp\/v2\/types\/post"}],"author":[{"embeddable":true,"href":"https:\/\/agora.xtec.cat\/ceipvallpalau\/wp-json\/wp\/v2\/users\/35"}],"replies":[{"embeddable":true,"href":"https:\/\/agora.xtec.cat\/ceipvallpalau\/wp-json\/wp\/v2\/comments?post=3548"}],"version-history":[{"count":2,"href":"https:\/\/agora.xtec.cat\/ceipvallpalau\/wp-json\/wp\/v2\/posts\/3548\/revisions"}],"predecessor-version":[{"id":3564,"href":"https:\/\/agora.xtec.cat\/ceipvallpalau\/wp-json\/wp\/v2\/posts\/3548\/revisions\/3564"}],"wp:featuredmedia":[{"embeddable":true,"href":"https:\/\/agora.xtec.cat\/ceipvallpalau\/wp-json\/wp\/v2\/media\/3563"}],"wp:attachment":[{"href":"https:\/\/agora.xtec.cat\/ceipvallpalau\/wp-json\/wp\/v2\/media?parent=3548"}],"wp:term":[{"taxonomy":"category","embeddable":true,"href":"https:\/\/agora.xtec.cat\/ceipvallpalau\/wp-json\/wp\/v2\/categories?post=3548"},{"taxonomy":"post_tag","embeddable":true,"href":"https:\/\/agora.xtec.cat\/ceipvallpalau\/wp-json\/wp\/v2\/tags?post=3548"}],"curies":[{"name":"wp","href":"https:\/\/api.w.org\/{rel}","templated":true}]}}