{"id":3488,"date":"2023-02-02T11:50:39","date_gmt":"2023-02-02T10:50:39","guid":{"rendered":"https:\/\/agora.xtec.cat\/ceipvallpalau\/?p=3488"},"modified":"2023-02-02T11:51:29","modified_gmt":"2023-02-02T10:51:29","slug":"dia-de-la-pau-%f0%9f%95%8a%ef%b8%8f-30-de-gener","status":"publish","type":"post","link":"https:\/\/agora.xtec.cat\/ceipvallpalau\/general\/dia-de-la-pau-%f0%9f%95%8a%ef%b8%8f-30-de-gener\/","title":{"rendered":"Dia de la Pau \ud83d\udd4a\ufe0f (30 de gener)"},"content":{"rendered":"<hr \/>\n<p><b>El dia 30 de gener celebrem el dia de la no-viol\u00e8ncia i la pau. Es celebra el dia 30 de gener perqu\u00e8 \u00e9s el dia que va morir Mahatma Gandhi. Pensador i l\u00edder del nacionalisme indi, va ser un gran activista per la pau i els drets humans.<\/b><\/p>\n<p><b>A l\u2019escola hem fet diferents activitats relacionades amb la pau. <\/b><b>Ens hem ajuntat amb les nostres aules germanes i hem realitzat diferents tasques, tamb\u00e9 hem esmorzat junts i hem jugat.<\/b><\/p>\n<p><b>Finalment hem pensat una frase relacionada amb la pau que quedar\u00e0 exposada al \u2018hall\u2019 de l\u2019escola.<\/b><\/p>\n<p><b>Abra\u00e7ades i pau per tothom.<\/b><\/p>\n<p>&nbsp;<\/p>\n<p><iframe loading=\"lazy\" src=\"https:\/\/www.ivoox.com\/player_ej_102461369_6_1.html?c1=132f55\" width=\"100%\" height=\"200\" frameborder=\"0\" scrolling=\"no\" allowfullscreen=\"allowfullscreen\"><\/iframe><\/p>\n<p><a href=\"https:\/\/agora.xtec.cat\/ceipvallpalau\/wp-content\/uploads\/usu984\/2023\/02\/dia-de-la-pau-foto.jpg\"><img loading=\"lazy\" decoding=\"async\" class=\"alignnone size-full wp-image-3489\" src=\"https:\/\/agora.xtec.cat\/ceipvallpalau\/wp-content\/uploads\/usu984\/2023\/02\/dia-de-la-pau-foto.jpg\" alt=\"\" width=\"1024\" height=\"768\" srcset=\"https:\/\/agora.xtec.cat\/ceipvallpalau\/wp-content\/uploads\/usu984\/2023\/02\/dia-de-la-pau-foto.jpg 1024w, https:\/\/agora.xtec.cat\/ceipvallpalau\/wp-content\/uploads\/usu984\/2023\/02\/dia-de-la-pau-foto-300x225.jpg 300w, https:\/\/agora.xtec.cat\/ceipvallpalau\/wp-content\/uploads\/usu984\/2023\/02\/dia-de-la-pau-foto-768x576.jpg 768w, https:\/\/agora.xtec.cat\/ceipvallpalau\/wp-content\/uploads\/usu984\/2023\/02\/dia-de-la-pau-foto-200x150.jpg 200w\" sizes=\"auto, (max-width: 1024px) 100vw, 1024px\" \/><\/a><\/p>\n","protected":false},"excerpt":{"rendered":"<p>El dia 30 de gener celebrem el dia de la no-viol\u00e8ncia i la pau. Es celebra el dia 30 de gener perqu\u00e8 \u00e9s el dia que va morir Mahatma Gandhi. Pensador i l\u00edder del nacionalisme indi, va ser un gran activista per la pau i&hellip;  <a href=\"https:\/\/agora.xtec.cat\/ceipvallpalau\/general\/dia-de-la-pau-%f0%9f%95%8a%ef%b8%8f-30-de-gener\/\" title=\"Read Dia de la Pau \ud83d\udd4a\ufe0f (30 de gener)\">Llegeix m\u00e9s\u00bb<\/a><\/p>\n","protected":false},"author":35,"featured_media":3489,"comment_status":"open","ping_status":"closed","sticky":false,"template":"","format":"standard","meta":{"_bbp_topic_count":0,"_bbp_reply_count":0,"_bbp_total_topic_count":0,"_bbp_total_reply_count":0,"_bbp_voice_count":0,"_bbp_anonymous_reply_count":0,"_bbp_topic_count_hidden":0,"_bbp_reply_count_hidden":0,"_bbp_forum_subforum_count":0,"footnotes":""},"categories":[13,14,15,62,1,4,5],"tags":[],"class_list":["post-3488","post","type-post","status-publish","format-standard","has-post-thumbnail","hentry","category-4t","category-5e","category-6e","category-com-grans","category-general","category-portada","category-primaria"],"post_mailing_queue_ids":[],"_links":{"self":[{"href":"https:\/\/agora.xtec.cat\/ceipvallpalau\/wp-json\/wp\/v2\/posts\/3488","targetHints":{"allow":["GET"]}}],"collection":[{"href":"https:\/\/agora.xtec.cat\/ceipvallpalau\/wp-json\/wp\/v2\/posts"}],"about":[{"href":"https:\/\/agora.xtec.cat\/ceipvallpalau\/wp-json\/wp\/v2\/types\/post"}],"author":[{"embeddable":true,"href":"https:\/\/agora.xtec.cat\/ceipvallpalau\/wp-json\/wp\/v2\/users\/35"}],"replies":[{"embeddable":true,"href":"https:\/\/agora.xtec.cat\/ceipvallpalau\/wp-json\/wp\/v2\/comments?post=3488"}],"version-history":[{"count":2,"href":"https:\/\/agora.xtec.cat\/ceipvallpalau\/wp-json\/wp\/v2\/posts\/3488\/revisions"}],"predecessor-version":[{"id":3491,"href":"https:\/\/agora.xtec.cat\/ceipvallpalau\/wp-json\/wp\/v2\/posts\/3488\/revisions\/3491"}],"wp:featuredmedia":[{"embeddable":true,"href":"https:\/\/agora.xtec.cat\/ceipvallpalau\/wp-json\/wp\/v2\/media\/3489"}],"wp:attachment":[{"href":"https:\/\/agora.xtec.cat\/ceipvallpalau\/wp-json\/wp\/v2\/media?parent=3488"}],"wp:term":[{"taxonomy":"category","embeddable":true,"href":"https:\/\/agora.xtec.cat\/ceipvallpalau\/wp-json\/wp\/v2\/categories?post=3488"},{"taxonomy":"post_tag","embeddable":true,"href":"https:\/\/agora.xtec.cat\/ceipvallpalau\/wp-json\/wp\/v2\/tags?post=3488"}],"curies":[{"name":"wp","href":"https:\/\/api.w.org\/{rel}","templated":true}]}}