{"id":3484,"date":"2023-01-27T16:18:39","date_gmt":"2023-01-27T15:18:39","guid":{"rendered":"https:\/\/agora.xtec.cat\/ceipvallpalau\/?p=3484"},"modified":"2023-01-27T16:22:51","modified_gmt":"2023-01-27T15:22:51","slug":"recollida-de-brossa-a-la-muntanya-%e2%99%bb%ef%b8%8f","status":"publish","type":"post","link":"https:\/\/agora.xtec.cat\/ceipvallpalau\/general\/recollida-de-brossa-a-la-muntanya-%e2%99%bb%ef%b8%8f\/","title":{"rendered":"Recollida de brossa a la muntanya \u267b\ufe0f"},"content":{"rendered":"<p>L\u2019escola Vall de Palau est\u00e0 organitzant una recollida de brossa a la muntanya.<br \/>\nEls alumnes de 6\u00e8 han organitzat aquesta sortida.<br \/>\n4t, 5\u00e8 i 6\u00e8 farem aquesta recollida pel b\u00e9 del nostre entorn proper.<\/p>\n<p>Anirem el dia 13 de febrer per diferents llocs de Sant Andreu de la Barca.<\/p>\n<p>Alguns llocs de les muntanyes en aquests moments estan molt bruts i si no actuem la situaci\u00f3 cada vegada ser\u00e0 pitjor.<\/p>\n<p>Algunes de les conseq\u00fc\u00e8ncies de tirar brossa a la muntanya \u00e9s que alguna persona o animal es pot fer mal. La biodiversitat pot veures afectada i \u00e9s evident que tothom prefereix una muntanya neta.<\/p>\n<p>Aquest any, l\u2019eix transversal de l\u2019escola vall de Palau es la sostenibilitat a les muntanyes, per aix\u00f2 se\u2019ns ha ocorregut aquesta meravellosa idea.<\/p>\n<p>&nbsp;<\/p>\n<p><a href=\"https:\/\/www.ivoox.com\/recollida-brossa-a-muntanya-audios-mp3_rf_102158484_1.html\">RECOLLIDA DE BROSSA A LA MUNTANYA (NOT\u00cdCIA A LA R\u00c0DIO) <\/a><a href=\"https:\/\/agora.xtec.cat\/ceipvallpalau\/wp-content\/uploads\/usu984\/2023\/01\/Poster-Recollida-de-brossa-a-la-muntanya-copia.gif\"><img loading=\"lazy\" decoding=\"async\" class=\"alignnone size-large wp-image-3485\" src=\"https:\/\/agora.xtec.cat\/ceipvallpalau\/wp-content\/uploads\/usu984\/2023\/01\/Poster-Recollida-de-brossa-a-la-muntanya-copia-849x1024.gif\" alt=\"\" width=\"849\" height=\"1024\" srcset=\"https:\/\/agora.xtec.cat\/ceipvallpalau\/wp-content\/uploads\/usu984\/2023\/01\/Poster-Recollida-de-brossa-a-la-muntanya-copia-849x1024.gif 849w, https:\/\/agora.xtec.cat\/ceipvallpalau\/wp-content\/uploads\/usu984\/2023\/01\/Poster-Recollida-de-brossa-a-la-muntanya-copia-249x300.gif 249w, https:\/\/agora.xtec.cat\/ceipvallpalau\/wp-content\/uploads\/usu984\/2023\/01\/Poster-Recollida-de-brossa-a-la-muntanya-copia-768x927.gif 768w\" sizes=\"auto, (max-width: 849px) 100vw, 849px\" \/><\/a><\/p>\n","protected":false},"excerpt":{"rendered":"<p>L\u2019escola Vall de Palau est\u00e0 organitzant una recollida de brossa a la muntanya.<br \/>\nEls alumnes de 6\u00e8 han organitzat aquesta sortida.<br \/>\n4t, 5\u00e8 i 6\u00e8 farem aquesta recollida pel b\u00e9 del nostre entorn proper.<br \/>\nAnirem el dia 13 de febrer per diferents llocs de Sant Andreu de la&hellip;  <a href=\"https:\/\/agora.xtec.cat\/ceipvallpalau\/general\/recollida-de-brossa-a-la-muntanya-%e2%99%bb%ef%b8%8f\/\" title=\"Read Recollida de brossa a la muntanya \u267b\ufe0f\">Llegeix m\u00e9s\u00bb<\/a><\/p>\n","protected":false},"author":35,"featured_media":3485,"comment_status":"open","ping_status":"closed","sticky":false,"template":"","format":"standard","meta":{"_bbp_topic_count":0,"_bbp_reply_count":0,"_bbp_total_topic_count":0,"_bbp_total_reply_count":0,"_bbp_voice_count":0,"_bbp_anonymous_reply_count":0,"_bbp_topic_count_hidden":0,"_bbp_reply_count_hidden":0,"_bbp_forum_subforum_count":0,"footnotes":""},"categories":[13,14,15,62,1,4,5],"tags":[],"class_list":["post-3484","post","type-post","status-publish","format-standard","has-post-thumbnail","hentry","category-4t","category-5e","category-6e","category-com-grans","category-general","category-portada","category-primaria"],"post_mailing_queue_ids":[],"_links":{"self":[{"href":"https:\/\/agora.xtec.cat\/ceipvallpalau\/wp-json\/wp\/v2\/posts\/3484","targetHints":{"allow":["GET"]}}],"collection":[{"href":"https:\/\/agora.xtec.cat\/ceipvallpalau\/wp-json\/wp\/v2\/posts"}],"about":[{"href":"https:\/\/agora.xtec.cat\/ceipvallpalau\/wp-json\/wp\/v2\/types\/post"}],"author":[{"embeddable":true,"href":"https:\/\/agora.xtec.cat\/ceipvallpalau\/wp-json\/wp\/v2\/users\/35"}],"replies":[{"embeddable":true,"href":"https:\/\/agora.xtec.cat\/ceipvallpalau\/wp-json\/wp\/v2\/comments?post=3484"}],"version-history":[{"count":2,"href":"https:\/\/agora.xtec.cat\/ceipvallpalau\/wp-json\/wp\/v2\/posts\/3484\/revisions"}],"predecessor-version":[{"id":3487,"href":"https:\/\/agora.xtec.cat\/ceipvallpalau\/wp-json\/wp\/v2\/posts\/3484\/revisions\/3487"}],"wp:featuredmedia":[{"embeddable":true,"href":"https:\/\/agora.xtec.cat\/ceipvallpalau\/wp-json\/wp\/v2\/media\/3485"}],"wp:attachment":[{"href":"https:\/\/agora.xtec.cat\/ceipvallpalau\/wp-json\/wp\/v2\/media?parent=3484"}],"wp:term":[{"taxonomy":"category","embeddable":true,"href":"https:\/\/agora.xtec.cat\/ceipvallpalau\/wp-json\/wp\/v2\/categories?post=3484"},{"taxonomy":"post_tag","embeddable":true,"href":"https:\/\/agora.xtec.cat\/ceipvallpalau\/wp-json\/wp\/v2\/tags?post=3484"}],"curies":[{"name":"wp","href":"https:\/\/api.w.org\/{rel}","templated":true}]}}