{"id":3346,"date":"2022-11-15T14:47:53","date_gmt":"2022-11-15T13:47:53","guid":{"rendered":"https:\/\/agora.xtec.cat\/ceipvallpalau\/?p=3346"},"modified":"2022-11-15T14:48:52","modified_gmt":"2022-11-15T13:48:52","slug":"%f0%9f%8e%bc-santa-cecilia-22-de-novembre","status":"publish","type":"post","link":"https:\/\/agora.xtec.cat\/ceipvallpalau\/general\/%f0%9f%8e%bc-santa-cecilia-22-de-novembre\/","title":{"rendered":"\ud83c\udfbc Santa Cec\u00edlia (22 de novembre)"},"content":{"rendered":"<p>L&#8217;escola Vall de Palau celebra Santa Cec\u00edlia, el dia de la m\u00fasica, amb les actuacions dels nens i nenes de l&#8217;escola.<\/p>\n<p>Aquesta setmana es fa un c\u00e0stig pels alumnes que vulguin actuar el dia de Santa Cec\u00edlia, ja sigui ballant, cantant o tocant un instrument. <strong>Escolteu la not\u00edcia per con\u00e8ixer tota la informaci\u00f3!<\/strong><\/p>\n<p>Molta sort als participants i gaudiu de la m\u00fasica!<\/p>\n<p><iframe id=\"audio_96363795\" style=\"width: 100%;\" src=\"https:\/\/www.ivoox.com\/player_ej_96363795_6_1.html\" height=\"200\" frameborder=\"0\" scrolling=\"no\" allowfullscreen=\"allowfullscreen\"><span data-mce-type=\"bookmark\" style=\"display: inline-block; width: 0px; overflow: hidden; line-height: 0;\" class=\"mce_SELRES_start\">\ufeff<\/span><\/iframe><\/p>\n","protected":false},"excerpt":{"rendered":"<p>L&#8217;escola Vall de Palau celebra Santa Cec\u00edlia, el dia de la m\u00fasica, amb les actuacions dels nens i nenes de l&#8217;escola.<br \/>\nAquesta setmana es fa un c\u00e0stig pels alumnes que vulguin actuar el dia de Santa Cec\u00edlia, ja sigui ballant, cantant o tocant un instrument. Escolteu&hellip;  <a href=\"https:\/\/agora.xtec.cat\/ceipvallpalau\/general\/%f0%9f%8e%bc-santa-cecilia-22-de-novembre\/\" title=\"Read \ud83c\udfbc Santa Cec\u00edlia (22 de novembre)\">Llegeix m\u00e9s\u00bb<\/a><\/p>\n","protected":false},"author":35,"featured_media":3347,"comment_status":"open","ping_status":"closed","sticky":false,"template":"","format":"standard","meta":{"_bbp_topic_count":0,"_bbp_reply_count":0,"_bbp_total_topic_count":0,"_bbp_total_reply_count":0,"_bbp_voice_count":0,"_bbp_anonymous_reply_count":0,"_bbp_topic_count_hidden":0,"_bbp_reply_count_hidden":0,"_bbp_forum_subforum_count":0,"footnotes":""},"categories":[13,14,15,62,1,4,5],"tags":[],"class_list":["post-3346","post","type-post","status-publish","format-standard","has-post-thumbnail","hentry","category-4t","category-5e","category-6e","category-com-grans","category-general","category-portada","category-primaria"],"post_mailing_queue_ids":[],"_links":{"self":[{"href":"https:\/\/agora.xtec.cat\/ceipvallpalau\/wp-json\/wp\/v2\/posts\/3346","targetHints":{"allow":["GET"]}}],"collection":[{"href":"https:\/\/agora.xtec.cat\/ceipvallpalau\/wp-json\/wp\/v2\/posts"}],"about":[{"href":"https:\/\/agora.xtec.cat\/ceipvallpalau\/wp-json\/wp\/v2\/types\/post"}],"author":[{"embeddable":true,"href":"https:\/\/agora.xtec.cat\/ceipvallpalau\/wp-json\/wp\/v2\/users\/35"}],"replies":[{"embeddable":true,"href":"https:\/\/agora.xtec.cat\/ceipvallpalau\/wp-json\/wp\/v2\/comments?post=3346"}],"version-history":[{"count":2,"href":"https:\/\/agora.xtec.cat\/ceipvallpalau\/wp-json\/wp\/v2\/posts\/3346\/revisions"}],"predecessor-version":[{"id":3349,"href":"https:\/\/agora.xtec.cat\/ceipvallpalau\/wp-json\/wp\/v2\/posts\/3346\/revisions\/3349"}],"wp:featuredmedia":[{"embeddable":true,"href":"https:\/\/agora.xtec.cat\/ceipvallpalau\/wp-json\/wp\/v2\/media\/3347"}],"wp:attachment":[{"href":"https:\/\/agora.xtec.cat\/ceipvallpalau\/wp-json\/wp\/v2\/media?parent=3346"}],"wp:term":[{"taxonomy":"category","embeddable":true,"href":"https:\/\/agora.xtec.cat\/ceipvallpalau\/wp-json\/wp\/v2\/categories?post=3346"},{"taxonomy":"post_tag","embeddable":true,"href":"https:\/\/agora.xtec.cat\/ceipvallpalau\/wp-json\/wp\/v2\/tags?post=3346"}],"curies":[{"name":"wp","href":"https:\/\/api.w.org\/{rel}","templated":true}]}}