{"id":3266,"date":"2022-10-27T19:52:11","date_gmt":"2022-10-27T17:52:11","guid":{"rendered":"https:\/\/agora.xtec.cat\/ceipvallpalau\/?p=3266"},"modified":"2022-10-27T19:52:11","modified_gmt":"2022-10-27T17:52:11","slug":"la-radio-de-sant-andreu-visita-lescola","status":"publish","type":"post","link":"https:\/\/agora.xtec.cat\/ceipvallpalau\/general\/la-radio-de-sant-andreu-visita-lescola\/","title":{"rendered":"La r\u00e0dio de Sant Andreu visita l&#8217;escola."},"content":{"rendered":"<p>La r\u00e0dio de Sant Andreu s&#8217;ha apropat a la nostra escola per entrevistar a uns alumnes de cinqu\u00e8 amb l&#8217;objectiu de promocionar la propera\u00a0 campanya de donaci\u00f3 de sang que es far\u00e0 al nostre centre aquest divendres dia 28.<\/p>\n<p>Aquests companys ens han explicat perqu\u00e8 \u00e9s tant important que donem sang i quins s\u00f3n els requisits per poder fer-ho.<\/p>\n<p>Veniu! Ajudareu a moltes persones.<\/p>\n<p><strong>Us esperem! Sereu superherois i superhero\u00efnes salvant vides!<\/strong><\/p>\n<p><a href=\"http:\/\/iframe%20width=100%%20height=166%20scrolling=no%20frameborder=no%20allow=autoplay%20src=https:\/\/w.soundcloud.com\/player\/?url=https%3A\/\/api.soundcloud.com\/tracks\/1370575225&amp;color=ff5500&amp;hide_related=true&amp;show_comments=false&amp;show_teaser=false\/iframediv%20style=font-size:%2010px;%20color:%20#cccccc;line-break:%20anywhere;word-break:%20normal;overflow:%20hidden;white-space:%20nowrap;text-overflow:%20ellipsis;%20font-family:%20Interstate,Lucida%20Grande,Lucida%20Sans%20Unicode,Lucida%20Sans,Garuda,Verdana,Tahoma,sans-serif;font-weight:%20100;a%20href=https:\/\/soundcloud.com\/radiosantandreu%20title=Radio%20Sant%20Andreu%20target=_blank%20style=color:%20#cccccc;%20text-decoration:%20none;Radio%20Sant%20Andreu\/a%20\u00b7%20a%20href=https:\/\/soundcloud.com\/radiosantandreu\/alumnes-de-lescola-vall-palau-promocionen-la-campanya-de-donacio-de-sang-daquest-divendres%20title=Alumnes%20de%20l'escola%20Vall%20Palau%20promocionen%20la%20campanya%20de%20donaci\u00f3%20de%20sang%20d'aquest%20divendres%20target=_blank%20style=color:%20#cccccc;%20text-decoration:%20none;Alumnes%20de%20l'escola%20Vall%20Palau%20promocionen%20la%20campanya%20de%20donaci\u00f3%20de%20sang%20d'aquest%20divendres\/a\/div\">http:\/\/<iframe loading=\"lazy\" src=\"https:\/\/w.soundcloud.com\/player\/?url=https%3A\/\/api.soundcloud.com\/tracks\/1370575225&amp;color=ff5500&amp;hide_related=true&amp;show_comments=false&amp;show_teaser=false\" width=\"100%\" height=\"166\" frameborder=\"no\" scrolling=\"no\" data-mce-fragment=\"1\"><\/iframe><img loading=\"lazy\" decoding=\"async\" class=\"\" src=\"https:\/\/agora.xtec.cat\/ceipvallpalau\/wp-content\/uploads\/usu984\/2022\/10\/cartell-donacio-sang.gif\" width=\"230\" height=\"330\" \/><\/a><\/p>\n<div style=\"font-size: 10px; color: #cccccc; line-break: anywhere; word-break: normal; overflow: hidden; white-space: nowrap; text-overflow: ellipsis; font-family: Interstate,Lucida Grande,Lucida Sans Unicode,Lucida Sans,Garuda,Verdana,Tahoma,sans-serif; font-weight: 100;\"><a style=\"color: #cccccc; text-decoration: none;\" title=\"Radio Sant Andreu\" href=\"https:\/\/soundcloud.com\/radiosantandreu\" target=\"_blank\" rel=\"noopener\">Radio Sant Andreu<\/a> \u00b7 <a style=\"color: #cccccc; text-decoration: none;\" title=\"Alumnes de l'escola Vall Palau promocionen la campanya de donaci\u00f3 de sang d'aquest divendres\" href=\"https:\/\/soundcloud.com\/radiosantandreu\/alumnes-de-lescola-vall-palau-promocionen-la-campanya-de-donacio-de-sang-daquest-divendres\" target=\"_blank\" rel=\"noopener\">Alumnes de l&#8217;escola Vall Palau promocionen la campanya de donaci\u00f3 de sang d&#8217;aquest divendres<\/a><\/div>\n<p>&nbsp;<\/p>\n","protected":false},"excerpt":{"rendered":"<p>La r\u00e0dio de Sant Andreu s&#8217;ha apropat a la nostra escola per entrevistar a uns alumnes de cinqu\u00e8 amb l&#8217;objectiu de promocionar la propera\u00a0 campanya de donaci\u00f3 de sang que es far\u00e0 al nostre centre aquest divendres dia 28.<br \/>\nAquests companys ens han explicat perqu\u00e8 \u00e9s&hellip;  <a href=\"https:\/\/agora.xtec.cat\/ceipvallpalau\/general\/la-radio-de-sant-andreu-visita-lescola\/\" title=\"Read La r\u00e0dio de Sant Andreu visita l&#8217;escola.\">Llegeix m\u00e9s\u00bb<\/a><\/p>\n","protected":false},"author":35,"featured_media":3241,"comment_status":"open","ping_status":"closed","sticky":false,"template":"","format":"standard","meta":{"_bbp_topic_count":0,"_bbp_reply_count":0,"_bbp_total_topic_count":0,"_bbp_total_reply_count":0,"_bbp_voice_count":0,"_bbp_anonymous_reply_count":0,"_bbp_topic_count_hidden":0,"_bbp_reply_count_hidden":0,"_bbp_forum_subforum_count":0,"footnotes":""},"categories":[13,14,15,62,1,4,5],"tags":[],"class_list":["post-3266","post","type-post","status-publish","format-standard","has-post-thumbnail","hentry","category-4t","category-5e","category-6e","category-com-grans","category-general","category-portada","category-primaria"],"post_mailing_queue_ids":[],"_links":{"self":[{"href":"https:\/\/agora.xtec.cat\/ceipvallpalau\/wp-json\/wp\/v2\/posts\/3266","targetHints":{"allow":["GET"]}}],"collection":[{"href":"https:\/\/agora.xtec.cat\/ceipvallpalau\/wp-json\/wp\/v2\/posts"}],"about":[{"href":"https:\/\/agora.xtec.cat\/ceipvallpalau\/wp-json\/wp\/v2\/types\/post"}],"author":[{"embeddable":true,"href":"https:\/\/agora.xtec.cat\/ceipvallpalau\/wp-json\/wp\/v2\/users\/35"}],"replies":[{"embeddable":true,"href":"https:\/\/agora.xtec.cat\/ceipvallpalau\/wp-json\/wp\/v2\/comments?post=3266"}],"version-history":[{"count":3,"href":"https:\/\/agora.xtec.cat\/ceipvallpalau\/wp-json\/wp\/v2\/posts\/3266\/revisions"}],"predecessor-version":[{"id":3269,"href":"https:\/\/agora.xtec.cat\/ceipvallpalau\/wp-json\/wp\/v2\/posts\/3266\/revisions\/3269"}],"wp:featuredmedia":[{"embeddable":true,"href":"https:\/\/agora.xtec.cat\/ceipvallpalau\/wp-json\/wp\/v2\/media\/3241"}],"wp:attachment":[{"href":"https:\/\/agora.xtec.cat\/ceipvallpalau\/wp-json\/wp\/v2\/media?parent=3266"}],"wp:term":[{"taxonomy":"category","embeddable":true,"href":"https:\/\/agora.xtec.cat\/ceipvallpalau\/wp-json\/wp\/v2\/categories?post=3266"},{"taxonomy":"post_tag","embeddable":true,"href":"https:\/\/agora.xtec.cat\/ceipvallpalau\/wp-json\/wp\/v2\/tags?post=3266"}],"curies":[{"name":"wp","href":"https:\/\/api.w.org\/{rel}","templated":true}]}}