{"id":3240,"date":"2022-10-25T12:39:43","date_gmt":"2022-10-25T10:39:43","guid":{"rendered":"https:\/\/agora.xtec.cat\/ceipvallpalau\/?p=3240"},"modified":"2022-10-25T12:39:43","modified_gmt":"2022-10-25T10:39:43","slug":"campanya-de-donacio-de-sang-2022-%f0%9f%92%89","status":"publish","type":"post","link":"https:\/\/agora.xtec.cat\/ceipvallpalau\/general\/campanya-de-donacio-de-sang-2022-%f0%9f%92%89\/","title":{"rendered":"Campanya de donaci\u00f3 de sang 2022 \ud83d\udc89"},"content":{"rendered":"<p>Benvolgudes fam\u00edlies,<\/p>\n<p>Un any m\u00e9s a l\u2019escola Vall de Palau farem la donaci\u00f3 de sang.<\/p>\n<p>Ser\u00e0\u00a0<strong>divendres 28 d\u2019octubre<\/strong>,\u00a0<strong>a partir de les 9 i fins a les 13 hores<\/strong>,\u00a0<strong>a la biblioteca de l\u2019escola.<a href=\"https:\/\/agora.xtec.cat\/ceipvallpalau\/wp-content\/uploads\/usu984\/2022\/10\/cartell-donacio-sang.gif\"><img loading=\"lazy\" decoding=\"async\" class=\" wp-image-3241 alignright\" src=\"https:\/\/agora.xtec.cat\/ceipvallpalau\/wp-content\/uploads\/usu984\/2022\/10\/cartell-donacio-sang.gif\" alt=\"\" width=\"341\" height=\"489\" \/><\/a><\/strong><\/p>\n<p>Per poder donar sang heu de complir aquests requisits:<\/p>\n<p>&#8211; tenir de 18 a 65 anys<\/p>\n<p>&#8211; pesar m\u00e9s de 50 kgs<\/p>\n<p>&#8211; tenir bona salut<\/p>\n<p>\u00c9s important que doneu sang perqu\u00e8 podeu salvar vides i fer felices a\u00a0 moltes persones amb malalties, ferides greus, accidents, etc.<\/p>\n<p>Quan arribeu a l\u2019escola, us acompanyaran a la biblioteca i despr\u00e9s de la donaci\u00f3 us donaran un petit esmorzar i un detallet fet pels m\u00e9s petits de l\u2019escola.<\/p>\n<p><strong>Vinga, animeu-vos, sereu uns grans superherois i superhero\u00efnes!\u00a0<\/strong><\/p>\n<p><strong>Moltes vides depenen de vosaltres!<\/strong><\/p>\n<p>Moltes gr\u00e0cies per la vostra col\u00b7laboraci\u00f3<\/p>\n<p>Els alumnes de l\u2019escola<\/p>\n<p>&nbsp;<\/p>\n<p><iframe id=\"audio_94419236\" style=\"width: 100%;\" src=\"https:\/\/www.ivoox.com\/player_ej_94419236_6_1.html\" height=\"200\" frameborder=\"0\" scrolling=\"no\" allowfullscreen=\"allowfullscreen\"><\/iframe><\/p>\n","protected":false},"excerpt":{"rendered":"<p>Benvolgudes fam\u00edlies,<br \/>\nUn any m\u00e9s a l\u2019escola Vall de Palau farem la donaci\u00f3 de sang.<br \/>\nSer\u00e0\u00a0divendres 28 d\u2019octubre,\u00a0a partir de les 9 i fins a les 13 hores,\u00a0a la biblioteca de l\u2019escola.<a href=\"https:\/\/agora.xtec.cat\/ceipvallpalau\/wp-content\/uploads\/usu984\/2022\/10\/cartell-donacio-sang.gif\"><\/a><br \/>\nPer poder donar sang heu de complir aquests requisits:<br \/>\n&#8211; tenir de 18 a 65 anys<br \/>\n&#8211;&hellip;  <a href=\"https:\/\/agora.xtec.cat\/ceipvallpalau\/general\/campanya-de-donacio-de-sang-2022-%f0%9f%92%89\/\" title=\"Read Campanya de donaci\u00f3 de sang 2022 \ud83d\udc89\">Llegeix m\u00e9s\u00bb<\/a><\/p>\n","protected":false},"author":35,"featured_media":3241,"comment_status":"open","ping_status":"closed","sticky":false,"template":"","format":"standard","meta":{"_bbp_topic_count":0,"_bbp_reply_count":0,"_bbp_total_topic_count":0,"_bbp_total_reply_count":0,"_bbp_voice_count":0,"_bbp_anonymous_reply_count":0,"_bbp_topic_count_hidden":0,"_bbp_reply_count_hidden":0,"_bbp_forum_subforum_count":0,"footnotes":""},"categories":[13,14,15,62,1,4,5],"tags":[],"class_list":["post-3240","post","type-post","status-publish","format-standard","has-post-thumbnail","hentry","category-4t","category-5e","category-6e","category-com-grans","category-general","category-portada","category-primaria"],"post_mailing_queue_ids":[],"_links":{"self":[{"href":"https:\/\/agora.xtec.cat\/ceipvallpalau\/wp-json\/wp\/v2\/posts\/3240","targetHints":{"allow":["GET"]}}],"collection":[{"href":"https:\/\/agora.xtec.cat\/ceipvallpalau\/wp-json\/wp\/v2\/posts"}],"about":[{"href":"https:\/\/agora.xtec.cat\/ceipvallpalau\/wp-json\/wp\/v2\/types\/post"}],"author":[{"embeddable":true,"href":"https:\/\/agora.xtec.cat\/ceipvallpalau\/wp-json\/wp\/v2\/users\/35"}],"replies":[{"embeddable":true,"href":"https:\/\/agora.xtec.cat\/ceipvallpalau\/wp-json\/wp\/v2\/comments?post=3240"}],"version-history":[{"count":1,"href":"https:\/\/agora.xtec.cat\/ceipvallpalau\/wp-json\/wp\/v2\/posts\/3240\/revisions"}],"predecessor-version":[{"id":3242,"href":"https:\/\/agora.xtec.cat\/ceipvallpalau\/wp-json\/wp\/v2\/posts\/3240\/revisions\/3242"}],"wp:featuredmedia":[{"embeddable":true,"href":"https:\/\/agora.xtec.cat\/ceipvallpalau\/wp-json\/wp\/v2\/media\/3241"}],"wp:attachment":[{"href":"https:\/\/agora.xtec.cat\/ceipvallpalau\/wp-json\/wp\/v2\/media?parent=3240"}],"wp:term":[{"taxonomy":"category","embeddable":true,"href":"https:\/\/agora.xtec.cat\/ceipvallpalau\/wp-json\/wp\/v2\/categories?post=3240"},{"taxonomy":"post_tag","embeddable":true,"href":"https:\/\/agora.xtec.cat\/ceipvallpalau\/wp-json\/wp\/v2\/tags?post=3240"}],"curies":[{"name":"wp","href":"https:\/\/api.w.org\/{rel}","templated":true}]}}