{"id":3237,"date":"2022-10-21T09:57:26","date_gmt":"2022-10-21T07:57:26","guid":{"rendered":"https:\/\/agora.xtec.cat\/ceipvallpalau\/?p=3237"},"modified":"2022-10-21T09:57:26","modified_gmt":"2022-10-21T07:57:26","slug":"la-radio-de-lescola-%f0%9f%8e%99%ef%b8%8f","status":"publish","type":"post","link":"https:\/\/agora.xtec.cat\/ceipvallpalau\/general\/la-radio-de-lescola-%f0%9f%8e%99%ef%b8%8f\/","title":{"rendered":"La r\u00e0dio de l&#8217;escola \ud83c\udf99\ufe0f"},"content":{"rendered":"<p>Aquest any cada curs fa un servei a la comunitat, els i les alumnes de 6\u00e8 s&#8217;encarreguen de la r\u00e0dio escolar.<\/p>\n<p>Tots els cursos podran participar a la r\u00e0dio en diferents moments del curs, ja podeu escoltar els primers programes a la plataforma Ivoox clicant el seg\u00fcent enlla\u00e7.<\/p>\n<p><a href=\"https:\/\/www.ivoox.com\/podcast-radio-escola-vall-palau_sq_f11699224_1.html\">R\u00c0DIO DE L\u2019ESCOLA VALL PALAU (IVOOX)<\/a><\/p>\n<p><a href=\"https:\/\/agora.xtec.cat\/ceipvallpalau\/wp-content\/uploads\/usu984\/2022\/10\/Captura-de-pantalla-Ivoox-radio.png\"><img loading=\"lazy\" decoding=\"async\" class=\"alignnone size-large wp-image-3238\" src=\"https:\/\/agora.xtec.cat\/ceipvallpalau\/wp-content\/uploads\/usu984\/2022\/10\/Captura-de-pantalla-Ivoox-radio-1024x366.png\" alt=\"\" width=\"1024\" height=\"366\" srcset=\"https:\/\/agora.xtec.cat\/ceipvallpalau\/wp-content\/uploads\/usu984\/2022\/10\/Captura-de-pantalla-Ivoox-radio-1024x366.png 1024w, https:\/\/agora.xtec.cat\/ceipvallpalau\/wp-content\/uploads\/usu984\/2022\/10\/Captura-de-pantalla-Ivoox-radio-300x107.png 300w, https:\/\/agora.xtec.cat\/ceipvallpalau\/wp-content\/uploads\/usu984\/2022\/10\/Captura-de-pantalla-Ivoox-radio-768x275.png 768w, https:\/\/agora.xtec.cat\/ceipvallpalau\/wp-content\/uploads\/usu984\/2022\/10\/Captura-de-pantalla-Ivoox-radio-1536x550.png 1536w, https:\/\/agora.xtec.cat\/ceipvallpalau\/wp-content\/uploads\/usu984\/2022\/10\/Captura-de-pantalla-Ivoox-radio.png 1696w\" sizes=\"auto, (max-width: 1024px) 100vw, 1024px\" \/><\/a><\/p>\n","protected":false},"excerpt":{"rendered":"<p>Aquest any cada curs fa un servei a la comunitat, els i les alumnes de 6\u00e8 s&#8217;encarreguen de la r\u00e0dio escolar.<br \/>\nTots els cursos podran participar a la r\u00e0dio en diferents moments del curs, ja podeu escoltar els primers programes a la plataforma Ivoox clicant el&hellip;  <a href=\"https:\/\/agora.xtec.cat\/ceipvallpalau\/general\/la-radio-de-lescola-%f0%9f%8e%99%ef%b8%8f\/\" title=\"Read La r\u00e0dio de l&#8217;escola \ud83c\udf99\ufe0f\">Llegeix m\u00e9s\u00bb<\/a><\/p>\n","protected":false},"author":35,"featured_media":3235,"comment_status":"open","ping_status":"closed","sticky":false,"template":"","format":"standard","meta":{"_bbp_topic_count":0,"_bbp_reply_count":0,"_bbp_total_topic_count":0,"_bbp_total_reply_count":0,"_bbp_voice_count":0,"_bbp_anonymous_reply_count":0,"_bbp_topic_count_hidden":0,"_bbp_reply_count_hidden":0,"_bbp_forum_subforum_count":0,"footnotes":""},"categories":[13,14,15,62,1,4,5],"tags":[],"class_list":["post-3237","post","type-post","status-publish","format-standard","has-post-thumbnail","hentry","category-4t","category-5e","category-6e","category-com-grans","category-general","category-portada","category-primaria"],"post_mailing_queue_ids":[],"_links":{"self":[{"href":"https:\/\/agora.xtec.cat\/ceipvallpalau\/wp-json\/wp\/v2\/posts\/3237","targetHints":{"allow":["GET"]}}],"collection":[{"href":"https:\/\/agora.xtec.cat\/ceipvallpalau\/wp-json\/wp\/v2\/posts"}],"about":[{"href":"https:\/\/agora.xtec.cat\/ceipvallpalau\/wp-json\/wp\/v2\/types\/post"}],"author":[{"embeddable":true,"href":"https:\/\/agora.xtec.cat\/ceipvallpalau\/wp-json\/wp\/v2\/users\/35"}],"replies":[{"embeddable":true,"href":"https:\/\/agora.xtec.cat\/ceipvallpalau\/wp-json\/wp\/v2\/comments?post=3237"}],"version-history":[{"count":1,"href":"https:\/\/agora.xtec.cat\/ceipvallpalau\/wp-json\/wp\/v2\/posts\/3237\/revisions"}],"predecessor-version":[{"id":3239,"href":"https:\/\/agora.xtec.cat\/ceipvallpalau\/wp-json\/wp\/v2\/posts\/3237\/revisions\/3239"}],"wp:featuredmedia":[{"embeddable":true,"href":"https:\/\/agora.xtec.cat\/ceipvallpalau\/wp-json\/wp\/v2\/media\/3235"}],"wp:attachment":[{"href":"https:\/\/agora.xtec.cat\/ceipvallpalau\/wp-json\/wp\/v2\/media?parent=3237"}],"wp:term":[{"taxonomy":"category","embeddable":true,"href":"https:\/\/agora.xtec.cat\/ceipvallpalau\/wp-json\/wp\/v2\/categories?post=3237"},{"taxonomy":"post_tag","embeddable":true,"href":"https:\/\/agora.xtec.cat\/ceipvallpalau\/wp-json\/wp\/v2\/tags?post=3237"}],"curies":[{"name":"wp","href":"https:\/\/api.w.org\/{rel}","templated":true}]}}