{"id":2809,"date":"2021-10-29T17:00:06","date_gmt":"2021-10-29T15:00:06","guid":{"rendered":"https:\/\/agora.xtec.cat\/ceipvallpalau\/?p=2809"},"modified":"2021-11-05T16:06:26","modified_gmt":"2021-11-05T15:06:26","slug":"%f0%9f%8c%b0-castanyada-2021-%f0%9f%8c%b0","status":"publish","type":"post","link":"https:\/\/agora.xtec.cat\/ceipvallpalau\/general\/%f0%9f%8c%b0-castanyada-2021-%f0%9f%8c%b0\/","title":{"rendered":"\ud83c\udf30 Castanyada 2021 \ud83c\udf30"},"content":{"rendered":"<p>Qu\u00e8 b\u00e9 poder celebrar les nostres festes de nou!<\/p>\n<p>Amb una relativa nova normalitat, cuidant-nos els uns als altres i respectant les mesures de seguretat. El divendres 29 d&#8217;octubre vam celebrar la castanyada al pati de l&#8217;escola, tots junts! (mantenint la dist\u00e0ncia entre grups bombolla i amb mascareta, per\u00f2 al cap i a la fi, ens tornem a trobar).<\/p>\n<p>La castanyera ens va visitar un cop m\u00e9s, la trob\u00e0vem a faltar, ja que feia 2 anys que no venia. El v\u00eddeo que ens va enviar l&#8217;any passat, per\u00f2, va ser molt &#8216;guai&#8217;. \u00c9s una dona tradicional, per\u00f2 s&#8217;est\u00e0 modernitzant, no creieu?. Va ballar i ens va fer ballar a tots, porta el ritme a la sang, com els nostres alumnes de sis\u00e9 i els mestres de m\u00fasica. I el que porta tamb\u00e9 sempre s\u00f3n castanyes, evidentment, castanyes torrades que va repartir per tothom, de totes les fam\u00edlies, que van portar diaris per fer paperines i l&#8217;AMPA, que sempre fa possible que aquestes festes surtin b\u00e9.<\/p>\n<p>Deixem aqu\u00ed algunes fotos per a que gaudiu des de casa, esperem que h\u00e0giu passat tots una bona castanyada i despedim a la castanyera fins l&#8217;any que ve!<\/p>\n<p>Una abra\u00e7ada!<\/p>\n<p><img loading=\"lazy\" decoding=\"async\" class=\"size-medium wp-image-2810 alignleft\" src=\"https:\/\/agora.xtec.cat\/ceipvallpalau\/wp-content\/uploads\/usu984\/2021\/11\/PHOTO-2021-11-05-13-20-09-300x225.jpg\" alt=\"\" width=\"300\" height=\"225\" srcset=\"https:\/\/agora.xtec.cat\/ceipvallpalau\/wp-content\/uploads\/usu984\/2021\/11\/PHOTO-2021-11-05-13-20-09-300x225.jpg 300w, https:\/\/agora.xtec.cat\/ceipvallpalau\/wp-content\/uploads\/usu984\/2021\/11\/PHOTO-2021-11-05-13-20-09-1024x768.jpg 1024w, https:\/\/agora.xtec.cat\/ceipvallpalau\/wp-content\/uploads\/usu984\/2021\/11\/PHOTO-2021-11-05-13-20-09-768x576.jpg 768w, https:\/\/agora.xtec.cat\/ceipvallpalau\/wp-content\/uploads\/usu984\/2021\/11\/PHOTO-2021-11-05-13-20-09-1536x1152.jpg 1536w, https:\/\/agora.xtec.cat\/ceipvallpalau\/wp-content\/uploads\/usu984\/2021\/11\/PHOTO-2021-11-05-13-20-09-200x150.jpg 200w, https:\/\/agora.xtec.cat\/ceipvallpalau\/wp-content\/uploads\/usu984\/2021\/11\/PHOTO-2021-11-05-13-20-09.jpg 2048w\" sizes=\"auto, (max-width: 300px) 100vw, 300px\" \/> <img loading=\"lazy\" decoding=\"async\" class=\"size-medium wp-image-2811 alignleft\" src=\"https:\/\/agora.xtec.cat\/ceipvallpalau\/wp-content\/uploads\/usu984\/2021\/11\/PHOTO-2021-11-05-13-20-10-300x225.jpg\" alt=\"\" width=\"300\" height=\"225\" srcset=\"https:\/\/agora.xtec.cat\/ceipvallpalau\/wp-content\/uploads\/usu984\/2021\/11\/PHOTO-2021-11-05-13-20-10-300x225.jpg 300w, https:\/\/agora.xtec.cat\/ceipvallpalau\/wp-content\/uploads\/usu984\/2021\/11\/PHOTO-2021-11-05-13-20-10-1024x768.jpg 1024w, https:\/\/agora.xtec.cat\/ceipvallpalau\/wp-content\/uploads\/usu984\/2021\/11\/PHOTO-2021-11-05-13-20-10-768x576.jpg 768w, https:\/\/agora.xtec.cat\/ceipvallpalau\/wp-content\/uploads\/usu984\/2021\/11\/PHOTO-2021-11-05-13-20-10-1536x1152.jpg 1536w, https:\/\/agora.xtec.cat\/ceipvallpalau\/wp-content\/uploads\/usu984\/2021\/11\/PHOTO-2021-11-05-13-20-10-200x150.jpg 200w, https:\/\/agora.xtec.cat\/ceipvallpalau\/wp-content\/uploads\/usu984\/2021\/11\/PHOTO-2021-11-05-13-20-10.jpg 2048w\" sizes=\"auto, (max-width: 300px) 100vw, 300px\" \/> <img loading=\"lazy\" decoding=\"async\" class=\"size-medium wp-image-2812 alignleft\" src=\"https:\/\/agora.xtec.cat\/ceipvallpalau\/wp-content\/uploads\/usu984\/2021\/11\/PHOTO-2021-11-05-13-20-101-300x225.jpg\" alt=\"\" width=\"300\" height=\"225\" srcset=\"https:\/\/agora.xtec.cat\/ceipvallpalau\/wp-content\/uploads\/usu984\/2021\/11\/PHOTO-2021-11-05-13-20-101-300x225.jpg 300w, https:\/\/agora.xtec.cat\/ceipvallpalau\/wp-content\/uploads\/usu984\/2021\/11\/PHOTO-2021-11-05-13-20-101-1024x768.jpg 1024w, https:\/\/agora.xtec.cat\/ceipvallpalau\/wp-content\/uploads\/usu984\/2021\/11\/PHOTO-2021-11-05-13-20-101-768x576.jpg 768w, https:\/\/agora.xtec.cat\/ceipvallpalau\/wp-content\/uploads\/usu984\/2021\/11\/PHOTO-2021-11-05-13-20-101-1536x1152.jpg 1536w, https:\/\/agora.xtec.cat\/ceipvallpalau\/wp-content\/uploads\/usu984\/2021\/11\/PHOTO-2021-11-05-13-20-101-200x150.jpg 200w, https:\/\/agora.xtec.cat\/ceipvallpalau\/wp-content\/uploads\/usu984\/2021\/11\/PHOTO-2021-11-05-13-20-101.jpg 2048w\" sizes=\"auto, (max-width: 300px) 100vw, 300px\" \/> <img loading=\"lazy\" decoding=\"async\" class=\"size-medium wp-image-2813 alignleft\" src=\"https:\/\/agora.xtec.cat\/ceipvallpalau\/wp-content\/uploads\/usu984\/2021\/11\/PHOTO-2021-11-05-13-20-12-300x225.jpg\" alt=\"\" width=\"300\" height=\"225\" srcset=\"https:\/\/agora.xtec.cat\/ceipvallpalau\/wp-content\/uploads\/usu984\/2021\/11\/PHOTO-2021-11-05-13-20-12-300x225.jpg 300w, https:\/\/agora.xtec.cat\/ceipvallpalau\/wp-content\/uploads\/usu984\/2021\/11\/PHOTO-2021-11-05-13-20-12-1024x768.jpg 1024w, https:\/\/agora.xtec.cat\/ceipvallpalau\/wp-content\/uploads\/usu984\/2021\/11\/PHOTO-2021-11-05-13-20-12-768x576.jpg 768w, https:\/\/agora.xtec.cat\/ceipvallpalau\/wp-content\/uploads\/usu984\/2021\/11\/PHOTO-2021-11-05-13-20-12-1536x1152.jpg 1536w, https:\/\/agora.xtec.cat\/ceipvallpalau\/wp-content\/uploads\/usu984\/2021\/11\/PHOTO-2021-11-05-13-20-12-200x150.jpg 200w, https:\/\/agora.xtec.cat\/ceipvallpalau\/wp-content\/uploads\/usu984\/2021\/11\/PHOTO-2021-11-05-13-20-12.jpg 2048w\" sizes=\"auto, (max-width: 300px) 100vw, 300px\" \/> <img loading=\"lazy\" decoding=\"async\" class=\"size-medium wp-image-2814 alignleft\" src=\"https:\/\/agora.xtec.cat\/ceipvallpalau\/wp-content\/uploads\/usu984\/2021\/11\/PHOTO-2021-11-05-13-20-121-300x225.jpg\" alt=\"\" width=\"300\" height=\"225\" srcset=\"https:\/\/agora.xtec.cat\/ceipvallpalau\/wp-content\/uploads\/usu984\/2021\/11\/PHOTO-2021-11-05-13-20-121-300x225.jpg 300w, https:\/\/agora.xtec.cat\/ceipvallpalau\/wp-content\/uploads\/usu984\/2021\/11\/PHOTO-2021-11-05-13-20-121-1024x768.jpg 1024w, https:\/\/agora.xtec.cat\/ceipvallpalau\/wp-content\/uploads\/usu984\/2021\/11\/PHOTO-2021-11-05-13-20-121-768x576.jpg 768w, https:\/\/agora.xtec.cat\/ceipvallpalau\/wp-content\/uploads\/usu984\/2021\/11\/PHOTO-2021-11-05-13-20-121-1536x1152.jpg 1536w, https:\/\/agora.xtec.cat\/ceipvallpalau\/wp-content\/uploads\/usu984\/2021\/11\/PHOTO-2021-11-05-13-20-121-200x150.jpg 200w, https:\/\/agora.xtec.cat\/ceipvallpalau\/wp-content\/uploads\/usu984\/2021\/11\/PHOTO-2021-11-05-13-20-121.jpg 2048w\" sizes=\"auto, (max-width: 300px) 100vw, 300px\" \/> <img loading=\"lazy\" decoding=\"async\" class=\"size-medium wp-image-2815 alignleft\" src=\"https:\/\/agora.xtec.cat\/ceipvallpalau\/wp-content\/uploads\/usu984\/2021\/11\/PHOTO-2021-11-05-13-20-122-300x225.jpg\" alt=\"\" width=\"300\" height=\"225\" srcset=\"https:\/\/agora.xtec.cat\/ceipvallpalau\/wp-content\/uploads\/usu984\/2021\/11\/PHOTO-2021-11-05-13-20-122-300x225.jpg 300w, https:\/\/agora.xtec.cat\/ceipvallpalau\/wp-content\/uploads\/usu984\/2021\/11\/PHOTO-2021-11-05-13-20-122-1024x768.jpg 1024w, https:\/\/agora.xtec.cat\/ceipvallpalau\/wp-content\/uploads\/usu984\/2021\/11\/PHOTO-2021-11-05-13-20-122-768x576.jpg 768w, https:\/\/agora.xtec.cat\/ceipvallpalau\/wp-content\/uploads\/usu984\/2021\/11\/PHOTO-2021-11-05-13-20-122-1536x1152.jpg 1536w, https:\/\/agora.xtec.cat\/ceipvallpalau\/wp-content\/uploads\/usu984\/2021\/11\/PHOTO-2021-11-05-13-20-122-200x150.jpg 200w, https:\/\/agora.xtec.cat\/ceipvallpalau\/wp-content\/uploads\/usu984\/2021\/11\/PHOTO-2021-11-05-13-20-122.jpg 2048w\" sizes=\"auto, (max-width: 300px) 100vw, 300px\" \/> <img loading=\"lazy\" decoding=\"async\" class=\"size-medium wp-image-2816 alignleft\" src=\"https:\/\/agora.xtec.cat\/ceipvallpalau\/wp-content\/uploads\/usu984\/2021\/11\/PHOTO-2021-11-05-13-20-123-300x225.jpg\" alt=\"\" width=\"300\" height=\"225\" srcset=\"https:\/\/agora.xtec.cat\/ceipvallpalau\/wp-content\/uploads\/usu984\/2021\/11\/PHOTO-2021-11-05-13-20-123-300x225.jpg 300w, https:\/\/agora.xtec.cat\/ceipvallpalau\/wp-content\/uploads\/usu984\/2021\/11\/PHOTO-2021-11-05-13-20-123-1024x768.jpg 1024w, https:\/\/agora.xtec.cat\/ceipvallpalau\/wp-content\/uploads\/usu984\/2021\/11\/PHOTO-2021-11-05-13-20-123-768x576.jpg 768w, https:\/\/agora.xtec.cat\/ceipvallpalau\/wp-content\/uploads\/usu984\/2021\/11\/PHOTO-2021-11-05-13-20-123-1536x1152.jpg 1536w, https:\/\/agora.xtec.cat\/ceipvallpalau\/wp-content\/uploads\/usu984\/2021\/11\/PHOTO-2021-11-05-13-20-123-200x150.jpg 200w, https:\/\/agora.xtec.cat\/ceipvallpalau\/wp-content\/uploads\/usu984\/2021\/11\/PHOTO-2021-11-05-13-20-123.jpg 2048w\" sizes=\"auto, (max-width: 300px) 100vw, 300px\" \/> <img loading=\"lazy\" decoding=\"async\" class=\"size-medium wp-image-2817 alignleft\" src=\"https:\/\/agora.xtec.cat\/ceipvallpalau\/wp-content\/uploads\/usu984\/2021\/11\/PHOTO-2021-11-05-13-20-13-300x225.jpg\" alt=\"\" width=\"300\" height=\"225\" srcset=\"https:\/\/agora.xtec.cat\/ceipvallpalau\/wp-content\/uploads\/usu984\/2021\/11\/PHOTO-2021-11-05-13-20-13-300x225.jpg 300w, https:\/\/agora.xtec.cat\/ceipvallpalau\/wp-content\/uploads\/usu984\/2021\/11\/PHOTO-2021-11-05-13-20-13-1024x768.jpg 1024w, https:\/\/agora.xtec.cat\/ceipvallpalau\/wp-content\/uploads\/usu984\/2021\/11\/PHOTO-2021-11-05-13-20-13-768x576.jpg 768w, https:\/\/agora.xtec.cat\/ceipvallpalau\/wp-content\/uploads\/usu984\/2021\/11\/PHOTO-2021-11-05-13-20-13-1536x1152.jpg 1536w, https:\/\/agora.xtec.cat\/ceipvallpalau\/wp-content\/uploads\/usu984\/2021\/11\/PHOTO-2021-11-05-13-20-13-200x150.jpg 200w, https:\/\/agora.xtec.cat\/ceipvallpalau\/wp-content\/uploads\/usu984\/2021\/11\/PHOTO-2021-11-05-13-20-13.jpg 2048w\" sizes=\"auto, (max-width: 300px) 100vw, 300px\" \/> <img loading=\"lazy\" decoding=\"async\" class=\"size-medium wp-image-2818 alignleft\" src=\"https:\/\/agora.xtec.cat\/ceipvallpalau\/wp-content\/uploads\/usu984\/2021\/11\/PHOTO-2021-11-05-13-20-131-300x225.jpg\" alt=\"\" width=\"300\" height=\"225\" srcset=\"https:\/\/agora.xtec.cat\/ceipvallpalau\/wp-content\/uploads\/usu984\/2021\/11\/PHOTO-2021-11-05-13-20-131-300x225.jpg 300w, https:\/\/agora.xtec.cat\/ceipvallpalau\/wp-content\/uploads\/usu984\/2021\/11\/PHOTO-2021-11-05-13-20-131-1024x768.jpg 1024w, https:\/\/agora.xtec.cat\/ceipvallpalau\/wp-content\/uploads\/usu984\/2021\/11\/PHOTO-2021-11-05-13-20-131-768x576.jpg 768w, https:\/\/agora.xtec.cat\/ceipvallpalau\/wp-content\/uploads\/usu984\/2021\/11\/PHOTO-2021-11-05-13-20-131-1536x1152.jpg 1536w, https:\/\/agora.xtec.cat\/ceipvallpalau\/wp-content\/uploads\/usu984\/2021\/11\/PHOTO-2021-11-05-13-20-131-200x150.jpg 200w, https:\/\/agora.xtec.cat\/ceipvallpalau\/wp-content\/uploads\/usu984\/2021\/11\/PHOTO-2021-11-05-13-20-131.jpg 2048w\" sizes=\"auto, (max-width: 300px) 100vw, 300px\" \/> <img loading=\"lazy\" decoding=\"async\" class=\"size-medium wp-image-2819 alignleft\" src=\"https:\/\/agora.xtec.cat\/ceipvallpalau\/wp-content\/uploads\/usu984\/2021\/11\/PHOTO-2021-11-05-13-20-14-300x225.jpg\" alt=\"\" width=\"300\" height=\"225\" srcset=\"https:\/\/agora.xtec.cat\/ceipvallpalau\/wp-content\/uploads\/usu984\/2021\/11\/PHOTO-2021-11-05-13-20-14-300x225.jpg 300w, https:\/\/agora.xtec.cat\/ceipvallpalau\/wp-content\/uploads\/usu984\/2021\/11\/PHOTO-2021-11-05-13-20-14-1024x768.jpg 1024w, https:\/\/agora.xtec.cat\/ceipvallpalau\/wp-content\/uploads\/usu984\/2021\/11\/PHOTO-2021-11-05-13-20-14-768x576.jpg 768w, https:\/\/agora.xtec.cat\/ceipvallpalau\/wp-content\/uploads\/usu984\/2021\/11\/PHOTO-2021-11-05-13-20-14-1536x1152.jpg 1536w, https:\/\/agora.xtec.cat\/ceipvallpalau\/wp-content\/uploads\/usu984\/2021\/11\/PHOTO-2021-11-05-13-20-14-200x150.jpg 200w, https:\/\/agora.xtec.cat\/ceipvallpalau\/wp-content\/uploads\/usu984\/2021\/11\/PHOTO-2021-11-05-13-20-14.jpg 2048w\" sizes=\"auto, (max-width: 300px) 100vw, 300px\" \/> <img loading=\"lazy\" decoding=\"async\" class=\"size-medium wp-image-2820 alignleft\" src=\"https:\/\/agora.xtec.cat\/ceipvallpalau\/wp-content\/uploads\/usu984\/2021\/11\/PHOTO-2021-11-05-13-20-141-300x225.jpg\" alt=\"\" width=\"300\" height=\"225\" srcset=\"https:\/\/agora.xtec.cat\/ceipvallpalau\/wp-content\/uploads\/usu984\/2021\/11\/PHOTO-2021-11-05-13-20-141-300x225.jpg 300w, https:\/\/agora.xtec.cat\/ceipvallpalau\/wp-content\/uploads\/usu984\/2021\/11\/PHOTO-2021-11-05-13-20-141-1024x768.jpg 1024w, https:\/\/agora.xtec.cat\/ceipvallpalau\/wp-content\/uploads\/usu984\/2021\/11\/PHOTO-2021-11-05-13-20-141-768x576.jpg 768w, https:\/\/agora.xtec.cat\/ceipvallpalau\/wp-content\/uploads\/usu984\/2021\/11\/PHOTO-2021-11-05-13-20-141-1536x1152.jpg 1536w, https:\/\/agora.xtec.cat\/ceipvallpalau\/wp-content\/uploads\/usu984\/2021\/11\/PHOTO-2021-11-05-13-20-141-200x150.jpg 200w, https:\/\/agora.xtec.cat\/ceipvallpalau\/wp-content\/uploads\/usu984\/2021\/11\/PHOTO-2021-11-05-13-20-141.jpg 2048w\" sizes=\"auto, (max-width: 300px) 100vw, 300px\" \/> <img loading=\"lazy\" decoding=\"async\" class=\"size-medium wp-image-2821 alignleft\" src=\"https:\/\/agora.xtec.cat\/ceipvallpalau\/wp-content\/uploads\/usu984\/2021\/11\/PHOTO-2021-11-05-13-20-15-300x225.jpg\" alt=\"\" width=\"300\" height=\"225\" srcset=\"https:\/\/agora.xtec.cat\/ceipvallpalau\/wp-content\/uploads\/usu984\/2021\/11\/PHOTO-2021-11-05-13-20-15-300x225.jpg 300w, https:\/\/agora.xtec.cat\/ceipvallpalau\/wp-content\/uploads\/usu984\/2021\/11\/PHOTO-2021-11-05-13-20-15-1024x768.jpg 1024w, https:\/\/agora.xtec.cat\/ceipvallpalau\/wp-content\/uploads\/usu984\/2021\/11\/PHOTO-2021-11-05-13-20-15-768x576.jpg 768w, https:\/\/agora.xtec.cat\/ceipvallpalau\/wp-content\/uploads\/usu984\/2021\/11\/PHOTO-2021-11-05-13-20-15-1536x1152.jpg 1536w, https:\/\/agora.xtec.cat\/ceipvallpalau\/wp-content\/uploads\/usu984\/2021\/11\/PHOTO-2021-11-05-13-20-15-200x150.jpg 200w, https:\/\/agora.xtec.cat\/ceipvallpalau\/wp-content\/uploads\/usu984\/2021\/11\/PHOTO-2021-11-05-13-20-15.jpg 2048w\" sizes=\"auto, (max-width: 300px) 100vw, 300px\" \/> <img loading=\"lazy\" decoding=\"async\" class=\"size-medium wp-image-2822 alignleft\" src=\"https:\/\/agora.xtec.cat\/ceipvallpalau\/wp-content\/uploads\/usu984\/2021\/11\/PHOTO-2021-11-05-13-20-16-300x225.jpg\" alt=\"\" width=\"300\" height=\"225\" srcset=\"https:\/\/agora.xtec.cat\/ceipvallpalau\/wp-content\/uploads\/usu984\/2021\/11\/PHOTO-2021-11-05-13-20-16-300x225.jpg 300w, https:\/\/agora.xtec.cat\/ceipvallpalau\/wp-content\/uploads\/usu984\/2021\/11\/PHOTO-2021-11-05-13-20-16-1024x768.jpg 1024w, https:\/\/agora.xtec.cat\/ceipvallpalau\/wp-content\/uploads\/usu984\/2021\/11\/PHOTO-2021-11-05-13-20-16-768x576.jpg 768w, https:\/\/agora.xtec.cat\/ceipvallpalau\/wp-content\/uploads\/usu984\/2021\/11\/PHOTO-2021-11-05-13-20-16-1536x1152.jpg 1536w, https:\/\/agora.xtec.cat\/ceipvallpalau\/wp-content\/uploads\/usu984\/2021\/11\/PHOTO-2021-11-05-13-20-16-200x150.jpg 200w, https:\/\/agora.xtec.cat\/ceipvallpalau\/wp-content\/uploads\/usu984\/2021\/11\/PHOTO-2021-11-05-13-20-16.jpg 2048w\" sizes=\"auto, (max-width: 300px) 100vw, 300px\" \/> <img loading=\"lazy\" decoding=\"async\" class=\"size-medium wp-image-2823 alignleft\" src=\"https:\/\/agora.xtec.cat\/ceipvallpalau\/wp-content\/uploads\/usu984\/2021\/11\/PHOTO-2021-11-05-13-20-17-300x225.jpg\" alt=\"\" width=\"300\" height=\"225\" srcset=\"https:\/\/agora.xtec.cat\/ceipvallpalau\/wp-content\/uploads\/usu984\/2021\/11\/PHOTO-2021-11-05-13-20-17-300x225.jpg 300w, https:\/\/agora.xtec.cat\/ceipvallpalau\/wp-content\/uploads\/usu984\/2021\/11\/PHOTO-2021-11-05-13-20-17-1024x768.jpg 1024w, https:\/\/agora.xtec.cat\/ceipvallpalau\/wp-content\/uploads\/usu984\/2021\/11\/PHOTO-2021-11-05-13-20-17-768x576.jpg 768w, https:\/\/agora.xtec.cat\/ceipvallpalau\/wp-content\/uploads\/usu984\/2021\/11\/PHOTO-2021-11-05-13-20-17-1536x1152.jpg 1536w, https:\/\/agora.xtec.cat\/ceipvallpalau\/wp-content\/uploads\/usu984\/2021\/11\/PHOTO-2021-11-05-13-20-17-200x150.jpg 200w, https:\/\/agora.xtec.cat\/ceipvallpalau\/wp-content\/uploads\/usu984\/2021\/11\/PHOTO-2021-11-05-13-20-17.jpg 2048w\" sizes=\"auto, (max-width: 300px) 100vw, 300px\" \/> <strong><img loading=\"lazy\" decoding=\"async\" class=\"size-medium wp-image-2824 alignleft\" src=\"https:\/\/agora.xtec.cat\/ceipvallpalau\/wp-content\/uploads\/usu984\/2021\/11\/PHOTO-2021-11-05-13-20-171-300x225.jpg\" alt=\"\" width=\"300\" height=\"225\" srcset=\"https:\/\/agora.xtec.cat\/ceipvallpalau\/wp-content\/uploads\/usu984\/2021\/11\/PHOTO-2021-11-05-13-20-171-300x225.jpg 300w, https:\/\/agora.xtec.cat\/ceipvallpalau\/wp-content\/uploads\/usu984\/2021\/11\/PHOTO-2021-11-05-13-20-171-1024x768.jpg 1024w, https:\/\/agora.xtec.cat\/ceipvallpalau\/wp-content\/uploads\/usu984\/2021\/11\/PHOTO-2021-11-05-13-20-171-768x576.jpg 768w, https:\/\/agora.xtec.cat\/ceipvallpalau\/wp-content\/uploads\/usu984\/2021\/11\/PHOTO-2021-11-05-13-20-171-1536x1152.jpg 1536w, https:\/\/agora.xtec.cat\/ceipvallpalau\/wp-content\/uploads\/usu984\/2021\/11\/PHOTO-2021-11-05-13-20-171-200x150.jpg 200w, https:\/\/agora.xtec.cat\/ceipvallpalau\/wp-content\/uploads\/usu984\/2021\/11\/PHOTO-2021-11-05-13-20-171.jpg 2048w\" sizes=\"auto, (max-width: 300px) 100vw, 300px\" \/><\/strong> <img loading=\"lazy\" decoding=\"async\" class=\"size-medium wp-image-2825 alignleft\" src=\"https:\/\/agora.xtec.cat\/ceipvallpalau\/wp-content\/uploads\/usu984\/2021\/11\/PHOTO-2021-11-05-13-20-18-300x225.jpg\" alt=\"\" width=\"300\" height=\"225\" srcset=\"https:\/\/agora.xtec.cat\/ceipvallpalau\/wp-content\/uploads\/usu984\/2021\/11\/PHOTO-2021-11-05-13-20-18-300x225.jpg 300w, https:\/\/agora.xtec.cat\/ceipvallpalau\/wp-content\/uploads\/usu984\/2021\/11\/PHOTO-2021-11-05-13-20-18-1024x768.jpg 1024w, https:\/\/agora.xtec.cat\/ceipvallpalau\/wp-content\/uploads\/usu984\/2021\/11\/PHOTO-2021-11-05-13-20-18-768x576.jpg 768w, https:\/\/agora.xtec.cat\/ceipvallpalau\/wp-content\/uploads\/usu984\/2021\/11\/PHOTO-2021-11-05-13-20-18-1536x1152.jpg 1536w, https:\/\/agora.xtec.cat\/ceipvallpalau\/wp-content\/uploads\/usu984\/2021\/11\/PHOTO-2021-11-05-13-20-18-200x150.jpg 200w, https:\/\/agora.xtec.cat\/ceipvallpalau\/wp-content\/uploads\/usu984\/2021\/11\/PHOTO-2021-11-05-13-20-18.jpg 2048w\" sizes=\"auto, (max-width: 300px) 100vw, 300px\" \/><\/p>\n<p>&nbsp;<\/p>\n","protected":false},"excerpt":{"rendered":"<p>Qu\u00e8 b\u00e9 poder celebrar les nostres festes de nou!<br \/>\nAmb una relativa nova normalitat, cuidant-nos els uns als altres i respectant les mesures de seguretat. El divendres 29 d&#8217;octubre vam celebrar la castanyada al pati de l&#8217;escola, tots junts! (mantenint la dist\u00e0ncia entre grups bombolla i&hellip;  <a href=\"https:\/\/agora.xtec.cat\/ceipvallpalau\/general\/%f0%9f%8c%b0-castanyada-2021-%f0%9f%8c%b0\/\" title=\"Read \ud83c\udf30 Castanyada 2021 \ud83c\udf30\">Llegeix m\u00e9s\u00bb<\/a><\/p>\n","protected":false},"author":1,"featured_media":2817,"comment_status":"open","ping_status":"closed","sticky":false,"template":"","format":"standard","meta":{"_bbp_topic_count":0,"_bbp_reply_count":0,"_bbp_total_topic_count":0,"_bbp_total_reply_count":0,"_bbp_voice_count":0,"_bbp_anonymous_reply_count":0,"_bbp_topic_count_hidden":0,"_bbp_reply_count_hidden":0,"_bbp_forum_subforum_count":0,"footnotes":""},"categories":[2,1,4,5],"tags":[],"class_list":["post-2809","post","type-post","status-publish","format-standard","has-post-thumbnail","hentry","category-petits","category-general","category-portada","category-primaria"],"post_mailing_queue_ids":[],"_links":{"self":[{"href":"https:\/\/agora.xtec.cat\/ceipvallpalau\/wp-json\/wp\/v2\/posts\/2809","targetHints":{"allow":["GET"]}}],"collection":[{"href":"https:\/\/agora.xtec.cat\/ceipvallpalau\/wp-json\/wp\/v2\/posts"}],"about":[{"href":"https:\/\/agora.xtec.cat\/ceipvallpalau\/wp-json\/wp\/v2\/types\/post"}],"author":[{"embeddable":true,"href":"https:\/\/agora.xtec.cat\/ceipvallpalau\/wp-json\/wp\/v2\/users\/1"}],"replies":[{"embeddable":true,"href":"https:\/\/agora.xtec.cat\/ceipvallpalau\/wp-json\/wp\/v2\/comments?post=2809"}],"version-history":[{"count":1,"href":"https:\/\/agora.xtec.cat\/ceipvallpalau\/wp-json\/wp\/v2\/posts\/2809\/revisions"}],"predecessor-version":[{"id":2826,"href":"https:\/\/agora.xtec.cat\/ceipvallpalau\/wp-json\/wp\/v2\/posts\/2809\/revisions\/2826"}],"wp:featuredmedia":[{"embeddable":true,"href":"https:\/\/agora.xtec.cat\/ceipvallpalau\/wp-json\/wp\/v2\/media\/2817"}],"wp:attachment":[{"href":"https:\/\/agora.xtec.cat\/ceipvallpalau\/wp-json\/wp\/v2\/media?parent=2809"}],"wp:term":[{"taxonomy":"category","embeddable":true,"href":"https:\/\/agora.xtec.cat\/ceipvallpalau\/wp-json\/wp\/v2\/categories?post=2809"},{"taxonomy":"post_tag","embeddable":true,"href":"https:\/\/agora.xtec.cat\/ceipvallpalau\/wp-json\/wp\/v2\/tags?post=2809"}],"curies":[{"name":"wp","href":"https:\/\/api.w.org\/{rel}","templated":true}]}}