{"id":2615,"date":"2021-04-23T14:50:33","date_gmt":"2021-04-23T12:50:33","guid":{"rendered":"http:\/\/agora.xtec.cat\/ceipvallpalau\/?p=2615"},"modified":"2021-04-23T14:55:29","modified_gmt":"2021-04-23T12:55:29","slug":"%f0%9f%8c%b9felic-sant-jordi%f0%9f%90%89","status":"publish","type":"post","link":"https:\/\/agora.xtec.cat\/ceipvallpalau\/general\/%f0%9f%8c%b9felic-sant-jordi%f0%9f%90%89\/","title":{"rendered":"\ud83c\udf39Feli\u00e7 Sant Jordi!\ud83d\udc09"},"content":{"rendered":"<p>\ud83d\udcd8 Estimades fam\u00edlies, avui a l&#8217;escola hem celebrat Sant Jordi i ens ho hem passat d&#8217;all\u00f2 m\u00e9s b\u00e9.<\/p>\n<p>Els i les alumnes de sis\u00e9 han preparat un munt de tallers i tots hem gaudit d&#8217;un espl\u00e8ndid dia de sol i activitats amb els companys\/es.<\/p>\n<p>Hem ballat, pintat,\u00a0 llegit i descobert. Hem jugat, rigut i compartit.<\/p>\n<p>Esperem que vosaltres gaudiu de Sant Jordi tant com nosaltres.<\/p>\n<p>Feli\u00e7 Sant Jordi!<\/p>\n","protected":false},"excerpt":{"rendered":"<p>\ud83d\udcd8 Estimades fam\u00edlies, avui a l&#8217;escola hem celebrat Sant Jordi i ens ho hem passat d&#8217;all\u00f2 m\u00e9s b\u00e9.<br \/>\nEls i les alumnes de sis\u00e9 han preparat un munt de tallers i tots hem gaudit d&#8217;un espl\u00e8ndid dia de sol i activitats amb els companys\/es.<br \/>\nHem ballat, pintat,\u00a0&hellip;  <a href=\"https:\/\/agora.xtec.cat\/ceipvallpalau\/general\/%f0%9f%8c%b9felic-sant-jordi%f0%9f%90%89\/\" title=\"Read \ud83c\udf39Feli\u00e7 Sant Jordi!\ud83d\udc09\">Llegeix m\u00e9s\u00bb<\/a><\/p>\n","protected":false},"author":35,"featured_media":2617,"comment_status":"open","ping_status":"closed","sticky":false,"template":"","format":"standard","meta":{"_bbp_topic_count":0,"_bbp_reply_count":0,"_bbp_total_topic_count":0,"_bbp_total_reply_count":0,"_bbp_voice_count":0,"_bbp_anonymous_reply_count":0,"_bbp_topic_count_hidden":0,"_bbp_reply_count_hidden":0,"_bbp_forum_subforum_count":0,"footnotes":""},"categories":[1,4],"tags":[],"class_list":["post-2615","post","type-post","status-publish","format-standard","has-post-thumbnail","hentry","category-general","category-portada"],"post_mailing_queue_ids":[],"_links":{"self":[{"href":"https:\/\/agora.xtec.cat\/ceipvallpalau\/wp-json\/wp\/v2\/posts\/2615","targetHints":{"allow":["GET"]}}],"collection":[{"href":"https:\/\/agora.xtec.cat\/ceipvallpalau\/wp-json\/wp\/v2\/posts"}],"about":[{"href":"https:\/\/agora.xtec.cat\/ceipvallpalau\/wp-json\/wp\/v2\/types\/post"}],"author":[{"embeddable":true,"href":"https:\/\/agora.xtec.cat\/ceipvallpalau\/wp-json\/wp\/v2\/users\/35"}],"replies":[{"embeddable":true,"href":"https:\/\/agora.xtec.cat\/ceipvallpalau\/wp-json\/wp\/v2\/comments?post=2615"}],"version-history":[{"count":3,"href":"https:\/\/agora.xtec.cat\/ceipvallpalau\/wp-json\/wp\/v2\/posts\/2615\/revisions"}],"predecessor-version":[{"id":2621,"href":"https:\/\/agora.xtec.cat\/ceipvallpalau\/wp-json\/wp\/v2\/posts\/2615\/revisions\/2621"}],"wp:featuredmedia":[{"embeddable":true,"href":"https:\/\/agora.xtec.cat\/ceipvallpalau\/wp-json\/wp\/v2\/media\/2617"}],"wp:attachment":[{"href":"https:\/\/agora.xtec.cat\/ceipvallpalau\/wp-json\/wp\/v2\/media?parent=2615"}],"wp:term":[{"taxonomy":"category","embeddable":true,"href":"https:\/\/agora.xtec.cat\/ceipvallpalau\/wp-json\/wp\/v2\/categories?post=2615"},{"taxonomy":"post_tag","embeddable":true,"href":"https:\/\/agora.xtec.cat\/ceipvallpalau\/wp-json\/wp\/v2\/tags?post=2615"}],"curies":[{"name":"wp","href":"https:\/\/api.w.org\/{rel}","templated":true}]}}