{"id":2396,"date":"2021-02-16T10:15:55","date_gmt":"2021-02-16T09:15:55","guid":{"rendered":"http:\/\/agora.xtec.cat\/ceipvallpalau\/?p=2396"},"modified":"2021-02-17T12:34:05","modified_gmt":"2021-02-17T11:34:05","slug":"taller-de-maquetes-denergies-renovables","status":"publish","type":"post","link":"https:\/\/agora.xtec.cat\/ceipvallpalau\/portada\/taller-de-maquetes-denergies-renovables\/","title":{"rendered":"Taller de maquetes d&#8217;energies renovables"},"content":{"rendered":"<p>Dins de la setmana cultural de l&#8217;escola, els alumnes de cicle superior hem realitzat un taller on, despr\u00e9s d&#8217;una explicaci\u00f3 sobre les fonts d&#8217;energies netes (solar, hidr\u00e0ulica, e\u00f2lica&#8230;), hav\u00edem de construir una maqueta amb material k&#8217;nex que funcion\u00e9s o produ\u00eds energies renovables.<a href=\"https:\/\/agora.xtec.cat\/ceipvallpalau\/wp-content\/uploads\/usu984\/2021\/02\/P1010534.jpg\"><img loading=\"lazy\" decoding=\"async\" class=\"alignnone size-full wp-image-2398\" src=\"https:\/\/agora.xtec.cat\/ceipvallpalau\/wp-content\/uploads\/usu984\/2021\/02\/P1010534.jpg\" alt=\"\" width=\"640\" height=\"480\" srcset=\"https:\/\/agora.xtec.cat\/ceipvallpalau\/wp-content\/uploads\/usu984\/2021\/02\/P1010534.jpg 640w, https:\/\/agora.xtec.cat\/ceipvallpalau\/wp-content\/uploads\/usu984\/2021\/02\/P1010534-300x225.jpg 300w, https:\/\/agora.xtec.cat\/ceipvallpalau\/wp-content\/uploads\/usu984\/2021\/02\/P1010534-200x150.jpg 200w\" sizes=\"auto, (max-width: 640px) 100vw, 640px\" \/><\/a><\/p>\n","protected":false},"excerpt":{"rendered":"<p>Dins de la setmana cultural de l&#8217;escola, els alumnes de cicle superior hem realitzat un taller on, despr\u00e9s d&#8217;una explicaci\u00f3 sobre les fonts d&#8217;energies netes (solar, hidr\u00e0ulica, e\u00f2lica&#8230;), hav\u00edem de construir una maqueta amb material k&#8217;nex que funcion\u00e9s o produ\u00eds energies renovables.<a href=\"https:\/\/agora.xtec.cat\/ceipvallpalau\/wp-content\/uploads\/usu984\/2021\/02\/P1010534.jpg\"><\/a><\/p>\n","protected":false},"author":35,"featured_media":2397,"comment_status":"open","ping_status":"closed","sticky":false,"template":"","format":"standard","meta":{"_bbp_topic_count":0,"_bbp_reply_count":0,"_bbp_total_topic_count":0,"_bbp_total_reply_count":0,"_bbp_voice_count":0,"_bbp_anonymous_reply_count":0,"_bbp_topic_count_hidden":0,"_bbp_reply_count_hidden":0,"_bbp_forum_subforum_count":0,"footnotes":""},"categories":[62,4],"tags":[123,105],"class_list":["post-2396","post","type-post","status-publish","format-standard","has-post-thumbnail","hentry","category-com-grans","category-portada","tag-energies-renovables","tag-setmana-cultural"],"post_mailing_queue_ids":[],"_links":{"self":[{"href":"https:\/\/agora.xtec.cat\/ceipvallpalau\/wp-json\/wp\/v2\/posts\/2396","targetHints":{"allow":["GET"]}}],"collection":[{"href":"https:\/\/agora.xtec.cat\/ceipvallpalau\/wp-json\/wp\/v2\/posts"}],"about":[{"href":"https:\/\/agora.xtec.cat\/ceipvallpalau\/wp-json\/wp\/v2\/types\/post"}],"author":[{"embeddable":true,"href":"https:\/\/agora.xtec.cat\/ceipvallpalau\/wp-json\/wp\/v2\/users\/35"}],"replies":[{"embeddable":true,"href":"https:\/\/agora.xtec.cat\/ceipvallpalau\/wp-json\/wp\/v2\/comments?post=2396"}],"version-history":[{"count":2,"href":"https:\/\/agora.xtec.cat\/ceipvallpalau\/wp-json\/wp\/v2\/posts\/2396\/revisions"}],"predecessor-version":[{"id":2400,"href":"https:\/\/agora.xtec.cat\/ceipvallpalau\/wp-json\/wp\/v2\/posts\/2396\/revisions\/2400"}],"wp:featuredmedia":[{"embeddable":true,"href":"https:\/\/agora.xtec.cat\/ceipvallpalau\/wp-json\/wp\/v2\/media\/2397"}],"wp:attachment":[{"href":"https:\/\/agora.xtec.cat\/ceipvallpalau\/wp-json\/wp\/v2\/media?parent=2396"}],"wp:term":[{"taxonomy":"category","embeddable":true,"href":"https:\/\/agora.xtec.cat\/ceipvallpalau\/wp-json\/wp\/v2\/categories?post=2396"},{"taxonomy":"post_tag","embeddable":true,"href":"https:\/\/agora.xtec.cat\/ceipvallpalau\/wp-json\/wp\/v2\/tags?post=2396"}],"curies":[{"name":"wp","href":"https:\/\/api.w.org\/{rel}","templated":true}]}}