{"id":2322,"date":"2021-01-26T21:21:46","date_gmt":"2021-01-26T20:21:46","guid":{"rendered":"http:\/\/agora.xtec.cat\/ceipvallpalau\/?p=2322"},"modified":"2021-02-17T12:56:24","modified_gmt":"2021-02-17T11:56:24","slug":"%f0%9f%90%85animals-en-perill-dextincio%e2%9a%a0%ef%b8%8f-2n","status":"publish","type":"post","link":"https:\/\/agora.xtec.cat\/ceipvallpalau\/general\/%f0%9f%90%85animals-en-perill-dextincio%e2%9a%a0%ef%b8%8f-2n\/","title":{"rendered":"\ud83d\udc05Animals en perill d&#8217;extinci\u00f3\u26a0\ufe0f (2n)"},"content":{"rendered":"<p><img loading=\"lazy\" decoding=\"async\" class=\"\" src=\"https:\/\/lh3.googleusercontent.com\/pw\/ACtC-3crWXWyZpGQO4Xe86AiIt05Fa0Fg1P8aQ9OnN-8EDek9Bhw0gs7noDBnhTNMDznbn2amVfYtQU2l7DNex6XH-R6PJwKBjFfXlhYJW8zdiUC9NmOvDeA1zRS3qh4j9Sk2eSwP6ZCRnO0T637lL8jLS8p=w1184-h1578-no?authuser=0\" width=\"280\" height=\"373\" \/><img loading=\"lazy\" decoding=\"async\" class=\"\" src=\"https:\/\/lh3.googleusercontent.com\/pw\/ACtC-3eDruRW_BJVFmAYY1VxqjrF8moMOpEQTb7D-z0WSe2geM39iB1qepmTkeUyHZGyqWdzUjKny7B1G-eNWWGyC0p3tQkHdcMjVjdpFdn63mISWibyDFhvAfD803qL9UhN7KlyxgAhJzfysR9w_7oK9U1S=w1184-h1578-no?authuser=0\" width=\"282\" height=\"376\" \/><img loading=\"lazy\" decoding=\"async\" class=\"\" src=\"https:\/\/lh3.googleusercontent.com\/pw\/ACtC-3eNZDIkG3vsGHO9rMOoaapD5zZbYavwcgtTXLE-rYCGzj10Db8gBPsTfrAzK9N01esLnQ1B1f8NJBWQbkEJJKRHC3-K5uVhkmujVcVgnmaUixxUpmsG-__DdiGD7lJYxl6KOgeLrxsZsIP_uKTUbI89=w1184-h1578-no?authuser=0\" width=\"283\" height=\"377\" \/><\/p>\n<p><span style=\"font-family: inherit;font-size: 1em\">Aquest any la<\/span><span style=\"font-family: inherit;font-size: 1em\">tem\u00e0tica d<\/span><span style=\"font-family: inherit;font-size: 1em\">e la nostra e<\/span><span style=\"font-family: inherit;font-size: 1em\">scola \u00e9s el Medi Ambient, i per aix\u00f2 a cicle inicial treballem els animals en perill d&#8217;extinci\u00f3.<\/span><\/p>\n<p>Cada classe hem triat un animal que est\u00e0 en perill d&#8217;extinci\u00f3 a Catalunya.<\/p>\n<p>Hem de crear consci\u00e8ncia per tal de poder salvar-los!<\/p>\n<p>Hem decorat les nostres portes amb el nom de la classe i els nostres animals en perill. No us semblen uns animals preciosos? No podem deixar que desapareguin.<\/p>\n","protected":false},"excerpt":{"rendered":"<p>Aquest any latem\u00e0tica de la nostra escola \u00e9s el Medi Ambient, i per aix\u00f2 a cicle inicial treballem els animals en perill d&#8217;extinci\u00f3.<br \/>\nCada classe hem triat un animal que est\u00e0 en perill d&#8217;extinci\u00f3 a Catalunya.<br \/>\nHem de crear consci\u00e8ncia per tal de poder salvar-los!<br \/>\nHem decorat les&hellip;  <a href=\"https:\/\/agora.xtec.cat\/ceipvallpalau\/general\/%f0%9f%90%85animals-en-perill-dextincio%e2%9a%a0%ef%b8%8f-2n\/\" title=\"Read \ud83d\udc05Animals en perill d&#8217;extinci\u00f3\u26a0\ufe0f (2n)\">Llegeix m\u00e9s\u00bb<\/a><\/p>\n","protected":false},"author":35,"featured_media":2327,"comment_status":"open","ping_status":"closed","sticky":false,"template":"","format":"standard","meta":{"_bbp_topic_count":0,"_bbp_reply_count":0,"_bbp_total_topic_count":0,"_bbp_total_reply_count":0,"_bbp_voice_count":0,"_bbp_anonymous_reply_count":0,"_bbp_topic_count_hidden":0,"_bbp_reply_count_hidden":0,"_bbp_forum_subforum_count":0,"footnotes":""},"categories":[11,1,4],"tags":[],"class_list":["post-2322","post","type-post","status-publish","format-standard","has-post-thumbnail","hentry","category-2n","category-general","category-portada"],"post_mailing_queue_ids":[],"_links":{"self":[{"href":"https:\/\/agora.xtec.cat\/ceipvallpalau\/wp-json\/wp\/v2\/posts\/2322","targetHints":{"allow":["GET"]}}],"collection":[{"href":"https:\/\/agora.xtec.cat\/ceipvallpalau\/wp-json\/wp\/v2\/posts"}],"about":[{"href":"https:\/\/agora.xtec.cat\/ceipvallpalau\/wp-json\/wp\/v2\/types\/post"}],"author":[{"embeddable":true,"href":"https:\/\/agora.xtec.cat\/ceipvallpalau\/wp-json\/wp\/v2\/users\/35"}],"replies":[{"embeddable":true,"href":"https:\/\/agora.xtec.cat\/ceipvallpalau\/wp-json\/wp\/v2\/comments?post=2322"}],"version-history":[{"count":4,"href":"https:\/\/agora.xtec.cat\/ceipvallpalau\/wp-json\/wp\/v2\/posts\/2322\/revisions"}],"predecessor-version":[{"id":2328,"href":"https:\/\/agora.xtec.cat\/ceipvallpalau\/wp-json\/wp\/v2\/posts\/2322\/revisions\/2328"}],"wp:featuredmedia":[{"embeddable":true,"href":"https:\/\/agora.xtec.cat\/ceipvallpalau\/wp-json\/wp\/v2\/media\/2327"}],"wp:attachment":[{"href":"https:\/\/agora.xtec.cat\/ceipvallpalau\/wp-json\/wp\/v2\/media?parent=2322"}],"wp:term":[{"taxonomy":"category","embeddable":true,"href":"https:\/\/agora.xtec.cat\/ceipvallpalau\/wp-json\/wp\/v2\/categories?post=2322"},{"taxonomy":"post_tag","embeddable":true,"href":"https:\/\/agora.xtec.cat\/ceipvallpalau\/wp-json\/wp\/v2\/tags?post=2322"}],"curies":[{"name":"wp","href":"https:\/\/api.w.org\/{rel}","templated":true}]}}