{"id":3728,"date":"2025-06-19T14:13:17","date_gmt":"2025-06-19T12:13:17","guid":{"rendered":"https:\/\/agora.xtec.cat\/ceipvalldeneu\/?p=3728"},"modified":"2025-06-20T09:38:14","modified_gmt":"2025-06-20T07:38:14","slug":"celebrem-la-final-de-la-lligueta-de-futbol","status":"publish","type":"post","link":"https:\/\/agora.xtec.cat\/ceipvalldeneu\/general\/celebrem-la-final-de-la-lligueta-de-futbol\/","title":{"rendered":"CELEBREM LA FINAL DE LA LLIGUETA DE F\u00daTBOL!"},"content":{"rendered":"<p><strong>L\u2019Escola Valldeneu celebra la final de la lligueta de futbol.<\/strong><\/p>\n<p><span style=\"font-weight: 400;\">Al 9 de juny de 2025 tota l\u2019Escola Valldeneu se\u2019n va anar d\u2019excursi\u00f3 a les pistes de l\u2019Oller de Sant Mart\u00ed de Centelles per jugar i celebrar la final de la lligueta de futbol!<\/span><\/p>\n<p><span style=\"font-weight: 400;\">Hi havia quatre equips: Athlethic Valldeneu, Green Team, Power Red i Super Equip. La combinaci\u00f3 d\u2019equips s\u2019anava canviant perqu\u00e8 pogu\u00e9ssin jugar tots contra tots. La final la van disputar els dos equips finalistes per\u00f2 no hi va haver premi per l\u2019equip guanyador sin\u00f3 per tots els participants: jugadors, jugadores, \u00e0rbit i afici\u00f3! Tothom va rebre una samarreta estampada en funci\u00f3 del seu equip o del rol dins la lligueta (afici\u00f3 o \u00e0rbit). El grup de mitjans va ser l\u2019encarregat d\u2019elaborar-les.<\/span><\/p>\n<p><span style=\"font-weight: 400;\">Quan es va acabar la final, es va fer un pica-pica amb patates, galetes, olives, etc. Nyam!<\/span><\/p>\n<p><span style=\"font-weight: 400;\">Com podeu llegir\u2026 va ser una passada!<\/span><\/p>\n<p><a href=\"https:\/\/agora.xtec.cat\/ceipvalldeneu\/wp-content\/uploads\/usu606\/2025\/06\/IMG_20250609_102047-1024x768-1.jpg\"><img loading=\"lazy\" decoding=\"async\" class=\"alignnone size-full wp-image-3738\" src=\"https:\/\/agora.xtec.cat\/ceipvalldeneu\/wp-content\/uploads\/usu606\/2025\/06\/IMG_20250609_102047-1024x768-1.jpg\" alt=\"\" width=\"1024\" height=\"768\" srcset=\"https:\/\/agora.xtec.cat\/ceipvalldeneu\/wp-content\/uploads\/usu606\/2025\/06\/IMG_20250609_102047-1024x768-1.jpg 1024w, https:\/\/agora.xtec.cat\/ceipvalldeneu\/wp-content\/uploads\/usu606\/2025\/06\/IMG_20250609_102047-1024x768-1-300x225.jpg 300w, https:\/\/agora.xtec.cat\/ceipvalldeneu\/wp-content\/uploads\/usu606\/2025\/06\/IMG_20250609_102047-1024x768-1-768x576.jpg 768w, https:\/\/agora.xtec.cat\/ceipvalldeneu\/wp-content\/uploads\/usu606\/2025\/06\/IMG_20250609_102047-1024x768-1-200x150.jpg 200w\" sizes=\"auto, (max-width: 1024px) 100vw, 1024px\" \/><\/a><\/p>\n","protected":false},"excerpt":{"rendered":"<p>L\u2019Escola Valldeneu celebra la final de la lligueta de futbol.<br \/>\nAl 9 de juny de 2025 tota l\u2019Escola Valldeneu se\u2019n va anar d\u2019excursi\u00f3 a les pistes de l\u2019Oller de Sant Mart\u00ed de Centelles per jugar i celebrar la final de la lligueta de futbol!<br \/>\nHi havia quatre&hellip;  <a href=\"https:\/\/agora.xtec.cat\/ceipvalldeneu\/general\/celebrem-la-final-de-la-lligueta-de-futbol\/\" title=\"Read CELEBREM LA FINAL DE LA LLIGUETA DE F\u00daTBOL!\">Llegeix m\u00e9s\u00bb<\/a><\/p>\n","protected":false},"author":6,"featured_media":3738,"comment_status":"open","ping_status":"open","sticky":false,"template":"","format":"standard","meta":{"_bbp_topic_count":0,"_bbp_reply_count":0,"_bbp_total_topic_count":0,"_bbp_total_reply_count":0,"_bbp_voice_count":0,"_bbp_anonymous_reply_count":0,"_bbp_topic_count_hidden":0,"_bbp_reply_count_hidden":0,"_bbp_forum_subforum_count":0,"footnotes":""},"categories":[1,4],"tags":[85,53,62,63,135,121],"class_list":["post-3728","post","type-post","status-publish","format-standard","has-post-thumbnail","hentry","category-general","category-portada","tag-actes-conjunts","tag-cicle-inicial","tag-cicle-mitja","tag-cicle-superior","tag-escola-valldeneu","tag-projectes"],"post_mailing_queue_ids":[],"_links":{"self":[{"href":"https:\/\/agora.xtec.cat\/ceipvalldeneu\/wp-json\/wp\/v2\/posts\/3728","targetHints":{"allow":["GET"]}}],"collection":[{"href":"https:\/\/agora.xtec.cat\/ceipvalldeneu\/wp-json\/wp\/v2\/posts"}],"about":[{"href":"https:\/\/agora.xtec.cat\/ceipvalldeneu\/wp-json\/wp\/v2\/types\/post"}],"author":[{"embeddable":true,"href":"https:\/\/agora.xtec.cat\/ceipvalldeneu\/wp-json\/wp\/v2\/users\/6"}],"replies":[{"embeddable":true,"href":"https:\/\/agora.xtec.cat\/ceipvalldeneu\/wp-json\/wp\/v2\/comments?post=3728"}],"version-history":[{"count":3,"href":"https:\/\/agora.xtec.cat\/ceipvalldeneu\/wp-json\/wp\/v2\/posts\/3728\/revisions"}],"predecessor-version":[{"id":3739,"href":"https:\/\/agora.xtec.cat\/ceipvalldeneu\/wp-json\/wp\/v2\/posts\/3728\/revisions\/3739"}],"wp:featuredmedia":[{"embeddable":true,"href":"https:\/\/agora.xtec.cat\/ceipvalldeneu\/wp-json\/wp\/v2\/media\/3738"}],"wp:attachment":[{"href":"https:\/\/agora.xtec.cat\/ceipvalldeneu\/wp-json\/wp\/v2\/media?parent=3728"}],"wp:term":[{"taxonomy":"category","embeddable":true,"href":"https:\/\/agora.xtec.cat\/ceipvalldeneu\/wp-json\/wp\/v2\/categories?post=3728"},{"taxonomy":"post_tag","embeddable":true,"href":"https:\/\/agora.xtec.cat\/ceipvalldeneu\/wp-json\/wp\/v2\/tags?post=3728"}],"curies":[{"name":"wp","href":"https:\/\/api.w.org\/{rel}","templated":true}]}}