{"id":2885,"date":"2016-04-21T09:45:56","date_gmt":"2016-04-21T08:45:56","guid":{"rendered":"http:\/\/agora.xtec.cat\/ceipulldevent\/?p=2885"},"modified":"2016-04-21T09:45:56","modified_gmt":"2016-04-21T08:45:56","slug":"les-jornades-culturals-noticia-a-leix-diari","status":"publish","type":"post","link":"https:\/\/agora.xtec.cat\/ceipulldevent\/general\/les-jornades-culturals-noticia-a-leix-diari\/","title":{"rendered":"Les Jornades Culturals not\u00edcia a l&#8217;Eix diari"},"content":{"rendered":"<p>L&#8217;Eix diari, DIARI INDEPENDENT DEL GARRAF, ALT I BAIX PENED\u00c8S, es fa ress\u00f2 de les Jornades Culturals 2016 de la nostra escola, podeu llegir la not\u00edcia completa aqu\u00ed:<\/p>\n<p><a href=\"http:\/\/www.eixdiari.cat\/opinio\/doc\/62514\/lescola-ull-de-vent-de-la-bisbal-celebra-les-jornades-culturals-2016.html\" target=\"_blank\">http:\/\/www.eixdiari.cat\/opinio\/doc\/62514\/lescola-ull-de-vent-de-la-bisbal-celebra-les-jornades-culturals-2016.html<\/a><\/p>\n","protected":false},"excerpt":{"rendered":"<p>L&#8217;Eix diari, DIARI INDEPENDENT DEL GARRAF, ALT I BAIX PENED\u00c8S, es fa ress\u00f2 de les Jornades Culturals 2016 de la nostra escola, podeu llegir la not\u00edcia completa aqu\u00ed:<br \/>\n<a href=\"http:\/\/www.eixdiari.cat\/opinio\/doc\/62514\/lescola-ull-de-vent-de-la-bisbal-celebra-les-jornades-culturals-2016.html\" target=\"_blank\">http:\/\/www.eixdiari.cat\/opinio\/doc\/62514\/lescola-ull-de-vent-de-la-bisbal-celebra-les-jornades-culturals-2016.html<\/a><\/p>\n","protected":false},"author":1,"featured_media":0,"comment_status":"open","ping_status":"open","sticky":false,"template":"","format":"standard","meta":{"_bbp_topic_count":0,"_bbp_reply_count":0,"_bbp_total_topic_count":0,"_bbp_total_reply_count":0,"_bbp_voice_count":0,"_bbp_anonymous_reply_count":0,"_bbp_topic_count_hidden":0,"_bbp_reply_count_hidden":0,"_bbp_forum_subforum_count":0,"footnotes":""},"categories":[1,61],"tags":[],"class_list":["post-2885","post","type-post","status-publish","format-standard","hentry","category-general","category-portada"],"post_mailing_queue_ids":[],"_links":{"self":[{"href":"https:\/\/agora.xtec.cat\/ceipulldevent\/wp-json\/wp\/v2\/posts\/2885","targetHints":{"allow":["GET"]}}],"collection":[{"href":"https:\/\/agora.xtec.cat\/ceipulldevent\/wp-json\/wp\/v2\/posts"}],"about":[{"href":"https:\/\/agora.xtec.cat\/ceipulldevent\/wp-json\/wp\/v2\/types\/post"}],"author":[{"embeddable":true,"href":"https:\/\/agora.xtec.cat\/ceipulldevent\/wp-json\/wp\/v2\/users\/1"}],"replies":[{"embeddable":true,"href":"https:\/\/agora.xtec.cat\/ceipulldevent\/wp-json\/wp\/v2\/comments?post=2885"}],"version-history":[{"count":1,"href":"https:\/\/agora.xtec.cat\/ceipulldevent\/wp-json\/wp\/v2\/posts\/2885\/revisions"}],"predecessor-version":[{"id":2886,"href":"https:\/\/agora.xtec.cat\/ceipulldevent\/wp-json\/wp\/v2\/posts\/2885\/revisions\/2886"}],"wp:attachment":[{"href":"https:\/\/agora.xtec.cat\/ceipulldevent\/wp-json\/wp\/v2\/media?parent=2885"}],"wp:term":[{"taxonomy":"category","embeddable":true,"href":"https:\/\/agora.xtec.cat\/ceipulldevent\/wp-json\/wp\/v2\/categories?post=2885"},{"taxonomy":"post_tag","embeddable":true,"href":"https:\/\/agora.xtec.cat\/ceipulldevent\/wp-json\/wp\/v2\/tags?post=2885"}],"curies":[{"name":"wp","href":"https:\/\/api.w.org\/{rel}","templated":true}]}}