{"id":2859,"date":"2016-04-12T11:27:23","date_gmt":"2016-04-12T10:27:23","guid":{"rendered":"http:\/\/agora.xtec.cat\/ceipulldevent\/?p=2859"},"modified":"2016-04-12T11:27:23","modified_gmt":"2016-04-12T10:27:23","slug":"pel-dret-festival-de-teatre-del-baix-penedes","status":"publish","type":"post","link":"https:\/\/agora.xtec.cat\/ceipulldevent\/general\/pel-dret-festival-de-teatre-del-baix-penedes\/","title":{"rendered":"Pel Dret !! \u2013 Festival de Teatre del Baix Pened\u00e8s"},"content":{"rendered":"<p style=\"text-align: center;\"><b>38\u00e8 Festival de Teatre Infantil i Juvenil del Baix Pened\u00e8s<\/b><\/p>\n<p>Els i les alumnes de l&#8217;Escola Ull de Vent que fan teatre van representar l&#8217;obra &#8220;Pel dret!!&#8221; en el 38\u00e8 Festival de Teatre Infantil i Juvenil del Baix Pened\u00e8s. Us deixem l&#8217;enlla\u00e7 per si els voleu veure per\u00f2 en breu la tornaran a representar per tots i totes les alumnes del centre.<\/p>\n<p>&nbsp;<\/p>\n<p><a href=\"http:\/\/www.rtvelvendrell.cat\/pel-dret-festival-de-teatre-del-baix-penedes\/\" target=\"_blank\">http:\/\/www.rtvelvendrell.cat\/pel-dret-festival-de-teatre-del-baix-penedes\/<\/a><\/p>\n","protected":false},"excerpt":{"rendered":"<p>38\u00e8 Festival de Teatre Infantil i Juvenil del Baix Pened\u00e8s<br \/>\nEls i les alumnes de l&#8217;Escola Ull de Vent que fan teatre van representar l&#8217;obra &#8220;Pel dret!!&#8221; en el 38\u00e8 Festival de Teatre Infantil i Juvenil del Baix Pened\u00e8s. Us deixem l&#8217;enlla\u00e7 per si els voleu&hellip;  <a href=\"https:\/\/agora.xtec.cat\/ceipulldevent\/general\/pel-dret-festival-de-teatre-del-baix-penedes\/\" title=\"Read Pel Dret !! \u2013 Festival de Teatre del Baix Pened\u00e8s\">Llegeix m\u00e9s\u00bb<\/a><\/p>\n","protected":false},"author":1,"featured_media":0,"comment_status":"open","ping_status":"open","sticky":false,"template":"","format":"standard","meta":{"_bbp_topic_count":0,"_bbp_reply_count":0,"_bbp_total_topic_count":0,"_bbp_total_reply_count":0,"_bbp_voice_count":0,"_bbp_anonymous_reply_count":0,"_bbp_topic_count_hidden":0,"_bbp_reply_count_hidden":0,"_bbp_forum_subforum_count":0,"footnotes":""},"categories":[1,61],"tags":[],"class_list":["post-2859","post","type-post","status-publish","format-standard","hentry","category-general","category-portada"],"post_mailing_queue_ids":[],"_links":{"self":[{"href":"https:\/\/agora.xtec.cat\/ceipulldevent\/wp-json\/wp\/v2\/posts\/2859","targetHints":{"allow":["GET"]}}],"collection":[{"href":"https:\/\/agora.xtec.cat\/ceipulldevent\/wp-json\/wp\/v2\/posts"}],"about":[{"href":"https:\/\/agora.xtec.cat\/ceipulldevent\/wp-json\/wp\/v2\/types\/post"}],"author":[{"embeddable":true,"href":"https:\/\/agora.xtec.cat\/ceipulldevent\/wp-json\/wp\/v2\/users\/1"}],"replies":[{"embeddable":true,"href":"https:\/\/agora.xtec.cat\/ceipulldevent\/wp-json\/wp\/v2\/comments?post=2859"}],"version-history":[{"count":1,"href":"https:\/\/agora.xtec.cat\/ceipulldevent\/wp-json\/wp\/v2\/posts\/2859\/revisions"}],"predecessor-version":[{"id":2860,"href":"https:\/\/agora.xtec.cat\/ceipulldevent\/wp-json\/wp\/v2\/posts\/2859\/revisions\/2860"}],"wp:attachment":[{"href":"https:\/\/agora.xtec.cat\/ceipulldevent\/wp-json\/wp\/v2\/media?parent=2859"}],"wp:term":[{"taxonomy":"category","embeddable":true,"href":"https:\/\/agora.xtec.cat\/ceipulldevent\/wp-json\/wp\/v2\/categories?post=2859"},{"taxonomy":"post_tag","embeddable":true,"href":"https:\/\/agora.xtec.cat\/ceipulldevent\/wp-json\/wp\/v2\/tags?post=2859"}],"curies":[{"name":"wp","href":"https:\/\/api.w.org\/{rel}","templated":true}]}}