{"id":10502,"date":"2024-04-18T11:16:58","date_gmt":"2024-04-18T09:16:58","guid":{"rendered":"https:\/\/agora.xtec.cat\/ceipulldevent\/?p=10502"},"modified":"2024-04-18T11:16:58","modified_gmt":"2024-04-18T09:16:58","slug":"la-noa-a-la-final-del-xx-certamen-de-lectura-en-veu-alta","status":"publish","type":"post","link":"https:\/\/agora.xtec.cat\/ceipulldevent\/general\/la-noa-a-la-final-del-xx-certamen-de-lectura-en-veu-alta\/","title":{"rendered":"La Noa a la Final del XX Certamen de lectura en veu alta"},"content":{"rendered":"<p><strong>La Noa de 3r representar\u00e0 a la nostra escola a la Final del XX Certamen de Lectura en Veu Alta.<\/strong><\/p>\n<p>El divendres 19 d&#8217;abril a partir de les 10:30 la nostra representant, la Noa, participara a la final del Certamen de Lectura en Veu Alta que es dur\u00e0 a terme a l&#8217;auditori de la Diputaci\u00f3 de Tarragona. La nostra escola participa des de fa uns quants anys en aquest concurs on els alumnes de diferents edats han de llegir en veu alta un fragment d&#8217;una lectura davant d&#8217;un jurat i un nombr\u00f3s p\u00fablic.<\/p>\n<p>Aquest any \u00e9s el primer que els i les alumnes de tercer participen al Certamen i la Noa despr\u00e9s de superar la fase pr\u00e8via que realitzem a l&#8217;escola ja es va classificar en la final de centres de la comarca.<a href=\"https:\/\/agora.xtec.cat\/ceipulldevent\/wp-content\/uploads\/usu242\/2024\/04\/IMG_0853.jpg\"><img loading=\"lazy\" decoding=\"async\" class=\"wp-image-10504 aligncenter\" src=\"https:\/\/agora.xtec.cat\/ceipulldevent\/wp-content\/uploads\/usu242\/2024\/04\/IMG_0853-300x225.jpg\" alt=\"\" width=\"387\" height=\"290\" srcset=\"https:\/\/agora.xtec.cat\/ceipulldevent\/wp-content\/uploads\/usu242\/2024\/04\/IMG_0853-300x225.jpg 300w, https:\/\/agora.xtec.cat\/ceipulldevent\/wp-content\/uploads\/usu242\/2024\/04\/IMG_0853-200x150.jpg 200w, https:\/\/agora.xtec.cat\/ceipulldevent\/wp-content\/uploads\/usu242\/2024\/04\/IMG_0853.jpg 640w\" sizes=\"auto, (max-width: 387px) 100vw, 387px\" \/><\/a><\/p>\n<p>Li desitgem molta sort a la Noa i us deixem l&#8217;enlla\u00e7 de la retransmissi\u00f3 en directe.<\/p>\n<p>&nbsp;<\/p>\n<p><a href=\"https:\/\/www.youtube.com\/watch?v=J3FkAMMeAe0\" target=\"_blank\" rel=\"noopener\">https:\/\/www.youtube.com\/watch?v=J3FkAMMeAe0<\/a><\/p>\n","protected":false},"excerpt":{"rendered":"<p>La Noa de 3r representar\u00e0 a la nostra escola a la Final del XX Certamen de Lectura en Veu Alta.<br \/>\nEl divendres 19 d&#8217;abril a partir de les 10:30 la nostra representant, la Noa, participara a la final del Certamen de Lectura en Veu Alta que&hellip;  <a href=\"https:\/\/agora.xtec.cat\/ceipulldevent\/general\/la-noa-a-la-final-del-xx-certamen-de-lectura-en-veu-alta\/\" title=\"Read La Noa a la Final del XX Certamen de lectura en veu alta\">Llegeix m\u00e9s\u00bb<\/a><\/p>\n","protected":false},"author":1,"featured_media":10504,"comment_status":"open","ping_status":"closed","sticky":false,"template":"","format":"standard","meta":{"_bbp_topic_count":0,"_bbp_reply_count":0,"_bbp_total_topic_count":0,"_bbp_total_reply_count":0,"_bbp_voice_count":0,"_bbp_anonymous_reply_count":0,"_bbp_topic_count_hidden":0,"_bbp_reply_count_hidden":0,"_bbp_forum_subforum_count":0,"footnotes":""},"categories":[1,61],"tags":[],"class_list":["post-10502","post","type-post","status-publish","format-standard","has-post-thumbnail","hentry","category-general","category-portada"],"post_mailing_queue_ids":[],"_links":{"self":[{"href":"https:\/\/agora.xtec.cat\/ceipulldevent\/wp-json\/wp\/v2\/posts\/10502","targetHints":{"allow":["GET"]}}],"collection":[{"href":"https:\/\/agora.xtec.cat\/ceipulldevent\/wp-json\/wp\/v2\/posts"}],"about":[{"href":"https:\/\/agora.xtec.cat\/ceipulldevent\/wp-json\/wp\/v2\/types\/post"}],"author":[{"embeddable":true,"href":"https:\/\/agora.xtec.cat\/ceipulldevent\/wp-json\/wp\/v2\/users\/1"}],"replies":[{"embeddable":true,"href":"https:\/\/agora.xtec.cat\/ceipulldevent\/wp-json\/wp\/v2\/comments?post=10502"}],"version-history":[{"count":2,"href":"https:\/\/agora.xtec.cat\/ceipulldevent\/wp-json\/wp\/v2\/posts\/10502\/revisions"}],"predecessor-version":[{"id":10505,"href":"https:\/\/agora.xtec.cat\/ceipulldevent\/wp-json\/wp\/v2\/posts\/10502\/revisions\/10505"}],"wp:featuredmedia":[{"embeddable":true,"href":"https:\/\/agora.xtec.cat\/ceipulldevent\/wp-json\/wp\/v2\/media\/10504"}],"wp:attachment":[{"href":"https:\/\/agora.xtec.cat\/ceipulldevent\/wp-json\/wp\/v2\/media?parent=10502"}],"wp:term":[{"taxonomy":"category","embeddable":true,"href":"https:\/\/agora.xtec.cat\/ceipulldevent\/wp-json\/wp\/v2\/categories?post=10502"},{"taxonomy":"post_tag","embeddable":true,"href":"https:\/\/agora.xtec.cat\/ceipulldevent\/wp-json\/wp\/v2\/tags?post=10502"}],"curies":[{"name":"wp","href":"https:\/\/api.w.org\/{rel}","templated":true}]}}