{"id":9827,"date":"2024-12-05T12:57:46","date_gmt":"2024-12-05T11:57:46","guid":{"rendered":"https:\/\/agora.xtec.cat\/ceipturodeguiera\/?p=9827"},"modified":"2024-12-05T14:38:27","modified_gmt":"2024-12-05T13:38:27","slug":"pac-retorn-sobre-la-concentracio-del-28n","status":"publish","type":"post","link":"https:\/\/agora.xtec.cat\/ceipturodeguiera\/portada\/pac-retorn-sobre-la-concentracio-del-28n\/","title":{"rendered":"PAC: retorn sobre la concentraci\u00f3 del 28N"},"content":{"rendered":"\n<p><strong>Sobre la Concentraci\u00f3 reivindicativa davant l&#8217;Ajuntament&nbsp;per millorar el manteniment de les escoles p\u00fabliques&nbsp;de Cerdanyola&nbsp;dels Vall\u00e8s.<\/strong><\/p>\n\n\n\n<p>El passat dijous 28 de novembre, la pla\u00e7a Abat Oliva es va omplir de reivindicaci\u00f3 i protesta. Es va omplir de pancartes, de cr\u00edtica i de descontent.<\/p>\n\n\n\n<p>Les escoles de la ciutat van expressar al consistori el seu gran malestar respecte als problemes de manteniment persistents i els desperfectes que afecten l&#8217;entorn educatiu&nbsp;i el benestar dels infants.<\/p>\n\n\n\n<p>Per\u00f2 el dijous\u00a0la pla\u00e7a tamb\u00e9 es va omplir de rialles, abra\u00e7ades, mirades complices i alegria. Es va ocupar el f\u00f2rum\u00a0davant l&#8217;Ajuntament\u00a0amb for\u00e7a i lluita. I sobretot, de molt d&#8217;amor. De molt d&#8217;amor perqu\u00e8 ens estimem les nostres escoles, els nostres instituts, les nostres escoles bressol&#8230; Perqu\u00e8 s\u00f3n una llar pels nostres fills i filles. S\u00f3n espais de vida, d&#8217;acolliment, d&#8217;aprenentatge i de cura. I es mereixen ser cuidats i respectats. Perqu\u00e8 s\u00f3n DE totxs i PER a totxs.<\/p>\n\n\n\n<p>Per aix\u00f2, volem agrair&nbsp;el suport i el recolzament de totes les fam\u00edlies que ahir van aplegar-se al voltant de l&#8217;Ajuntament&nbsp;amb tanta energia. Tamb\u00e9 a totes aquelles que no van poder ser-hi, per\u00f2 que hi estaven amb el cor. A les direccions, equips docents, especialistes, personal administratiu, de neteja, cuina i consergeria, que posen tot l&#8217;esfor\u00e7 i dedicaci\u00f3 en realitzar la seva feina amb&nbsp;responsabilitat&nbsp;i comprom\u00eds, malgrat les nombroses condicions adverses que han de patir. I en definitiva, a totes les persones que&nbsp;van apropar-se a la pla\u00e7a a donar-nos suport.<\/p>\n\n\n\n<p>Dijous 28, la Pla\u00e7a Abat Oliva es va convertir en un espai d&#8217;exemple i d&#8217;aprenentatge pels nostres infants i joves: van aprendre que quan ens ajuntem, tenim m\u00e9s for\u00e7a per a provocar canvis. Que tot \u00e9s m\u00e9s&nbsp;real quan es comparteix. Que val la pena treballar junts&nbsp;per a millorar el nostre entorn. I que per a cuidar-se a unx mateixx, tamb\u00e9 es necessita cuidar de lxs altres.<\/p>\n\n\n\n<p>Moltes gr\u00e0cies a totxs!<\/p>\n\n\n\n<p>PD: Us adjuntem el link del v\u00eddeo d&#8217;intervenci\u00f3 al Plenillo (28\/11\/24), molt recomanable si disposeu de 15 minuts.<\/p>\n\n\n\n<figure class=\"wp-block-embed is-type-video is-provider-youtube wp-block-embed-youtube wp-embed-aspect-16-9 wp-has-aspect-ratio\"><div class=\"wp-block-embed__wrapper\">\n<div class=\"ast-oembed-container \" style=\"height: 100%;\"><iframe loading=\"lazy\" title=\"Audi\u00e8ncia Ciutadana en directe Aj. Cerdanyola del Vall\u00e8s  28  - Novembre - 2024\" width=\"500\" height=\"281\" src=\"https:\/\/www.youtube.com\/embed\/KhoXCSbQ90w?feature=oembed\" frameborder=\"0\" allow=\"accelerometer; autoplay; clipboard-write; encrypted-media; gyroscope; picture-in-picture; web-share\" referrerpolicy=\"strict-origin-when-cross-origin\" allowfullscreen><\/iframe><\/div>\n<\/div><\/figure>\n\n\n\n<p>Si no vau veure el v\u00eddeo de den\u00fancia amb les imatges dels desperfectes de les escoles, el podeu veure aqu\u00ed:&nbsp;<a href=\"https:\/\/youtu.be\/IO5zrBmimeY?si=kr9eiq2bdnOqt5Mw\" rel=\"noreferrer noopener\" target=\"_blank\">https:\/\/youtu.be\/IO5zrBmimeY?si=kr9eiq2bdnOqt5Mw<\/a><\/p>\n\n\n\n<p>I tamb\u00e9 adjuntem el text de la intervenci\u00f3 de la PAC, perqu\u00e8 en tingueu const\u00e0ncia del full de ruta.<\/p>\n\n\n\n<p>Salutacions,<\/p>\n","protected":false},"excerpt":{"rendered":"<p>Sobre la Concentraci\u00f3 reivindicativa davant l&#8217;Ajuntament&nbsp;per millorar el manteniment de les escoles p\u00fabliques&nbsp;de Cerdanyola&nbsp;dels Vall\u00e8s. El passat dijous 28 de novembre, la pla\u00e7a Abat Oliva es va omplir de reivindicaci\u00f3 i protesta. Es va omplir de pancartes, de cr\u00edtica i de descontent. Les escoles de la ciutat van expressar al consistori el seu gran malestar [&hellip;]<\/p>\n","protected":false},"author":6,"featured_media":0,"comment_status":"open","ping_status":"open","sticky":false,"template":"","format":"standard","meta":{"_bbp_topic_count":0,"_bbp_reply_count":0,"_bbp_total_topic_count":0,"_bbp_total_reply_count":0,"_bbp_voice_count":0,"_bbp_anonymous_reply_count":0,"_bbp_topic_count_hidden":0,"_bbp_reply_count_hidden":0,"_bbp_forum_subforum_count":0,"site-sidebar-layout":"default","site-content-layout":"","ast-site-content-layout":"","site-content-style":"default","site-sidebar-style":"default","ast-global-header-display":"","ast-banner-title-visibility":"","ast-main-header-display":"","ast-hfb-above-header-display":"","ast-hfb-below-header-display":"","ast-hfb-mobile-header-display":"","site-post-title":"","ast-breadcrumbs-content":"","ast-featured-img":"","footer-sml-layout":"","theme-transparent-header-meta":"","adv-header-id-meta":"","stick-header-meta":"","header-above-stick-meta":"","header-main-stick-meta":"","header-below-stick-meta":"","astra-migrate-meta-layouts":"default","ast-page-background-enabled":"default","ast-page-background-meta":{"desktop":{"background-color":"var(--ast-global-color-4)","background-image":"","background-repeat":"repeat","background-position":"center center","background-size":"auto","background-attachment":"scroll","background-type":"","background-media":"","overlay-type":"","overlay-color":"","overlay-opacity":"","overlay-gradient":""},"tablet":{"background-color":"","background-image":"","background-repeat":"repeat","background-position":"center center","background-size":"auto","background-attachment":"scroll","background-type":"","background-media":"","overlay-type":"","overlay-color":"","overlay-opacity":"","overlay-gradient":""},"mobile":{"background-color":"","background-image":"","background-repeat":"repeat","background-position":"center center","background-size":"auto","background-attachment":"scroll","background-type":"","background-media":"","overlay-type":"","overlay-color":"","overlay-opacity":"","overlay-gradient":""}},"ast-content-background-meta":{"desktop":{"background-color":"var(--ast-global-color-5)","background-image":"","background-repeat":"repeat","background-position":"center center","background-size":"auto","background-attachment":"scroll","background-type":"","background-media":"","overlay-type":"","overlay-color":"","overlay-opacity":"","overlay-gradient":""},"tablet":{"background-color":"var(--ast-global-color-5)","background-image":"","background-repeat":"repeat","background-position":"center center","background-size":"auto","background-attachment":"scroll","background-type":"","background-media":"","overlay-type":"","overlay-color":"","overlay-opacity":"","overlay-gradient":""},"mobile":{"background-color":"var(--ast-global-color-5)","background-image":"","background-repeat":"repeat","background-position":"center center","background-size":"auto","background-attachment":"scroll","background-type":"","background-media":"","overlay-type":"","overlay-color":"","overlay-opacity":"","overlay-gradient":""}},"footnotes":""},"categories":[301,4],"tags":[343],"class_list":["post-9827","post","type-post","status-publish","format-standard","hentry","category-afi","category-portada","tag-pac"],"post_mailing_queue_ids":[],"_links":{"self":[{"href":"https:\/\/agora.xtec.cat\/ceipturodeguiera\/wp-json\/wp\/v2\/posts\/9827","targetHints":{"allow":["GET"]}}],"collection":[{"href":"https:\/\/agora.xtec.cat\/ceipturodeguiera\/wp-json\/wp\/v2\/posts"}],"about":[{"href":"https:\/\/agora.xtec.cat\/ceipturodeguiera\/wp-json\/wp\/v2\/types\/post"}],"author":[{"embeddable":true,"href":"https:\/\/agora.xtec.cat\/ceipturodeguiera\/wp-json\/wp\/v2\/users\/6"}],"replies":[{"embeddable":true,"href":"https:\/\/agora.xtec.cat\/ceipturodeguiera\/wp-json\/wp\/v2\/comments?post=9827"}],"version-history":[{"count":3,"href":"https:\/\/agora.xtec.cat\/ceipturodeguiera\/wp-json\/wp\/v2\/posts\/9827\/revisions"}],"predecessor-version":[{"id":9833,"href":"https:\/\/agora.xtec.cat\/ceipturodeguiera\/wp-json\/wp\/v2\/posts\/9827\/revisions\/9833"}],"wp:attachment":[{"href":"https:\/\/agora.xtec.cat\/ceipturodeguiera\/wp-json\/wp\/v2\/media?parent=9827"}],"wp:term":[{"taxonomy":"category","embeddable":true,"href":"https:\/\/agora.xtec.cat\/ceipturodeguiera\/wp-json\/wp\/v2\/categories?post=9827"},{"taxonomy":"post_tag","embeddable":true,"href":"https:\/\/agora.xtec.cat\/ceipturodeguiera\/wp-json\/wp\/v2\/tags?post=9827"}],"curies":[{"name":"wp","href":"https:\/\/api.w.org\/{rel}","templated":true}]}}