{"id":9616,"date":"2024-11-20T11:51:06","date_gmt":"2024-11-20T10:51:06","guid":{"rendered":"https:\/\/agora.xtec.cat\/ceipturodeguiera\/?p=9616"},"modified":"2024-11-21T21:23:57","modified_gmt":"2024-11-21T20:23:57","slug":"video-pac-sobre-el-manteniment-a-les-escoles","status":"publish","type":"post","link":"https:\/\/agora.xtec.cat\/ceipturodeguiera\/portada\/video-pac-sobre-el-manteniment-a-les-escoles\/","title":{"rendered":"V\u00eddeo PAC sobre el manteniment a les escoles"},"content":{"rendered":"\n<figure class=\"wp-block-embed is-type-video is-provider-youtube wp-block-embed-youtube wp-embed-aspect-16-9 wp-has-aspect-ratio\"><div class=\"wp-block-embed__wrapper\">\n<div class=\"ast-oembed-container \" style=\"height: 100%;\"><iframe loading=\"lazy\" title=\"Plataforma d\u2019Associacions de Fam\u00edlies de Cerdanyola del Vall\u00e8s (PAC) VOLEM SOLUCIONS JA!!\" width=\"500\" height=\"281\" src=\"https:\/\/www.youtube.com\/embed\/IO5zrBmimeY?feature=oembed\" frameborder=\"0\" allow=\"accelerometer; autoplay; clipboard-write; encrypted-media; gyroscope; picture-in-picture; web-share\" referrerpolicy=\"strict-origin-when-cross-origin\" allowfullscreen><\/iframe><\/div>\n<\/div><\/figure>\n\n\n\n<p>La Plataforma d\u2019Associacions de Fam\u00edlies dels centres p\u00fablics de Cerdanyola del Vall\u00e8s<br>(PAC) denunciem la falta de manteniment i l\u2019abandonament de les instal\u00b7lacions i les infraestructures escolars de la ciutat. Una total i manifesta manca de cura dels entorns<br>educatius on les nostres filles i els nostres fills passen gran part del seu temps i viuen la<br>majoria de les experi\u00e8ncies d\u2019aprenentatge m\u00e9s significatives.<\/p>\n\n\n\n<p>Des de la PAC reclamem a l\u2019Ajuntament compromisos clars i mesures immediates per a<br>revertir aquesta situaci\u00f3.<\/p>\n\n\n\n<p>Perqu\u00e8 una ciutat que educa, \u00e9s una ciutat que cuida.<\/p>\n\n\n\n<p>Per al dret a una educaci\u00f3 p\u00fablica digna, accessible i de qualitat per tothom!!<\/p>\n\n\n\n<p>VOLEM SOLUCIONS JA!!<\/p>\n","protected":false},"excerpt":{"rendered":"<p>La Plataforma d\u2019Associacions de Fam\u00edlies dels centres p\u00fablics de Cerdanyola del Vall\u00e8s(PAC) denunciem la falta de manteniment i l\u2019abandonament de les instal\u00b7lacions i les infraestructures escolars de la ciutat. Una total i manifesta manca de cura dels entornseducatius on les nostres filles i els nostres fills passen gran part del seu temps i viuen lamajoria [&hellip;]<\/p>\n","protected":false},"author":6,"featured_media":0,"comment_status":"open","ping_status":"open","sticky":false,"template":"","format":"standard","meta":{"_bbp_topic_count":0,"_bbp_reply_count":0,"_bbp_total_topic_count":0,"_bbp_total_reply_count":0,"_bbp_voice_count":0,"_bbp_anonymous_reply_count":0,"_bbp_topic_count_hidden":0,"_bbp_reply_count_hidden":0,"_bbp_forum_subforum_count":0,"site-sidebar-layout":"default","site-content-layout":"","ast-site-content-layout":"","site-content-style":"default","site-sidebar-style":"default","ast-global-header-display":"","ast-banner-title-visibility":"","ast-main-header-display":"","ast-hfb-above-header-display":"","ast-hfb-below-header-display":"","ast-hfb-mobile-header-display":"","site-post-title":"","ast-breadcrumbs-content":"","ast-featured-img":"","footer-sml-layout":"","theme-transparent-header-meta":"","adv-header-id-meta":"","stick-header-meta":"","header-above-stick-meta":"","header-main-stick-meta":"","header-below-stick-meta":"","astra-migrate-meta-layouts":"default","ast-page-background-enabled":"default","ast-page-background-meta":{"desktop":{"background-color":"var(--ast-global-color-4)","background-image":"","background-repeat":"repeat","background-position":"center center","background-size":"auto","background-attachment":"scroll","background-type":"","background-media":"","overlay-type":"","overlay-color":"","overlay-opacity":"","overlay-gradient":""},"tablet":{"background-color":"","background-image":"","background-repeat":"repeat","background-position":"center center","background-size":"auto","background-attachment":"scroll","background-type":"","background-media":"","overlay-type":"","overlay-color":"","overlay-opacity":"","overlay-gradient":""},"mobile":{"background-color":"","background-image":"","background-repeat":"repeat","background-position":"center center","background-size":"auto","background-attachment":"scroll","background-type":"","background-media":"","overlay-type":"","overlay-color":"","overlay-opacity":"","overlay-gradient":""}},"ast-content-background-meta":{"desktop":{"background-color":"var(--ast-global-color-5)","background-image":"","background-repeat":"repeat","background-position":"center center","background-size":"auto","background-attachment":"scroll","background-type":"","background-media":"","overlay-type":"","overlay-color":"","overlay-opacity":"","overlay-gradient":""},"tablet":{"background-color":"var(--ast-global-color-5)","background-image":"","background-repeat":"repeat","background-position":"center center","background-size":"auto","background-attachment":"scroll","background-type":"","background-media":"","overlay-type":"","overlay-color":"","overlay-opacity":"","overlay-gradient":""},"mobile":{"background-color":"var(--ast-global-color-5)","background-image":"","background-repeat":"repeat","background-position":"center center","background-size":"auto","background-attachment":"scroll","background-type":"","background-media":"","overlay-type":"","overlay-color":"","overlay-opacity":"","overlay-gradient":""}},"footnotes":""},"categories":[301,4],"tags":[344,343],"class_list":["post-9616","post","type-post","status-publish","format-standard","hentry","category-afi","category-portada","tag-manteniment","tag-pac"],"post_mailing_queue_ids":[],"_links":{"self":[{"href":"https:\/\/agora.xtec.cat\/ceipturodeguiera\/wp-json\/wp\/v2\/posts\/9616","targetHints":{"allow":["GET"]}}],"collection":[{"href":"https:\/\/agora.xtec.cat\/ceipturodeguiera\/wp-json\/wp\/v2\/posts"}],"about":[{"href":"https:\/\/agora.xtec.cat\/ceipturodeguiera\/wp-json\/wp\/v2\/types\/post"}],"author":[{"embeddable":true,"href":"https:\/\/agora.xtec.cat\/ceipturodeguiera\/wp-json\/wp\/v2\/users\/6"}],"replies":[{"embeddable":true,"href":"https:\/\/agora.xtec.cat\/ceipturodeguiera\/wp-json\/wp\/v2\/comments?post=9616"}],"version-history":[{"count":1,"href":"https:\/\/agora.xtec.cat\/ceipturodeguiera\/wp-json\/wp\/v2\/posts\/9616\/revisions"}],"predecessor-version":[{"id":9617,"href":"https:\/\/agora.xtec.cat\/ceipturodeguiera\/wp-json\/wp\/v2\/posts\/9616\/revisions\/9617"}],"wp:attachment":[{"href":"https:\/\/agora.xtec.cat\/ceipturodeguiera\/wp-json\/wp\/v2\/media?parent=9616"}],"wp:term":[{"taxonomy":"category","embeddable":true,"href":"https:\/\/agora.xtec.cat\/ceipturodeguiera\/wp-json\/wp\/v2\/categories?post=9616"},{"taxonomy":"post_tag","embeddable":true,"href":"https:\/\/agora.xtec.cat\/ceipturodeguiera\/wp-json\/wp\/v2\/tags?post=9616"}],"curies":[{"name":"wp","href":"https:\/\/api.w.org\/{rel}","templated":true}]}}