{"id":9259,"date":"2024-09-16T12:19:49","date_gmt":"2024-09-16T10:19:49","guid":{"rendered":"https:\/\/agora.xtec.cat\/ceipturodeguiera\/?p=9259"},"modified":"2024-09-16T12:19:50","modified_gmt":"2024-09-16T10:19:50","slug":"activitats-extraescolars-turo-de-guiera-2024-2025","status":"publish","type":"post","link":"https:\/\/agora.xtec.cat\/ceipturodeguiera\/afi\/activitats-extraescolars-turo-de-guiera-2024-2025\/","title":{"rendered":"Activitats extraescolars Tur\u00f3 de Guiera 2024\/2025"},"content":{"rendered":"\n<p>Benvigudes fam\u00edlies, us passem un petit resum amb les activitats que ja vam comen\u00e7ar al Setembre, les confirmades per comen\u00e7ar a l&#8217;Octubre i les que necessitem inscripcions per tirar endavant. <\/p>\n\n\n\n<p>Fins divendres 20 de setembre us podeu inscriure. <\/p>\n\n\n\n<p>M\u00e9s informaci\u00f3 a <a href=\"http:\/\/dae.emotium.cat \">http:\/\/dae.emotium.cat <\/a>, <a href=\"mailto:dayanis.guerra.carballoso@gmail.com\">dayanis.guerra.carballoso@gmail.com<\/a> o al 650862143<\/p>\n\n\n\n<figure class=\"wp-block-image size-large\"><a href=\"https:\/\/agora.xtec.cat\/ceipturodeguiera\/wp-content\/uploads\/usu2627\/2024\/09\/Extraescolar_2024_205.png\"><img loading=\"lazy\" decoding=\"async\" width=\"689\" height=\"1024\" src=\"https:\/\/agora.xtec.cat\/ceipturodeguiera\/wp-content\/uploads\/usu2627\/2024\/09\/Extraescolar_2024_205-689x1024.png\" alt=\"\" class=\"wp-image-9260\" srcset=\"https:\/\/agora.xtec.cat\/ceipturodeguiera\/wp-content\/uploads\/usu2627\/2024\/09\/Extraescolar_2024_205-689x1024.png 689w, https:\/\/agora.xtec.cat\/ceipturodeguiera\/wp-content\/uploads\/usu2627\/2024\/09\/Extraescolar_2024_205-202x300.png 202w, https:\/\/agora.xtec.cat\/ceipturodeguiera\/wp-content\/uploads\/usu2627\/2024\/09\/Extraescolar_2024_205.png 716w\" sizes=\"auto, (max-width: 689px) 100vw, 689px\" \/><\/a><\/figure>\n","protected":false},"excerpt":{"rendered":"<p>Benvigudes fam\u00edlies, us passem un petit resum amb les activitats que ja vam comen\u00e7ar al Setembre, les confirmades per comen\u00e7ar a l&#8217;Octubre i les que necessitem inscripcions per tirar endavant. Fins divendres 20 de setembre us podeu inscriure. M\u00e9s informaci\u00f3 a http:\/\/dae.emotium.cat , dayanis.guerra.carballoso@gmail.com o al 650862143<\/p>\n","protected":false},"author":6,"featured_media":0,"comment_status":"open","ping_status":"open","sticky":false,"template":"","format":"standard","meta":{"_bbp_topic_count":0,"_bbp_reply_count":0,"_bbp_total_topic_count":0,"_bbp_total_reply_count":0,"_bbp_voice_count":0,"_bbp_anonymous_reply_count":0,"_bbp_topic_count_hidden":0,"_bbp_reply_count_hidden":0,"_bbp_forum_subforum_count":0,"site-sidebar-layout":"default","site-content-layout":"","ast-site-content-layout":"","site-content-style":"default","site-sidebar-style":"default","ast-global-header-display":"","ast-banner-title-visibility":"","ast-main-header-display":"","ast-hfb-above-header-display":"","ast-hfb-below-header-display":"","ast-hfb-mobile-header-display":"","site-post-title":"","ast-breadcrumbs-content":"","ast-featured-img":"","footer-sml-layout":"","theme-transparent-header-meta":"","adv-header-id-meta":"","stick-header-meta":"","header-above-stick-meta":"","header-main-stick-meta":"","header-below-stick-meta":"","astra-migrate-meta-layouts":"default","ast-page-background-enabled":"default","ast-page-background-meta":{"desktop":{"background-color":"var(--ast-global-color-4)","background-image":"","background-repeat":"repeat","background-position":"center center","background-size":"auto","background-attachment":"scroll","background-type":"","background-media":"","overlay-type":"","overlay-color":"","overlay-opacity":"","overlay-gradient":""},"tablet":{"background-color":"","background-image":"","background-repeat":"repeat","background-position":"center center","background-size":"auto","background-attachment":"scroll","background-type":"","background-media":"","overlay-type":"","overlay-color":"","overlay-opacity":"","overlay-gradient":""},"mobile":{"background-color":"","background-image":"","background-repeat":"repeat","background-position":"center center","background-size":"auto","background-attachment":"scroll","background-type":"","background-media":"","overlay-type":"","overlay-color":"","overlay-opacity":"","overlay-gradient":""}},"ast-content-background-meta":{"desktop":{"background-color":"var(--ast-global-color-5)","background-image":"","background-repeat":"repeat","background-position":"center center","background-size":"auto","background-attachment":"scroll","background-type":"","background-media":"","overlay-type":"","overlay-color":"","overlay-opacity":"","overlay-gradient":""},"tablet":{"background-color":"var(--ast-global-color-5)","background-image":"","background-repeat":"repeat","background-position":"center center","background-size":"auto","background-attachment":"scroll","background-type":"","background-media":"","overlay-type":"","overlay-color":"","overlay-opacity":"","overlay-gradient":""},"mobile":{"background-color":"var(--ast-global-color-5)","background-image":"","background-repeat":"repeat","background-position":"center center","background-size":"auto","background-attachment":"scroll","background-type":"","background-media":"","overlay-type":"","overlay-color":"","overlay-opacity":"","overlay-gradient":""}},"footnotes":""},"categories":[301,330],"tags":[310,337],"class_list":["post-9259","post","type-post","status-publish","format-standard","hentry","category-afi","category-comissions","tag-afi","tag-extraescolars"],"post_mailing_queue_ids":[],"_links":{"self":[{"href":"https:\/\/agora.xtec.cat\/ceipturodeguiera\/wp-json\/wp\/v2\/posts\/9259","targetHints":{"allow":["GET"]}}],"collection":[{"href":"https:\/\/agora.xtec.cat\/ceipturodeguiera\/wp-json\/wp\/v2\/posts"}],"about":[{"href":"https:\/\/agora.xtec.cat\/ceipturodeguiera\/wp-json\/wp\/v2\/types\/post"}],"author":[{"embeddable":true,"href":"https:\/\/agora.xtec.cat\/ceipturodeguiera\/wp-json\/wp\/v2\/users\/6"}],"replies":[{"embeddable":true,"href":"https:\/\/agora.xtec.cat\/ceipturodeguiera\/wp-json\/wp\/v2\/comments?post=9259"}],"version-history":[{"count":2,"href":"https:\/\/agora.xtec.cat\/ceipturodeguiera\/wp-json\/wp\/v2\/posts\/9259\/revisions"}],"predecessor-version":[{"id":9262,"href":"https:\/\/agora.xtec.cat\/ceipturodeguiera\/wp-json\/wp\/v2\/posts\/9259\/revisions\/9262"}],"wp:attachment":[{"href":"https:\/\/agora.xtec.cat\/ceipturodeguiera\/wp-json\/wp\/v2\/media?parent=9259"}],"wp:term":[{"taxonomy":"category","embeddable":true,"href":"https:\/\/agora.xtec.cat\/ceipturodeguiera\/wp-json\/wp\/v2\/categories?post=9259"},{"taxonomy":"post_tag","embeddable":true,"href":"https:\/\/agora.xtec.cat\/ceipturodeguiera\/wp-json\/wp\/v2\/tags?post=9259"}],"curies":[{"name":"wp","href":"https:\/\/api.w.org\/{rel}","templated":true}]}}