{"id":8714,"date":"2024-05-16T10:30:12","date_gmt":"2024-05-16T08:30:12","guid":{"rendered":"https:\/\/agora.xtec.cat\/ceipturodeguiera\/?p=8714"},"modified":"2024-10-03T11:36:01","modified_gmt":"2024-10-03T09:36:01","slug":"menjador","status":"publish","type":"post","link":"https:\/\/agora.xtec.cat\/ceipturodeguiera\/afi\/menjador\/","title":{"rendered":"Menjador"},"content":{"rendered":"<h3><a href=\"https:\/\/agora.xtec.cat\/ceipturodeguiera\/afi\/benvinguda-a-lafi-turo-de-guiera\/\">Inici<\/a> \u00a0\u00a0 \u00a0<a href=\"https:\/\/agora.xtec.cat\/ceipturodeguiera\/afi\/serveis\/\">Serveis<\/a>\u00a0\u00a0\u00a0\u00a0 <a href=\"https:\/\/agora.xtec.cat\/ceipturodeguiera\/afi\/comissions\/\">Comissions<\/a>\u00a0\u00a0\u00a0\u00a0 <a href=\"https:\/\/agora.xtec.cat\/ceipturodeguiera\/afi\/documents\/\">Documents<\/a>\u00a0\u00a0\u00a0\u00a0 <a href=\"https:\/\/agora.xtec.cat\/ceipturodeguiera\/categoria\/afi\/\">Noticies<\/a>\u00a0\u00a0\u00a0\u00a0 <a href=\"https:\/\/agora.xtec.cat\/ceipturodeguiera\/?p=8636&amp;preview=true\">Contacte<\/a><\/h3>\n<p><span style=\"font-family: verdana, geneva, sans-serif;\">La comissi\u00f3 de menjador t\u00e9 com a principal objectiu vetllar pel correcte funcionament del servei de menjador, la gesti\u00f3 del qual est\u00e0 actualment externalitzat a l\u2019empresa La Vostra Cuina des de fa diversos anys. La comissi\u00f3 de menjador fa d\u2019enlla\u00e7 entre fam\u00edlies i menjador tant amb les peticions i suggeriments com amb les queixes i incid\u00e8ncies.<\/span><br \/>\n<span style=\"font-family: verdana, geneva, sans-serif;\">Tamb\u00e9 s\u2019encarrega de fer propostes de millora tant en din\u00e0miques com en els men\u00fas, p\u00edcnics, activitats de lleure i celebracions de les festes o projectes.<\/span><br \/>\n<span style=\"font-family: verdana, geneva, sans-serif;\">En els \u00faltims anys s\u2019han dut a terme millores a les instal\u00b7lacions de la cuina. Destaquem, entre d\u2019altres, la renovaci\u00f3 del forn o el manteniment tant del sostre com del terra antilliscant de la cuina.<\/span><br \/>\n<span style=\"font-family: verdana, geneva, sans-serif;\">El projecte d\u2019aquest any de La Vostra Cuina est\u00e0 basat en Les Efem\u00e8rides i el podreu trobar en el seg\u00fcent <a href=\"https:\/\/drive.google.com\/file\/d\/1ZzR1w0SObinygWYruUadvq2thpHEwY-A\/view\">enlla\u00e7<\/a><\/span><\/p>\n<p><span style=\"font-family: verdana, geneva, sans-serif;\">Actualment, formen part d\u2019aquesta comissi\u00f3 les seg\u00fcents persones:<\/span><\/p>\n<p><span style=\"font-family: verdana, geneva, sans-serif;\">\u2022 Ferran Puig<\/span><br \/>\n<span style=\"font-family: verdana, geneva, sans-serif;\">\u2022 \u2060Miriam Barco<\/span><br \/>\n<span style=\"font-family: verdana, geneva, sans-serif;\">\u2022 \u2060Bea Romero<\/span><br \/>\n<span style=\"font-family: verdana, geneva, sans-serif;\">\u2022 Susana Aranda<\/span><br \/>\n<span style=\"font-family: verdana, geneva, sans-serif;\">\u2022 Sonia Flores<\/span><br \/>\n<span style=\"font-family: verdana, geneva, sans-serif;\">\u2022 Judith Iglesias<\/span><\/p>\n<p><span style=\"font-family: verdana, geneva, sans-serif;\">Per contactar amb la comissi\u00f3, pots fer-ho enviant un mail a <a href=\"mailto:afiturodeguiera@gmail.com\">afiturodeguiera@gmail.com<\/a><\/span><\/p>\n<p>Podeu trobar el document del projecte migdia pel 2024-2025 <a href=\"https:\/\/agora.xtec.cat\/ceipturodeguiera\/wp-content\/uploads\/usu2627\/2024\/10\/projecte-2024-2025-tematiques-creatives_.pdf\" target=\"_blank\" rel=\"noopener\">aqu\u00ed\u00a0<\/a><\/p>\n","protected":false},"excerpt":{"rendered":"<p>Inici \u00a0\u00a0 \u00a0Serveis\u00a0\u00a0\u00a0\u00a0 Comissions\u00a0\u00a0\u00a0\u00a0 Documents\u00a0\u00a0\u00a0\u00a0 Noticies\u00a0\u00a0\u00a0\u00a0 Contacte La comissi\u00f3 de menjador t\u00e9 com a principal objectiu vetllar pel correcte funcionament del servei de menjador, la gesti\u00f3 del qual est\u00e0 actualment externalitzat a l\u2019empresa La Vostra Cuina des de fa diversos anys. La comissi\u00f3 de menjador fa d\u2019enlla\u00e7 entre fam\u00edlies i menjador tant amb les peticions [&hellip;]<\/p>\n","protected":false},"author":6,"featured_media":0,"comment_status":"open","ping_status":"closed","sticky":false,"template":"","format":"standard","meta":{"_bbp_topic_count":0,"_bbp_reply_count":0,"_bbp_total_topic_count":0,"_bbp_total_reply_count":0,"_bbp_voice_count":0,"_bbp_anonymous_reply_count":0,"_bbp_topic_count_hidden":0,"_bbp_reply_count_hidden":0,"_bbp_forum_subforum_count":0,"site-sidebar-layout":"default","site-content-layout":"","ast-site-content-layout":"","site-content-style":"default","site-sidebar-style":"default","ast-global-header-display":"","ast-banner-title-visibility":"","ast-main-header-display":"","ast-hfb-above-header-display":"","ast-hfb-below-header-display":"","ast-hfb-mobile-header-display":"","site-post-title":"","ast-breadcrumbs-content":"","ast-featured-img":"","footer-sml-layout":"","theme-transparent-header-meta":"","adv-header-id-meta":"","stick-header-meta":"","header-above-stick-meta":"","header-main-stick-meta":"","header-below-stick-meta":"","astra-migrate-meta-layouts":"default","ast-page-background-enabled":"default","ast-page-background-meta":{"desktop":{"background-color":"var(--ast-global-color-4)","background-image":"","background-repeat":"repeat","background-position":"center center","background-size":"auto","background-attachment":"scroll","background-type":"","background-media":"","overlay-type":"","overlay-color":"","overlay-opacity":"","overlay-gradient":""},"tablet":{"background-color":"","background-image":"","background-repeat":"repeat","background-position":"center center","background-size":"auto","background-attachment":"scroll","background-type":"","background-media":"","overlay-type":"","overlay-color":"","overlay-opacity":"","overlay-gradient":""},"mobile":{"background-color":"","background-image":"","background-repeat":"repeat","background-position":"center center","background-size":"auto","background-attachment":"scroll","background-type":"","background-media":"","overlay-type":"","overlay-color":"","overlay-opacity":"","overlay-gradient":""}},"ast-content-background-meta":{"desktop":{"background-color":"var(--ast-global-color-5)","background-image":"","background-repeat":"repeat","background-position":"center center","background-size":"auto","background-attachment":"scroll","background-type":"","background-media":"","overlay-type":"","overlay-color":"","overlay-opacity":"","overlay-gradient":""},"tablet":{"background-color":"var(--ast-global-color-5)","background-image":"","background-repeat":"repeat","background-position":"center center","background-size":"auto","background-attachment":"scroll","background-type":"","background-media":"","overlay-type":"","overlay-color":"","overlay-opacity":"","overlay-gradient":""},"mobile":{"background-color":"var(--ast-global-color-5)","background-image":"","background-repeat":"repeat","background-position":"center center","background-size":"auto","background-attachment":"scroll","background-type":"","background-media":"","overlay-type":"","overlay-color":"","overlay-opacity":"","overlay-gradient":""}},"footnotes":""},"categories":[301,330],"tags":[],"class_list":["post-8714","post","type-post","status-publish","format-standard","hentry","category-afi","category-comissions"],"post_mailing_queue_ids":[],"_links":{"self":[{"href":"https:\/\/agora.xtec.cat\/ceipturodeguiera\/wp-json\/wp\/v2\/posts\/8714","targetHints":{"allow":["GET"]}}],"collection":[{"href":"https:\/\/agora.xtec.cat\/ceipturodeguiera\/wp-json\/wp\/v2\/posts"}],"about":[{"href":"https:\/\/agora.xtec.cat\/ceipturodeguiera\/wp-json\/wp\/v2\/types\/post"}],"author":[{"embeddable":true,"href":"https:\/\/agora.xtec.cat\/ceipturodeguiera\/wp-json\/wp\/v2\/users\/6"}],"replies":[{"embeddable":true,"href":"https:\/\/agora.xtec.cat\/ceipturodeguiera\/wp-json\/wp\/v2\/comments?post=8714"}],"version-history":[{"count":6,"href":"https:\/\/agora.xtec.cat\/ceipturodeguiera\/wp-json\/wp\/v2\/posts\/8714\/revisions"}],"predecessor-version":[{"id":9279,"href":"https:\/\/agora.xtec.cat\/ceipturodeguiera\/wp-json\/wp\/v2\/posts\/8714\/revisions\/9279"}],"wp:attachment":[{"href":"https:\/\/agora.xtec.cat\/ceipturodeguiera\/wp-json\/wp\/v2\/media?parent=8714"}],"wp:term":[{"taxonomy":"category","embeddable":true,"href":"https:\/\/agora.xtec.cat\/ceipturodeguiera\/wp-json\/wp\/v2\/categories?post=8714"},{"taxonomy":"post_tag","embeddable":true,"href":"https:\/\/agora.xtec.cat\/ceipturodeguiera\/wp-json\/wp\/v2\/tags?post=8714"}],"curies":[{"name":"wp","href":"https:\/\/api.w.org\/{rel}","templated":true}]}}