{"id":8622,"date":"2024-05-08T11:48:34","date_gmt":"2024-05-08T09:48:34","guid":{"rendered":"https:\/\/agora.xtec.cat\/ceipturodeguiera\/?p=8622"},"modified":"2025-09-01T12:03:40","modified_gmt":"2025-09-01T10:03:40","slug":"benvinguda-a-lafi-turo-de-guiera","status":"publish","type":"post","link":"https:\/\/agora.xtec.cat\/ceipturodeguiera\/afi\/benvinguda-a-lafi-turo-de-guiera\/","title":{"rendered":"Benvinguda a l&#8217;AFI Tur\u00f3 de Guiera"},"content":{"rendered":"<h4><a href=\"https:\/\/agora.xtec.cat\/ceipturodeguiera\/afi\/benvinguda-a-lafi-turo-de-guiera\/\">Inici<\/a>\u00a0 \u00a0 <a href=\"https:\/\/agora.xtec.cat\/ceipturodeguiera\/afi\/serveis\/\">Serveis<\/a>\u00a0 \u00a0 <a href=\"https:\/\/agora.xtec.cat\/ceipturodeguiera\/afi\/comissions\/\">Comissions<\/a>\u00a0 \u00a0 <a href=\"https:\/\/agora.xtec.cat\/ceipturodeguiera\/afi\/documents\/\">Documents<\/a>\u00a0 \u00a0 <a href=\"https:\/\/agora.xtec.cat\/ceipturodeguiera\/categoria\/afi\/\">Noticies<\/a>\u00a0 \u00a0<a href=\"https:\/\/agora.xtec.cat\/ceipturodeguiera\/afi\/tpvescola\/\">TPVEscola<\/a>\u00a0 \u00a0<a href=\"https:\/\/agora.xtec.cat\/ceipturodeguiera\/categoria\/afi\/casal-destiu\/\">Casals<\/a>\u00a0 \u00a0<a href=\"https:\/\/agora.xtec.cat\/ceipturodeguiera\/?p=8636&amp;preview=true\">Contacte<\/a><\/h4>\n<h2>Qui som?<\/h2>\n<p><img loading=\"lazy\" decoding=\"async\" class=\"size-full wp-image-5193 alignright\" src=\"https:\/\/agora.xtec.cat\/ceipturodeguiera\/wp-content\/uploads\/usu2627\/2023\/01\/Logo-Afi_172.png\" alt=\"\" width=\"172\" height=\"172\" srcset=\"https:\/\/agora.xtec.cat\/ceipturodeguiera\/wp-content\/uploads\/usu2627\/2023\/01\/Logo-Afi_172.png 172w, https:\/\/agora.xtec.cat\/ceipturodeguiera\/wp-content\/uploads\/usu2627\/2023\/01\/Logo-Afi_172-150x150.png 150w\" sizes=\"auto, (max-width: 172px) 100vw, 172px\" \/><\/p>\n<p>\u00c9s una associaci\u00f3 sense \u00e0nim de lucre, de la que tots formem part (mares, pares, tutors legals).<br \/>\nRepresenta els interessos de les fam\u00edlies vers l&#8217;educaci\u00f3 dels infants basada en el di\u00e0leg i l&#8217;entesa de tots els membres de la comunitat educativa. Mitjan\u00e7ant les aportacions econ\u00f2miques de totes les fam\u00edlies de l\u2019escola, l\u2019AFA vetlla per a poder oferir als alumnes prestacions que no ofereix la Generalitat.<\/p>\n<ul>\n<li style=\"list-style-type: none;\">\n<ul>\n<li style=\"list-style-type: none;\">\n<ul>\n<li>Gestionant diferents serveis i activitats com s\u00f3n el menjador escolar i les activitats extraescolars (mat\u00ed, migdia i tarda) a trav\u00e9s d\u2019empreses externes.<\/li>\n<li aria-level=\"1\">Participant en la compra de llibres i altres materials educatius, o equipaments necessaris per a la millora del funcionament del centre.<\/li>\n<li>Nomenant una persona com a representant al Consell Escolar.<\/li>\n<\/ul>\n<\/li>\n<\/ul>\n<\/li>\n<\/ul>\n<p><strong><br \/>\n<\/strong>Pitja <a href=\"https:\/\/agora.xtec.cat\/ceipturodeguiera\/wp-content\/uploads\/usu2627\/2023\/02\/Folleto-triptico-AFI-23-24.pdf\">aqu\u00ed<\/a> i podr\u00e0s saber una mica m\u00e9s.<\/p>\n<h2>Com funcionem?<\/h2>\n<p>Hi ha dues peces fonamentals per gestionar el funcionament:<\/p>\n<ul>\n<li style=\"list-style-type: none;\">\n<ul>\n<li>Junta directiva que regeix, administra i representa l&#8217;associaci\u00f3.<\/li>\n<li>Les comissions: festes, menjador, socialitzaci\u00f3, extraescolars, hort, formiga treballadora, TIC, fam\u00edlia-escola, camins escolars i comunicaci\u00f3, de les quals en poden formar part personades associades que no siguin membres de la Junta Directiva.<\/li>\n<\/ul>\n<\/li>\n<\/ul>\n<p>Si voleu participar en alguna de les comissions heu d&#8217;escriure un correu a <a href=\"mailto:afiturodeguiera@gmail.com\">afiturodeguiera@gmail.com<\/a>. Tothom \u00e9s benvingut!<\/p>\n<h2>Junta directiva<\/h2>\n<p>L&#8217;actual Junta directiva est\u00e0 composta pels seg\u00fcents membres:<\/p>\n<ul>\n<li style=\"list-style-type: none;\">\n<ul>\n<li>President &#8211; Arnau Bria<\/li>\n<li>Vicepresidenta &#8211; Almudena Palomares<\/li>\n<li>Tresorera &#8211; Ver\u00f3nica Cano<\/li>\n<li>Secret\u00e0ria &#8211; J\u00e9ssica P\u00e9rez<\/li>\n<li>\u00a0Vocals:\n<ul>\n<li>Evelyn Boixaderas<\/li>\n<li>Miriam Barco<\/li>\n<li>Mireia Llu\u00eds<\/li>\n<li>Ana Pascual,<\/li>\n<li>Bea Romero<\/li>\n<li>Sonia Flores<\/li>\n<li>Ferran Puig<\/li>\n<li>Manuel Rodr\u00edguez<\/li>\n<li>Sandra Mart\u00ednez<\/li>\n<li>MeritxellHern\u00e1nde<\/li>\n<li>Merc\u00e8 Peris<\/li>\n<\/ul>\n<\/li>\n<\/ul>\n<\/li>\n<\/ul>\n<h2>Com associar-se?<\/h2>\n<p>Per ser soci de l&#8217;AFI Tur\u00f3 de Guiera i gaudir dels seus avantatges cal pagar una quota anual <strong>per fam\u00edlia<\/strong> de 25 euros. El pagament ara es realitza a trav\u00e9s de l&#8217;aplicatiu <a href=\"https:\/\/agora.xtec.cat\/ceipturodeguiera\/afi\/tpvescola\/\">TPVSecola<\/a><\/p>\n","protected":false},"excerpt":{"rendered":"<p>Qu\u00e9 \u00e9s l&#8217;AFI?<\/p>\n","protected":false},"author":6,"featured_media":0,"comment_status":"open","ping_status":"closed","sticky":false,"template":"","format":"standard","meta":{"_bbp_topic_count":0,"_bbp_reply_count":0,"_bbp_total_topic_count":0,"_bbp_total_reply_count":0,"_bbp_voice_count":0,"_bbp_anonymous_reply_count":0,"_bbp_topic_count_hidden":0,"_bbp_reply_count_hidden":0,"_bbp_forum_subforum_count":0,"site-sidebar-layout":"default","site-content-layout":"","ast-site-content-layout":"","site-content-style":"default","site-sidebar-style":"default","ast-global-header-display":"","ast-banner-title-visibility":"","ast-main-header-display":"","ast-hfb-above-header-display":"","ast-hfb-below-header-display":"","ast-hfb-mobile-header-display":"","site-post-title":"","ast-breadcrumbs-content":"","ast-featured-img":"","footer-sml-layout":"","theme-transparent-header-meta":"","adv-header-id-meta":"","stick-header-meta":"","header-above-stick-meta":"","header-main-stick-meta":"","header-below-stick-meta":"","astra-migrate-meta-layouts":"default","ast-page-background-enabled":"default","ast-page-background-meta":{"desktop":{"background-color":"var(--ast-global-color-4)","background-image":"","background-repeat":"repeat","background-position":"center center","background-size":"auto","background-attachment":"scroll","background-type":"","background-media":"","overlay-type":"","overlay-color":"","overlay-opacity":"","overlay-gradient":""},"tablet":{"background-color":"","background-image":"","background-repeat":"repeat","background-position":"center center","background-size":"auto","background-attachment":"scroll","background-type":"","background-media":"","overlay-type":"","overlay-color":"","overlay-opacity":"","overlay-gradient":""},"mobile":{"background-color":"","background-image":"","background-repeat":"repeat","background-position":"center center","background-size":"auto","background-attachment":"scroll","background-type":"","background-media":"","overlay-type":"","overlay-color":"","overlay-opacity":"","overlay-gradient":""}},"ast-content-background-meta":{"desktop":{"background-color":"var(--ast-global-color-5)","background-image":"","background-repeat":"repeat","background-position":"center center","background-size":"auto","background-attachment":"scroll","background-type":"","background-media":"","overlay-type":"","overlay-color":"","overlay-opacity":"","overlay-gradient":""},"tablet":{"background-color":"var(--ast-global-color-5)","background-image":"","background-repeat":"repeat","background-position":"center center","background-size":"auto","background-attachment":"scroll","background-type":"","background-media":"","overlay-type":"","overlay-color":"","overlay-opacity":"","overlay-gradient":""},"mobile":{"background-color":"var(--ast-global-color-5)","background-image":"","background-repeat":"repeat","background-position":"center center","background-size":"auto","background-attachment":"scroll","background-type":"","background-media":"","overlay-type":"","overlay-color":"","overlay-opacity":"","overlay-gradient":""}},"footnotes":""},"categories":[301],"tags":[],"class_list":["post-8622","post","type-post","status-publish","format-standard","hentry","category-afi"],"post_mailing_queue_ids":[],"_links":{"self":[{"href":"https:\/\/agora.xtec.cat\/ceipturodeguiera\/wp-json\/wp\/v2\/posts\/8622","targetHints":{"allow":["GET"]}}],"collection":[{"href":"https:\/\/agora.xtec.cat\/ceipturodeguiera\/wp-json\/wp\/v2\/posts"}],"about":[{"href":"https:\/\/agora.xtec.cat\/ceipturodeguiera\/wp-json\/wp\/v2\/types\/post"}],"author":[{"embeddable":true,"href":"https:\/\/agora.xtec.cat\/ceipturodeguiera\/wp-json\/wp\/v2\/users\/6"}],"replies":[{"embeddable":true,"href":"https:\/\/agora.xtec.cat\/ceipturodeguiera\/wp-json\/wp\/v2\/comments?post=8622"}],"version-history":[{"count":6,"href":"https:\/\/agora.xtec.cat\/ceipturodeguiera\/wp-json\/wp\/v2\/posts\/8622\/revisions"}],"predecessor-version":[{"id":11552,"href":"https:\/\/agora.xtec.cat\/ceipturodeguiera\/wp-json\/wp\/v2\/posts\/8622\/revisions\/11552"}],"wp:attachment":[{"href":"https:\/\/agora.xtec.cat\/ceipturodeguiera\/wp-json\/wp\/v2\/media?parent=8622"}],"wp:term":[{"taxonomy":"category","embeddable":true,"href":"https:\/\/agora.xtec.cat\/ceipturodeguiera\/wp-json\/wp\/v2\/categories?post=8622"},{"taxonomy":"post_tag","embeddable":true,"href":"https:\/\/agora.xtec.cat\/ceipturodeguiera\/wp-json\/wp\/v2\/tags?post=8622"}],"curies":[{"name":"wp","href":"https:\/\/api.w.org\/{rel}","templated":true}]}}