{"id":8609,"date":"2024-05-08T07:55:32","date_gmt":"2024-05-08T05:55:32","guid":{"rendered":"https:\/\/agora.xtec.cat\/ceipturodeguiera\/?p=8609"},"modified":"2025-11-21T14:06:36","modified_gmt":"2025-11-21T13:06:36","slug":"serveis","status":"publish","type":"post","link":"https:\/\/agora.xtec.cat\/ceipturodeguiera\/afi\/serveis\/","title":{"rendered":"Serveis"},"content":{"rendered":"<h4><a href=\"https:\/\/agora.xtec.cat\/ceipturodeguiera\/afi\/benvinguda-a-lafi-turo-de-guiera\/\">Inici<\/a>\u00a0 \u00a0 <a href=\"https:\/\/agora.xtec.cat\/ceipturodeguiera\/afi\/serveis\/\">Serveis<\/a>\u00a0 \u00a0 <a href=\"https:\/\/agora.xtec.cat\/ceipturodeguiera\/afi\/comissions\/\">Comissions<\/a>\u00a0 \u00a0 <a href=\"https:\/\/agora.xtec.cat\/ceipturodeguiera\/afi\/documents\/\">Documents<\/a>\u00a0 \u00a0 <a href=\"https:\/\/agora.xtec.cat\/ceipturodeguiera\/categoria\/afi\/\">Noticies<\/a>\u00a0 \u00a0<a href=\"https:\/\/agora.xtec.cat\/ceipturodeguiera\/afi\/tpvescola\/\">TPVEscola<\/a>\u00a0 \u00a0<a href=\"https:\/\/agora.xtec.cat\/ceipturodeguiera\/categoria\/afi\/casal-destiu\/\">Casals<\/a>\u00a0 \u00a0<a href=\"https:\/\/agora.xtec.cat\/ceipturodeguiera\/?p=8636&amp;preview=true\">Contacte<\/a><\/h4>\n<p>L&#8217;AFI ofereix i supervisa tres serveis: acollida, menjador i extraescolars.<\/p>\n<h1>Acollida<\/h1>\n<p>l&#8217;AFI ofereix el servei d&#8217;acollida, a trav\u00e9s de l&#8217;empresa DAE, per les fam\u00edlies que necessiten deixar els alumnes a l&#8217;escola abans de l&#8217;inici de l&#8217;horari escolar.<\/p>\n<p><strong>Horari<\/strong>: de 8:00 a 9:00 a l&#8217;edifici de l&#8217;AFI<\/p>\n<p><strong>Preu<\/strong>:<\/p>\n<p>Qualsevol dubte podeu trucar al 650 862 143 o enviar correu a dayanis.guerra.carballoso@gmail.co i<\/p>\n<h1>Menjador<\/h1>\n<p>Des de l\u2019AFI gestionem el servei de menjador, que a la vegada est\u00e0 supervisat per la <a href=\"https:\/\/agora.xtec.cat\/ceipturodeguiera\/afi\/menjador\/\">Comissi\u00f3 de menjador<\/a>, formada per representants de les fam\u00edlies de l\u2019escola, que mant\u00e9 el contacte constant amb l\u2019empresa responsable del servei de cuina, <a href=\"https:\/\/cateringlavostracuina.com\/\">La Vostra Cuina<\/a>. \u00c9s aquesta \u00faltima qui elabora els menjars a la cuina del centre i qui s\u2019encarrega del monitoratge durant el servei.<br \/>Podr\u00e0 fer \u00fas del menjador escolar l\u2019alumnat de les fam\u00edlies que ho sol\u00b7licitin, sempre que respectin les normes establertes i estiguin al corrent dels pagaments acordats, admetent tamb\u00e9 un \u00fas espor\u00e0dic avisant amb antelaci\u00f3.<\/p>\n<p>L\u2019alumnat d\u2019I3 que faci \u00fas del mateix haur\u00e0 de portar cada dilluns una bata, i un llen\u00e7ol per a fer la migdiada, que seran retornats a casa cada divendres per a rentar. Tamb\u00e9 far\u00e0 falta una muda. De cara als mesos d\u2019hivern es demanar\u00e0 una manteta (tot ben marcat).<\/p>\n<p>L\u2019alumnat d\u2019I4 a 2n han de dur bata, que es retornar\u00e0 a casa cada divendres per rentar.<\/p>\n<p>Respecte al raspallat de dents, es fa l\u2019alumnat de 1r a 6\u00e8. Ser\u00e0 necessari portar cada dilluns una bosseta de roba amb el raspall de dents, la pasta i un got de pl\u00e0stic, que en arribar al divendres es tornar\u00e0 a casa per a fer-ne el manteniment adequat.<\/p>\n<p>L\u2019empresa far\u00e0 un seguiment dels alumnes i far\u00e0 arribar a les fam\u00edlies informaci\u00f3 del servei: I3 de forma di\u00e0ria a trav\u00e9s d\u2019una llibreta de menjador; I4 i I5 de forma setmanal, i Prim\u00e0ria de forma trimestral.<\/p>\n<p>Les fam\u00edlies interessades a fer servir aquest servei, us haureu de dirigir a la secretaria de l\u2019AFI o b\u00e9 contactar amb nosaltres per correu electr\u00f2nic a <a href=\"mailto:afiturodeguiera@gmail.com\">afiturodeguiera@gmail.com<\/a>, on us farem arribar informaci\u00f3 concreta del funcionament de l\u2019activitat. Si algun dia el vostre fill\/a no es queda a dinar, us retornaran el 100% de l\u2019import de menjador d\u2019aquell dia si ho comuniqueu abans de les 10:00 h a la coordinadora del servei.<br \/>L\u2019empresa de menjador facilita que les fam\u00edlies que ho desitgin puguin dinar un dia a l\u2019escola per a viure la din\u00e0mica de funcionament de l\u2019estona de menjadors. De ser el cas, contacteu amb la comissi\u00f3 per a poder organitzar-ho.<\/p>\n<p>Les inscripcions inicials es realitzen a trav\u00e9s de formulari enviat al comen\u00e7ar el curs escolar. En cas d\u2019haver d\u2019inscriure a l\u2019alumne passada la data d\u2019inici, contactar amb la persona responsable (vegeu m\u00e9s endavant).<\/p>\n<p>Podeu consultar els men\u00fas <a href=\"https:\/\/drive.google.com\/drive\/folders\/1y27c7f1to9fOPjPePzoEfoG8ycYc3CUg?usp=sharing\">aqu\u00ed<\/a>.<\/p>\n<p><strong>Horari d&#8217;atenci\u00f3 fam\u00edlies<\/strong>: 9:00 a 10:00<\/p>\n<p><strong>Horari menjador<\/strong>: dilluns a divendres, de 12:30 h a 15:00 h ( excepte durant la jornada intensiva )<\/p>\n<p><strong>Preu<\/strong>: la quota mensual servei de menjador es cobra en funci\u00f3 dels dies que s\u2019hi hagi assistit.<\/p>\n<ul>\n<li style=\"list-style-type: none;\">\n<ul>\n<li>Preu usuari fix: 7,54 \u20ac\/dia<\/li>\n<li>Preu usuari espor\u00e0dic: 8,29 \u20ac\/dia<\/li>\n<\/ul>\n<\/li>\n<\/ul>\n<p>Els pagaments de l\u2019empresa La Vostra Cuina es duen a terme per domiciliaci\u00f3 banc\u00e0ria, transfer\u00e8ncia banc\u00e0ria o b\u00e9 en efectiu.<\/p>\n<p>Contacte La Vostra Cuina:Tere Oyag\u00fce, Tel: +34 608 76 25 99, <a href=\"mailto:turodeguiera@vostracuina.com\">turodeguiera@vostracuina.com<\/a><\/p>\n<p>Tamb\u00e9 podeu <a href=\"https:\/\/agora.xtec.cat\/ceipturodeguiera\/?p=8636&amp;preview=true\">contactar<\/a> amb l&#8217;AFI en cas de dubtes, suggeriments o queixes.<\/p>\n<p>En el <a href=\"https:\/\/agora.xtec.cat\/ceipturodeguiera\/wp-content\/uploads\/usu2627\/2025\/10\/regim_sancionador_servei_menjador.pdf\">seg\u00fcent enlla\u00e7<\/a> podeu trobar la normativa del servei.<\/p>\n<p><em><strong>L&#8217;equip de monitoratge inclou professionals especialistes en NNEE gr\u00e0cies al suport de l&#8217;Ajuntament de Cerdanyola.<\/strong><\/em><\/p>\n<p><img loading=\"lazy\" decoding=\"async\" class=\"alignnone size-full wp-image-12038\" src=\"https:\/\/agora.xtec.cat\/ceipturodeguiera\/wp-content\/uploads\/usu2627\/2024\/05\/image-1.png\" alt=\"\" width=\"202\" height=\"156\" \/><\/p>\n<h1>Extraescolars<\/h1>\n<p>Els socis de l&#8217;AFI poden gaudir del servei d&#8217;extraescolars ofert per l&#8217;empresa <a href=\"https:\/\/dae.emotium.cat\/\">DAE<\/a> i gestionats per l&#8217;AFI, amb el vistiplau de l&#8217;escola i el Consell Escolar.<\/p>\n<p>La gesti\u00f3 es fa directament a trav\u00e9s de la comissi\u00f3 d&#8217;extraescolars. El llistat d&#8217;activitats es pot consultar en aquest <a href=\"https:\/\/agora.xtec.cat\/ceipturodeguiera\/wp-content\/uploads\/usu2627\/2024\/05\/ESCOLA-TURO-DE-GUIERA-2023-2024.pdf\">document<\/a>.<\/p>\n<p>Aqu\u00ed podeu trobar un guia de com fer les inscripcions.<\/p>\n<p><img loading=\"lazy\" decoding=\"async\" class=\"alignnone size-full wp-image-6742\" src=\"https:\/\/agora.xtec.cat\/ceipturodeguiera\/wp-content\/uploads\/usu2627\/2023\/07\/COM_FER_INSCRIPCION23_24.jpg\" alt=\"\" width=\"1024\" height=\"576\" srcset=\"https:\/\/agora.xtec.cat\/ceipturodeguiera\/wp-content\/uploads\/usu2627\/2023\/07\/COM_FER_INSCRIPCION23_24.jpg 1024w, https:\/\/agora.xtec.cat\/ceipturodeguiera\/wp-content\/uploads\/usu2627\/2023\/07\/COM_FER_INSCRIPCION23_24-300x169.jpg 300w, https:\/\/agora.xtec.cat\/ceipturodeguiera\/wp-content\/uploads\/usu2627\/2023\/07\/COM_FER_INSCRIPCION23_24-768x432.jpg 768w\" sizes=\"auto, (max-width: 1024px) 100vw, 1024px\" \/><\/p>\n<p>Qualsevol dubte podeu trucar al 650 862 143 o enviar correu a <a href=\"mailto:dayanis.guerra.carballoso@gmail.com\">dayanis.guerra.carballoso@gmail.com<\/a><\/p>\n\n\n<p>En el <a href=\"https:\/\/agora.xtec.cat\/ceipturodeguiera\/wp-content\/uploads\/usu2627\/2025\/10\/regim_sancionador_servei_extraescolars.pdf\">seg\u00fcent enlla\u00e7<\/a> podeu trobar la normativa referent al servei.<\/p>\n\n\n\n<p><strong><em>El servei d&#8217;extraescolars rep el suport de l&#8217;Ajuntament de Cerdanyola<\/em><\/strong><\/p>\n\n\n\n<figure class=\"wp-block-image size-full\"><a href=\"https:\/\/agora.xtec.cat\/ceipturodeguiera\/wp-content\/uploads\/usu2627\/2024\/05\/image-1.png\"><img loading=\"lazy\" decoding=\"async\" width=\"202\" height=\"156\" src=\"https:\/\/agora.xtec.cat\/ceipturodeguiera\/wp-content\/uploads\/usu2627\/2024\/05\/image-1.png\" alt=\"\" class=\"wp-image-12038\"\/><\/a><\/figure>\n\n\n\n<p><\/p>\n","protected":false},"excerpt":{"rendered":"<p>Inici\u00a0 \u00a0 Serveis\u00a0 \u00a0 Comissions\u00a0 \u00a0 Documents\u00a0 \u00a0 Noticies\u00a0 \u00a0TPVEscola\u00a0 \u00a0Casals\u00a0 \u00a0Contacte L&#8217;AFI ofereix i supervisa tres serveis: acollida, menjador i extraescolars. Acollida l&#8217;AFI ofereix el servei d&#8217;acollida, a trav\u00e9s de l&#8217;empresa DAE, per les fam\u00edlies que necessiten deixar els alumnes a l&#8217;escola abans de l&#8217;inici de l&#8217;horari escolar. Horari: de 8:00 a 9:00 a [&hellip;]<\/p>\n","protected":false},"author":6,"featured_media":0,"comment_status":"open","ping_status":"closed","sticky":false,"template":"","format":"standard","meta":{"_bbp_topic_count":0,"_bbp_reply_count":0,"_bbp_total_topic_count":0,"_bbp_total_reply_count":0,"_bbp_voice_count":0,"_bbp_anonymous_reply_count":0,"_bbp_topic_count_hidden":0,"_bbp_reply_count_hidden":0,"_bbp_forum_subforum_count":0,"site-sidebar-layout":"default","site-content-layout":"","ast-site-content-layout":"","site-content-style":"default","site-sidebar-style":"default","ast-global-header-display":"","ast-banner-title-visibility":"","ast-main-header-display":"","ast-hfb-above-header-display":"","ast-hfb-below-header-display":"","ast-hfb-mobile-header-display":"","site-post-title":"","ast-breadcrumbs-content":"","ast-featured-img":"","footer-sml-layout":"","theme-transparent-header-meta":"","adv-header-id-meta":"","stick-header-meta":"","header-above-stick-meta":"","header-main-stick-meta":"","header-below-stick-meta":"","astra-migrate-meta-layouts":"default","ast-page-background-enabled":"default","ast-page-background-meta":{"desktop":{"background-color":"var(--ast-global-color-4)","background-image":"","background-repeat":"repeat","background-position":"center center","background-size":"auto","background-attachment":"scroll","background-type":"","background-media":"","overlay-type":"","overlay-color":"","overlay-opacity":"","overlay-gradient":""},"tablet":{"background-color":"","background-image":"","background-repeat":"repeat","background-position":"center center","background-size":"auto","background-attachment":"scroll","background-type":"","background-media":"","overlay-type":"","overlay-color":"","overlay-opacity":"","overlay-gradient":""},"mobile":{"background-color":"","background-image":"","background-repeat":"repeat","background-position":"center center","background-size":"auto","background-attachment":"scroll","background-type":"","background-media":"","overlay-type":"","overlay-color":"","overlay-opacity":"","overlay-gradient":""}},"ast-content-background-meta":{"desktop":{"background-color":"var(--ast-global-color-5)","background-image":"","background-repeat":"repeat","background-position":"center center","background-size":"auto","background-attachment":"scroll","background-type":"","background-media":"","overlay-type":"","overlay-color":"","overlay-opacity":"","overlay-gradient":""},"tablet":{"background-color":"var(--ast-global-color-5)","background-image":"","background-repeat":"repeat","background-position":"center center","background-size":"auto","background-attachment":"scroll","background-type":"","background-media":"","overlay-type":"","overlay-color":"","overlay-opacity":"","overlay-gradient":""},"mobile":{"background-color":"var(--ast-global-color-5)","background-image":"","background-repeat":"repeat","background-position":"center center","background-size":"auto","background-attachment":"scroll","background-type":"","background-media":"","overlay-type":"","overlay-color":"","overlay-opacity":"","overlay-gradient":""}},"footnotes":""},"categories":[301],"tags":[],"class_list":["post-8609","post","type-post","status-publish","format-standard","hentry","category-afi"],"post_mailing_queue_ids":[],"_links":{"self":[{"href":"https:\/\/agora.xtec.cat\/ceipturodeguiera\/wp-json\/wp\/v2\/posts\/8609","targetHints":{"allow":["GET"]}}],"collection":[{"href":"https:\/\/agora.xtec.cat\/ceipturodeguiera\/wp-json\/wp\/v2\/posts"}],"about":[{"href":"https:\/\/agora.xtec.cat\/ceipturodeguiera\/wp-json\/wp\/v2\/types\/post"}],"author":[{"embeddable":true,"href":"https:\/\/agora.xtec.cat\/ceipturodeguiera\/wp-json\/wp\/v2\/users\/6"}],"replies":[{"embeddable":true,"href":"https:\/\/agora.xtec.cat\/ceipturodeguiera\/wp-json\/wp\/v2\/comments?post=8609"}],"version-history":[{"count":6,"href":"https:\/\/agora.xtec.cat\/ceipturodeguiera\/wp-json\/wp\/v2\/posts\/8609\/revisions"}],"predecessor-version":[{"id":12045,"href":"https:\/\/agora.xtec.cat\/ceipturodeguiera\/wp-json\/wp\/v2\/posts\/8609\/revisions\/12045"}],"wp:attachment":[{"href":"https:\/\/agora.xtec.cat\/ceipturodeguiera\/wp-json\/wp\/v2\/media?parent=8609"}],"wp:term":[{"taxonomy":"category","embeddable":true,"href":"https:\/\/agora.xtec.cat\/ceipturodeguiera\/wp-json\/wp\/v2\/categories?post=8609"},{"taxonomy":"post_tag","embeddable":true,"href":"https:\/\/agora.xtec.cat\/ceipturodeguiera\/wp-json\/wp\/v2\/tags?post=8609"}],"curies":[{"name":"wp","href":"https:\/\/api.w.org\/{rel}","templated":true}]}}