{"id":6340,"date":"2023-05-15T11:15:06","date_gmt":"2023-05-15T09:15:06","guid":{"rendered":"https:\/\/agora.xtec.cat\/ceipturodeguiera\/?p=6340"},"modified":"2023-06-12T20:33:34","modified_gmt":"2023-06-12T18:33:34","slug":"els-de-6e-canten-a-lateneu","status":"publish","type":"post","link":"https:\/\/agora.xtec.cat\/ceipturodeguiera\/portada\/els-de-6e-canten-a-lateneu\/","title":{"rendered":"Els de 6\u00e8 canten a l&#8217;Ateneu"},"content":{"rendered":"<p><a href=\"https:\/\/agora.xtec.cat\/ceipturodeguiera\/wp-content\/uploads\/usu2627\/2023\/05\/IMG_7001.jpg\"><img loading=\"lazy\" decoding=\"async\" class=\"alignnone wp-image-6342\" src=\"https:\/\/agora.xtec.cat\/ceipturodeguiera\/wp-content\/uploads\/usu2627\/2023\/05\/IMG_7001-1024x580.jpg\" alt=\"\" width=\"514\" height=\"291\" srcset=\"https:\/\/agora.xtec.cat\/ceipturodeguiera\/wp-content\/uploads\/usu2627\/2023\/05\/IMG_7001-1024x580.jpg 1024w, https:\/\/agora.xtec.cat\/ceipturodeguiera\/wp-content\/uploads\/usu2627\/2023\/05\/IMG_7001-300x170.jpg 300w, https:\/\/agora.xtec.cat\/ceipturodeguiera\/wp-content\/uploads\/usu2627\/2023\/05\/IMG_7001-768x435.jpg 768w, https:\/\/agora.xtec.cat\/ceipturodeguiera\/wp-content\/uploads\/usu2627\/2023\/05\/IMG_7001.jpg 1490w\" sizes=\"auto, (max-width: 514px) 100vw, 514px\" \/><\/a><a style=\"color: #2795b6;\" href=\"https:\/\/agora.xtec.cat\/ceipturodeguiera\/wp-content\/uploads\/usu2627\/2023\/05\/IMG_7006.jpg\"><img loading=\"lazy\" decoding=\"async\" class=\"wp-image-6343 alignright\" src=\"https:\/\/agora.xtec.cat\/ceipturodeguiera\/wp-content\/uploads\/usu2627\/2023\/05\/IMG_7006-1024x542.jpg\" alt=\"\" width=\"522\" height=\"276\" srcset=\"https:\/\/agora.xtec.cat\/ceipturodeguiera\/wp-content\/uploads\/usu2627\/2023\/05\/IMG_7006-1024x542.jpg 1024w, https:\/\/agora.xtec.cat\/ceipturodeguiera\/wp-content\/uploads\/usu2627\/2023\/05\/IMG_7006-300x159.jpg 300w, https:\/\/agora.xtec.cat\/ceipturodeguiera\/wp-content\/uploads\/usu2627\/2023\/05\/IMG_7006-768x407.jpg 768w, https:\/\/agora.xtec.cat\/ceipturodeguiera\/wp-content\/uploads\/usu2627\/2023\/05\/IMG_7006.jpg 1514w\" sizes=\"auto, (max-width: 522px) 100vw, 522px\" \/><\/a><\/p>\n<p><span style=\"font-weight: 400;\">Ahir dia 14 de maig del 2023, nens i nenes voluntaris de 6\u00e8 v\u00e0rem anar a l\u2019Ateneu per a fer un con\u00e7ert solidari.<\/span><\/p>\n<p><span style=\"font-weight: 400;\">Els diners que es van recollir els utilitzaran per a poder comprar filtres d\u2019aigua\u00a0 per\u00a0 portar-los a petits pobles de Colombia, que tenen aigua per\u00f2 no se la poden beure perqu\u00e8 no \u00e9s potable. I a sobre est\u00e0 de color marr\u00f3.<\/span><span style=\"font-weight: 400;\">El concert va comen\u00e7ar a les 12h, per\u00f2 les persones que cant\u00e0vem hi van haver d\u2019anar a les 10:50 per poder assajar una mica.<\/span><span style=\"font-weight: 400;\">Tota la preparaci\u00f3 de les can\u00e7ons del concert va ser molt co<\/span><span style=\"font-weight: 400;\">mplicada ja que l\u2019Elisabeth (la nostra mestra de m\u00fasica, i la que ho ha preparat tot) anava venint a classe quan podia i ens agafava per anar a la seva classe.<\/span><\/p>\n<p><span style=\"font-weight: 400;\">LES CAN\u00c7OS QUE VAM CANTAR VAN SER:<\/span><\/p>\n<p><span style=\"font-weight: 400;\"> VOIS SUR TON CHEMIN (los chicos del coro) <\/span><\/p>\n<p><iframe loading=\"lazy\" src=\"\/\/www.youtube.com\/embed\/hsBR9sEsk8s\" width=\"560\" height=\"314\" allowfullscreen=\"allowfullscreen\"><\/iframe><\/p>\n<p><span style=\"font-weight: 400;\">i DON\u2019T STOP ME NOW (Queen).<\/span><\/p>\n<p><iframe loading=\"lazy\" src=\"\/\/www.youtube.com\/embed\/L8yjTmO53t0\" width=\"560\" height=\"314\" allowfullscreen=\"allowfullscreen\"><\/iframe><\/p>\n<p><span style=\"font-weight: 400;\">La veritat \u00e9s que ens ho vam passar GENIAL!\u00a0<\/span><\/p>\n<p>&nbsp;<\/p>\n<p><a href=\"https:\/\/agora.xtec.cat\/ceipturodeguiera\/wp-content\/uploads\/usu2627\/2023\/05\/IMG_7006.jpg\"><span style=\"font-weight: 400;\">\u00a0\u00a0\u00a0\u00a0\u00a0\u00a0\u00a0\u00a0\u00a0\u00a0\u00a0\u00a0\u00a0\u00a0\u00a0\u00a0\u00a0\u00a0\u00a0\u00a0\u00a0\u00a0\u00a0\u00a0\u00a0\u00a0\u00a0\u00a0\u00a0\u00a0\u00a0\u00a0\u00a0\u00a0\u00a0\u00a0\u00a0\u00a0\u00a0\u00a0\u00a0\u00a0\u00a0\u00a0\u00a0\u00a0\u00a0\u00a0\u00a0\u00a0\u00a0\u00a0\u00a0\u00a0\u00a0\u00a0\u00a0\u00a0\u00a0\u00a0\u00a0\u00a0\u00a0\u00a0\u00a0\u00a0\u00a0\u00a0\u00a0\u00a0\u00a0\u00a0\u00a0\u00a0\u00a0\u00a0\u00a0\u00a0\u00a0\u00a0\u00a0\u00a0\u00a0\u00a0\u00a0\u00a0\u00a0\u00a0\u00a0\u00a0\u00a0\u00a0\u00a0\u00a0\u00a0\u00a0\u00a0\u00a0\u00a0\u00a0\u00a0\u00a0\u00a0\u00a0\u00a0\u00a0\u00a0\u00a0\u00a0\u00a0\u00a0\u00a0\u00a0\u00a0\u00a0\u00a0\u00a0\u00a0\u00a0\u00a0\u00a0\u00a0\u00a0\u00a0\u00a0\u00a0\u00a0\u00a0\u00a0\u00a0\u00a0\u00a0\u00a0\u00a0\u00a0\u00a0\u00a0\u00a0\u00a0\u00a0\u00a0\u00a0\u00a0\u00a0\u00a0\u00a0\u00a0\u00a0\u00a0\u00a0\u00a0\u00a0\u00a0\u00a0\u00a0\u00a0\u00a0\u00a0\u00a0<strong><em>\u00a0\u00a0<\/em><\/strong><\/span><strong><em>Gina<\/em><\/strong><\/a><\/p>\n<p>&nbsp;<\/p>\n<p><span style=\"font-weight: 400;\">Per comen\u00e7ar, el Miguel Angel (professor de l\u2019Aulos) ens va convidar a cantar en el concert solidari \u201cGotas de Vida\u201d.<\/span><span style=\"font-weight: 400;\">En aquest concert, els diners que es recullen(The Social Water) els gasten en filtres d\u2019aigua per a un poble de Colombia que t\u00e9 l\u2019aigua contaminada i no potable.<\/span><\/p>\n<p><span style=\"font-weight: 400;\">Vam estar preparant el concert durant uns quants dies i, per fi, el dia 14, ho vam portar a escena.<\/span><\/p>\n<p><span style=\"font-weight: 400;\">Van cantar i tocar molts m\u00fasics <\/span><span style=\"font-weight: 400;\">Jorge Casanova, Miguel \u00c1ngel Sanz, Susana Torregrosa, Jana Flotats, Mar\u00e7al Ses\u00e9, Carol Dom\u00ednguez. Cors: Alba Piquer, N\u00faria Portabella, David Merino. Rondalla y Grupo Instrumental Aulos EMM, Daniel Alguacil, Coral Infantil Saltells (Almudena Palomares, direcci\u00f3),<\/span><span style=\"font-weight: 400;\"> Coral Infantil Tur\u00f3 de Guiera (Elisabeth Blasco, direcci\u00f3)<\/span><span style=\"font-weight: 400;\">, Carlos Pic\u00f3n, Javier Mej\u00eda, Grupo Musical &#8220;Ars Tunae&#8221;.<\/span><\/p>\n<p><span style=\"font-weight: 400;\">Nosaltres, la Coral Infantil Tur\u00f3 de Guiera vam cantar dues can\u00e7ons \u201cVois sur ton Chemin\u201d(Los Chicos del Coro) i\u00a0 Don\u2019t Stop Me Now (Queen). Vam ser els \u00faltims\/es en cantar, est\u00e0vem molt nerviosos\/ses abans de pujar a l\u2019escenari, per\u00f2 ho vam fer super b\u00e9. Fins i tot, vam tornar a cantar la can\u00e7\u00f3 de Don\u2019t Stop Me Now amb tots el participants. Va ser un dia molt especial i ens van aplaudir molt.\u00a0<\/span><\/p>\n<p><strong><span style=\"color: #cc99ff;\">Delma.H.M.<\/span><\/strong><\/p>\n","protected":false},"excerpt":{"rendered":"<p>Ahir dia 14 de maig del 2023, nens i nenes voluntaris de 6\u00e8 v\u00e0rem anar a l\u2019Ateneu per a fer un con\u00e7ert solidari. Els diners que es van recollir els utilitzaran per a poder comprar filtres d\u2019aigua\u00a0 per\u00a0 portar-los a petits pobles de Colombia, que tenen aigua per\u00f2 no se la poden beure perqu\u00e8 no [&hellip;]<\/p>\n","protected":false},"author":7,"featured_media":6342,"comment_status":"open","ping_status":"closed","sticky":false,"template":"","format":"standard","meta":{"_bbp_topic_count":0,"_bbp_reply_count":0,"_bbp_total_topic_count":0,"_bbp_total_reply_count":0,"_bbp_voice_count":0,"_bbp_anonymous_reply_count":0,"_bbp_topic_count_hidden":0,"_bbp_reply_count_hidden":0,"_bbp_forum_subforum_count":0,"site-sidebar-layout":"default","site-content-layout":"","ast-site-content-layout":"","site-content-style":"default","site-sidebar-style":"default","ast-global-header-display":"","ast-banner-title-visibility":"","ast-main-header-display":"","ast-hfb-above-header-display":"","ast-hfb-below-header-display":"","ast-hfb-mobile-header-display":"","site-post-title":"","ast-breadcrumbs-content":"","ast-featured-img":"","footer-sml-layout":"","theme-transparent-header-meta":"","adv-header-id-meta":"","stick-header-meta":"","header-above-stick-meta":"","header-main-stick-meta":"","header-below-stick-meta":"","astra-migrate-meta-layouts":"default","ast-page-background-enabled":"default","ast-page-background-meta":{"desktop":{"background-color":"var(--ast-global-color-4)","background-image":"","background-repeat":"repeat","background-position":"center center","background-size":"auto","background-attachment":"scroll","background-type":"","background-media":"","overlay-type":"","overlay-color":"","overlay-opacity":"","overlay-gradient":""},"tablet":{"background-color":"","background-image":"","background-repeat":"repeat","background-position":"center center","background-size":"auto","background-attachment":"scroll","background-type":"","background-media":"","overlay-type":"","overlay-color":"","overlay-opacity":"","overlay-gradient":""},"mobile":{"background-color":"","background-image":"","background-repeat":"repeat","background-position":"center center","background-size":"auto","background-attachment":"scroll","background-type":"","background-media":"","overlay-type":"","overlay-color":"","overlay-opacity":"","overlay-gradient":""}},"ast-content-background-meta":{"desktop":{"background-color":"var(--ast-global-color-5)","background-image":"","background-repeat":"repeat","background-position":"center center","background-size":"auto","background-attachment":"scroll","background-type":"","background-media":"","overlay-type":"","overlay-color":"","overlay-opacity":"","overlay-gradient":""},"tablet":{"background-color":"var(--ast-global-color-5)","background-image":"","background-repeat":"repeat","background-position":"center center","background-size":"auto","background-attachment":"scroll","background-type":"","background-media":"","overlay-type":"","overlay-color":"","overlay-opacity":"","overlay-gradient":""},"mobile":{"background-color":"var(--ast-global-color-5)","background-image":"","background-repeat":"repeat","background-position":"center center","background-size":"auto","background-attachment":"scroll","background-type":"","background-media":"","overlay-type":"","overlay-color":"","overlay-opacity":"","overlay-gradient":""}},"footnotes":""},"categories":[15,4],"tags":[142],"class_list":["post-6340","post","type-post","status-publish","format-standard","has-post-thumbnail","hentry","category-exalumnes2011","category-portada","tag-concert"],"post_mailing_queue_ids":[],"_links":{"self":[{"href":"https:\/\/agora.xtec.cat\/ceipturodeguiera\/wp-json\/wp\/v2\/posts\/6340","targetHints":{"allow":["GET"]}}],"collection":[{"href":"https:\/\/agora.xtec.cat\/ceipturodeguiera\/wp-json\/wp\/v2\/posts"}],"about":[{"href":"https:\/\/agora.xtec.cat\/ceipturodeguiera\/wp-json\/wp\/v2\/types\/post"}],"author":[{"embeddable":true,"href":"https:\/\/agora.xtec.cat\/ceipturodeguiera\/wp-json\/wp\/v2\/users\/7"}],"replies":[{"embeddable":true,"href":"https:\/\/agora.xtec.cat\/ceipturodeguiera\/wp-json\/wp\/v2\/comments?post=6340"}],"version-history":[{"count":3,"href":"https:\/\/agora.xtec.cat\/ceipturodeguiera\/wp-json\/wp\/v2\/posts\/6340\/revisions"}],"predecessor-version":[{"id":6646,"href":"https:\/\/agora.xtec.cat\/ceipturodeguiera\/wp-json\/wp\/v2\/posts\/6340\/revisions\/6646"}],"wp:featuredmedia":[{"embeddable":true,"href":"https:\/\/agora.xtec.cat\/ceipturodeguiera\/wp-json\/wp\/v2\/media\/6342"}],"wp:attachment":[{"href":"https:\/\/agora.xtec.cat\/ceipturodeguiera\/wp-json\/wp\/v2\/media?parent=6340"}],"wp:term":[{"taxonomy":"category","embeddable":true,"href":"https:\/\/agora.xtec.cat\/ceipturodeguiera\/wp-json\/wp\/v2\/categories?post=6340"},{"taxonomy":"post_tag","embeddable":true,"href":"https:\/\/agora.xtec.cat\/ceipturodeguiera\/wp-json\/wp\/v2\/tags?post=6340"}],"curies":[{"name":"wp","href":"https:\/\/api.w.org\/{rel}","templated":true}]}}