{"id":6167,"date":"2023-04-28T11:08:32","date_gmt":"2023-04-28T09:08:32","guid":{"rendered":"https:\/\/agora.xtec.cat\/ceipturodeguiera\/?p=6167"},"modified":"2023-04-28T22:04:23","modified_gmt":"2023-04-28T20:04:23","slug":"la-contaminacio-de-laire-afecta-a-la-nostra-salut","status":"publish","type":"post","link":"https:\/\/agora.xtec.cat\/ceipturodeguiera\/exalumnes2011\/la-contaminacio-de-laire-afecta-a-la-nostra-salut\/","title":{"rendered":"La contaminaci\u00f3 de l&#8217;aire afecta la nostra salut"},"content":{"rendered":"<p>El dimarts 25, a 6\u00e8 B, la classe de l&#8217;Aire m\u00e0gic, vam tenir la sort de poder connectar amb el Ra\u00fal Tor\u00e1n, un dels investigadors de ISGlobal que s&#8217;encarrega d&#8217;estudiar els efectes de la contaminaci\u00f3 de l&#8217;aire en la nostra salut. Ens va explicar coses ben interessants al respecte com, per exemple,\u00a0 que el nostre cervell\u00a0 (mem\u00f2ria, atenci\u00f3&#8230; ) es veu afectat per la\u00a0 qualitat de l&#8217;aire que respirem i vam fer un petit experiment al respecte.<\/p>\n<p>Tamb\u00e9 vam con\u00e8ixer els gasos que m\u00e9s contaminen i les malalties que provoca aquesta contaminaci\u00f3. Ens vam quedar ben sorpresos i sorpreses de tot plegat. Vam tenir l&#8217;oportunitat de fer-li una entrevista despr\u00e9s de la seva intervenci\u00f3 i ens va aclarir molts dubte. Ara ens posarem a investigar si, la nostra escola, es troba en una zona molt o poc contaminada de Cerdanyola i a veure quins resultats trobem. Gr\u00e0cies al Ra\u00fal i a aquesta informaci\u00f3 perqu\u00e8 ens podr\u00e0\u00a0 ajudar a seguir avan\u00e7ant en el nostre projecte!!<img decoding=\"async\" class=\"aligncenter\" src=\"https:\/\/encrypted-tbn0.gstatic.com\/images?q=tbn:ANd9GcQvrEJvefEiV2LoHQksYdw5VDulecfkBNw3E8_VITsMjsEY2Q_rFirg8en78oBIEuGh4w&amp;usqp=CAU\" alt=\"Institut de Salut Global de Barcelona (ISGlobal). Consell Assessor per al Desenvolupament Sostenible\" \/><\/p>\n","protected":false},"excerpt":{"rendered":"<p>El dimarts 25, a 6\u00e8 B, la classe de l&#8217;Aire m\u00e0gic, vam tenir la sort de poder connectar amb el Ra\u00fal Tor\u00e1n, un dels investigadors de ISGlobal que s&#8217;encarrega d&#8217;estudiar els efectes de la contaminaci\u00f3 de l&#8217;aire en la nostra salut. Ens va explicar coses ben interessants al respecte com, per exemple,\u00a0 que el nostre [&hellip;]<\/p>\n","protected":false},"author":29,"featured_media":0,"comment_status":"open","ping_status":"closed","sticky":false,"template":"","format":"standard","meta":{"_bbp_topic_count":0,"_bbp_reply_count":0,"_bbp_total_topic_count":0,"_bbp_total_reply_count":0,"_bbp_voice_count":0,"_bbp_anonymous_reply_count":0,"_bbp_topic_count_hidden":0,"_bbp_reply_count_hidden":0,"_bbp_forum_subforum_count":0,"site-sidebar-layout":"default","site-content-layout":"","ast-site-content-layout":"","site-content-style":"default","site-sidebar-style":"default","ast-global-header-display":"","ast-banner-title-visibility":"","ast-main-header-display":"","ast-hfb-above-header-display":"","ast-hfb-below-header-display":"","ast-hfb-mobile-header-display":"","site-post-title":"","ast-breadcrumbs-content":"","ast-featured-img":"","footer-sml-layout":"","theme-transparent-header-meta":"","adv-header-id-meta":"","stick-header-meta":"","header-above-stick-meta":"","header-main-stick-meta":"","header-below-stick-meta":"","astra-migrate-meta-layouts":"default","ast-page-background-enabled":"default","ast-page-background-meta":{"desktop":{"background-color":"var(--ast-global-color-4)","background-image":"","background-repeat":"repeat","background-position":"center center","background-size":"auto","background-attachment":"scroll","background-type":"","background-media":"","overlay-type":"","overlay-color":"","overlay-opacity":"","overlay-gradient":""},"tablet":{"background-color":"","background-image":"","background-repeat":"repeat","background-position":"center center","background-size":"auto","background-attachment":"scroll","background-type":"","background-media":"","overlay-type":"","overlay-color":"","overlay-opacity":"","overlay-gradient":""},"mobile":{"background-color":"","background-image":"","background-repeat":"repeat","background-position":"center center","background-size":"auto","background-attachment":"scroll","background-type":"","background-media":"","overlay-type":"","overlay-color":"","overlay-opacity":"","overlay-gradient":""}},"ast-content-background-meta":{"desktop":{"background-color":"var(--ast-global-color-5)","background-image":"","background-repeat":"repeat","background-position":"center center","background-size":"auto","background-attachment":"scroll","background-type":"","background-media":"","overlay-type":"","overlay-color":"","overlay-opacity":"","overlay-gradient":""},"tablet":{"background-color":"var(--ast-global-color-5)","background-image":"","background-repeat":"repeat","background-position":"center center","background-size":"auto","background-attachment":"scroll","background-type":"","background-media":"","overlay-type":"","overlay-color":"","overlay-opacity":"","overlay-gradient":""},"mobile":{"background-color":"var(--ast-global-color-5)","background-image":"","background-repeat":"repeat","background-position":"center center","background-size":"auto","background-attachment":"scroll","background-type":"","background-media":"","overlay-type":"","overlay-color":"","overlay-opacity":"","overlay-gradient":""}},"footnotes":""},"categories":[15],"tags":[],"class_list":["post-6167","post","type-post","status-publish","format-standard","hentry","category-exalumnes2011"],"post_mailing_queue_ids":[],"_links":{"self":[{"href":"https:\/\/agora.xtec.cat\/ceipturodeguiera\/wp-json\/wp\/v2\/posts\/6167","targetHints":{"allow":["GET"]}}],"collection":[{"href":"https:\/\/agora.xtec.cat\/ceipturodeguiera\/wp-json\/wp\/v2\/posts"}],"about":[{"href":"https:\/\/agora.xtec.cat\/ceipturodeguiera\/wp-json\/wp\/v2\/types\/post"}],"author":[{"embeddable":true,"href":"https:\/\/agora.xtec.cat\/ceipturodeguiera\/wp-json\/wp\/v2\/users\/29"}],"replies":[{"embeddable":true,"href":"https:\/\/agora.xtec.cat\/ceipturodeguiera\/wp-json\/wp\/v2\/comments?post=6167"}],"version-history":[{"count":2,"href":"https:\/\/agora.xtec.cat\/ceipturodeguiera\/wp-json\/wp\/v2\/posts\/6167\/revisions"}],"predecessor-version":[{"id":6200,"href":"https:\/\/agora.xtec.cat\/ceipturodeguiera\/wp-json\/wp\/v2\/posts\/6167\/revisions\/6200"}],"wp:attachment":[{"href":"https:\/\/agora.xtec.cat\/ceipturodeguiera\/wp-json\/wp\/v2\/media?parent=6167"}],"wp:term":[{"taxonomy":"category","embeddable":true,"href":"https:\/\/agora.xtec.cat\/ceipturodeguiera\/wp-json\/wp\/v2\/categories?post=6167"},{"taxonomy":"post_tag","embeddable":true,"href":"https:\/\/agora.xtec.cat\/ceipturodeguiera\/wp-json\/wp\/v2\/tags?post=6167"}],"curies":[{"name":"wp","href":"https:\/\/api.w.org\/{rel}","templated":true}]}}