{"id":5958,"date":"2023-04-17T22:58:38","date_gmt":"2023-04-17T20:58:38","guid":{"rendered":"https:\/\/agora.xtec.cat\/ceipturodeguiera\/?p=5958"},"modified":"2023-04-19T21:13:31","modified_gmt":"2023-04-19T19:13:31","slug":"hem-anat-a-lauditori-de-barcelona","status":"publish","type":"post","link":"https:\/\/agora.xtec.cat\/ceipturodeguiera\/exalumnes2011\/hem-anat-a-lauditori-de-barcelona\/","title":{"rendered":"Hem anat a l&#8217;Auditori!"},"content":{"rendered":"<h3 style=\"text-align: center;\"><span style=\"text-decoration: underline;\">SORTIDA A L&#8217;AUDITORI DE BARCELONA<\/span><\/h3>\n<p><span style=\"font-weight: 400;\"><a href=\"https:\/\/agora.xtec.cat\/ceipturodeguiera\/wp-content\/uploads\/usu2627\/2023\/04\/Foto-de-SONIA-1.jpg\"><img loading=\"lazy\" decoding=\"async\" class=\"alignnone size-large wp-image-5961\" src=\"https:\/\/agora.xtec.cat\/ceipturodeguiera\/wp-content\/uploads\/usu2627\/2023\/04\/Foto-de-SONIA-1-1024x461.jpg\" alt=\"\" width=\"1024\" height=\"461\" srcset=\"https:\/\/agora.xtec.cat\/ceipturodeguiera\/wp-content\/uploads\/usu2627\/2023\/04\/Foto-de-SONIA-1-1024x461.jpg 1024w, https:\/\/agora.xtec.cat\/ceipturodeguiera\/wp-content\/uploads\/usu2627\/2023\/04\/Foto-de-SONIA-1-300x135.jpg 300w, https:\/\/agora.xtec.cat\/ceipturodeguiera\/wp-content\/uploads\/usu2627\/2023\/04\/Foto-de-SONIA-1-768x346.jpg 768w, https:\/\/agora.xtec.cat\/ceipturodeguiera\/wp-content\/uploads\/usu2627\/2023\/04\/Foto-de-SONIA-1-1536x691.jpg 1536w, https:\/\/agora.xtec.cat\/ceipturodeguiera\/wp-content\/uploads\/usu2627\/2023\/04\/Foto-de-SONIA-1.jpg 1600w\" sizes=\"auto, (max-width: 1024px) 100vw, 1024px\" \/><\/a><\/span><\/p>\n<p><span style=\"font-weight: 400;\">Aquesta sortida la vam fer el 14\/4\/2023.<\/span><\/p>\n<p><span style=\"font-weight: 400;\">Vam anar a l\u00b4auditori de Barcelona y va ser incre\u00efble!<\/span><\/p>\n<p><span style=\"font-weight: 400;\">Primer, vam buscar un lloc per seure a esmorzar, despr\u00e9s d&#8217;esmorzar vam anar a veure lesactuacions que anaven sobre el canvi d&#8217;estacions. Hi havia dues noies tocant el viol\u00ed, 1 noi tocant el piano y un altre persona que cantava \u00f3pera.\u00a0<\/span><span style=\"font-weight: 400;\">Es va acabar l&#8217;actuaci\u00f3 i\u00a0 vam anar al Parc de la Ciutadella i despr\u00e9s a l\u2019autocar.<\/span><b>\u00a0<\/b><span style=\"font-weight: 400;\">A mi aquesta sortida m\u2019ha agradat molt : sentir la sensaci\u00f3 de tenir a unes persones que s\u00f3n professionals a la mateixa aula on tu estas \u00e9s molt bonic , perqu\u00e8 saps que aquestes persones han estat un temps preparant-ho i no \u00e9s f\u00e0cil .Tocar el viol\u00ed \u00e9s molt complicat, no fer-ho\u00a0 molt fort perqu\u00e8 si no es trenquen les cordes i no fer-ho molt fluix perqu\u00e8 sin\u00f3 no sona o s&#8217;escolta malament\u2026 Gaudir d &#8216;aquest concert ha estat genial!\u00a0<\/span><\/p>\n<p style=\"text-align: right;\">PAULA<\/p>\n<p><span style=\"font-weight: 400;\">El dia 14\/4\/2023 vam anar al l\u2019auditori de Barcelona.Quan vam arribar a l\u2019auditori, la veritat \u00e9s que em va sorprendre perqu\u00e8 \u00e9s molt gran. La nostra classe\u00a0 ens vam posar m\u00e9s o menys pel mig per\u00f2,no nom\u00e9s est\u00e0vem nosaltres , est\u00e0vem tot el cicle superior.Tots ens vam seure.De de cop ,un foc va apuntar a una noia amb el viol\u00ed i quan va comen\u00e7ar a tocar vaig ,&#8221;flipar&#8221; perqu\u00e8 ho feia super b\u00e9 i semblava molt dif\u00edcil, i de cop un altre foc apunta a l&#8217;altre punta de l\u2019escenari i surt una altre noia tocant el viol\u00ed,les dues van tocar junt a un pianista i\u00a0 va apar\u00e8ixer un cantant.\u00a0 Va ser molt bonic i entretingut.Despr\u00e9s de l&#8217;espectacle, ens vam anar a menjar a un lloc on hi havia herba i vam estar un temps jugant, fins que ens van dir que ens an\u00e0vem. Ja a la classe, vam comen\u00e7ar a parlar sobre el dia ,si ens havia agradat, o no, i si ens ho hav\u00edem passat b\u00e9.<\/span><\/p>\n<p style=\"text-align: right;\"><span style=\"font-weight: 400;\">\u00a0\u00c8RIC ROSA BENJUMEA<\/span><\/p>\n<p>&nbsp;<\/p>\n<p>&nbsp;<\/p>\n","protected":false},"excerpt":{"rendered":"<p>SORTIDA A L&#8217;AUDITORI DE BARCELONA Aquesta sortida la vam fer el 14\/4\/2023. Vam anar a l\u00b4auditori de Barcelona y va ser incre\u00efble! Primer, vam buscar un lloc per seure a esmorzar, despr\u00e9s d&#8217;esmorzar vam anar a veure lesactuacions que anaven sobre el canvi d&#8217;estacions. Hi havia dues noies tocant el viol\u00ed, 1 noi tocant el [&hellip;]<\/p>\n","protected":false},"author":29,"featured_media":0,"comment_status":"open","ping_status":"closed","sticky":false,"template":"","format":"standard","meta":{"_bbp_topic_count":0,"_bbp_reply_count":0,"_bbp_total_topic_count":0,"_bbp_total_reply_count":0,"_bbp_voice_count":0,"_bbp_anonymous_reply_count":0,"_bbp_topic_count_hidden":0,"_bbp_reply_count_hidden":0,"_bbp_forum_subforum_count":0,"site-sidebar-layout":"default","site-content-layout":"","ast-site-content-layout":"","site-content-style":"default","site-sidebar-style":"default","ast-global-header-display":"","ast-banner-title-visibility":"","ast-main-header-display":"","ast-hfb-above-header-display":"","ast-hfb-below-header-display":"","ast-hfb-mobile-header-display":"","site-post-title":"","ast-breadcrumbs-content":"","ast-featured-img":"","footer-sml-layout":"","theme-transparent-header-meta":"","adv-header-id-meta":"","stick-header-meta":"","header-above-stick-meta":"","header-main-stick-meta":"","header-below-stick-meta":"","astra-migrate-meta-layouts":"default","ast-page-background-enabled":"default","ast-page-background-meta":{"desktop":{"background-color":"var(--ast-global-color-4)","background-image":"","background-repeat":"repeat","background-position":"center center","background-size":"auto","background-attachment":"scroll","background-type":"","background-media":"","overlay-type":"","overlay-color":"","overlay-opacity":"","overlay-gradient":""},"tablet":{"background-color":"","background-image":"","background-repeat":"repeat","background-position":"center center","background-size":"auto","background-attachment":"scroll","background-type":"","background-media":"","overlay-type":"","overlay-color":"","overlay-opacity":"","overlay-gradient":""},"mobile":{"background-color":"","background-image":"","background-repeat":"repeat","background-position":"center center","background-size":"auto","background-attachment":"scroll","background-type":"","background-media":"","overlay-type":"","overlay-color":"","overlay-opacity":"","overlay-gradient":""}},"ast-content-background-meta":{"desktop":{"background-color":"var(--ast-global-color-5)","background-image":"","background-repeat":"repeat","background-position":"center center","background-size":"auto","background-attachment":"scroll","background-type":"","background-media":"","overlay-type":"","overlay-color":"","overlay-opacity":"","overlay-gradient":""},"tablet":{"background-color":"var(--ast-global-color-5)","background-image":"","background-repeat":"repeat","background-position":"center center","background-size":"auto","background-attachment":"scroll","background-type":"","background-media":"","overlay-type":"","overlay-color":"","overlay-opacity":"","overlay-gradient":""},"mobile":{"background-color":"var(--ast-global-color-5)","background-image":"","background-repeat":"repeat","background-position":"center center","background-size":"auto","background-attachment":"scroll","background-type":"","background-media":"","overlay-type":"","overlay-color":"","overlay-opacity":"","overlay-gradient":""}},"footnotes":""},"categories":[15],"tags":[],"class_list":["post-5958","post","type-post","status-publish","format-standard","hentry","category-exalumnes2011"],"post_mailing_queue_ids":[],"_links":{"self":[{"href":"https:\/\/agora.xtec.cat\/ceipturodeguiera\/wp-json\/wp\/v2\/posts\/5958","targetHints":{"allow":["GET"]}}],"collection":[{"href":"https:\/\/agora.xtec.cat\/ceipturodeguiera\/wp-json\/wp\/v2\/posts"}],"about":[{"href":"https:\/\/agora.xtec.cat\/ceipturodeguiera\/wp-json\/wp\/v2\/types\/post"}],"author":[{"embeddable":true,"href":"https:\/\/agora.xtec.cat\/ceipturodeguiera\/wp-json\/wp\/v2\/users\/29"}],"replies":[{"embeddable":true,"href":"https:\/\/agora.xtec.cat\/ceipturodeguiera\/wp-json\/wp\/v2\/comments?post=5958"}],"version-history":[{"count":3,"href":"https:\/\/agora.xtec.cat\/ceipturodeguiera\/wp-json\/wp\/v2\/posts\/5958\/revisions"}],"predecessor-version":[{"id":5970,"href":"https:\/\/agora.xtec.cat\/ceipturodeguiera\/wp-json\/wp\/v2\/posts\/5958\/revisions\/5970"}],"wp:attachment":[{"href":"https:\/\/agora.xtec.cat\/ceipturodeguiera\/wp-json\/wp\/v2\/media?parent=5958"}],"wp:term":[{"taxonomy":"category","embeddable":true,"href":"https:\/\/agora.xtec.cat\/ceipturodeguiera\/wp-json\/wp\/v2\/categories?post=5958"},{"taxonomy":"post_tag","embeddable":true,"href":"https:\/\/agora.xtec.cat\/ceipturodeguiera\/wp-json\/wp\/v2\/tags?post=5958"}],"curies":[{"name":"wp","href":"https:\/\/api.w.org\/{rel}","templated":true}]}}