{"id":5568,"date":"2023-02-28T19:24:15","date_gmt":"2023-02-28T18:24:15","guid":{"rendered":"https:\/\/agora.xtec.cat\/ceipturodeguiera\/?p=5568"},"modified":"2023-02-28T19:24:15","modified_gmt":"2023-02-28T18:24:15","slug":"aniversaris-de-4t-del-mes-de-febrer","status":"publish","type":"post","link":"https:\/\/agora.xtec.cat\/ceipturodeguiera\/general\/aniversaris-de-4t-del-mes-de-febrer\/","title":{"rendered":"Aniversaris de 4t del mes de febrer"},"content":{"rendered":"<p>El divendres 24\u00a0 i el dilluns 27 de febrer de 2023 v\u00e0rem celebrar a la classe dels Meteorits i dels Saturns\u00a0 \u00a0els aniversaris de les nenes i els nens que han fet anys al llarg del mes de febrer. Ara ja s\u00f3n dels m\u00e9s grans de les classes&#8230;<\/p>\n<p>Aix\u00ed les felicitacions van ser per\u00a0 la Lucia, l&#8217;Ennio, la Cristina i l&#8217;Hugo.<\/p>\n<p>Molt\u00edssimes felicitats!!!. Ja teniu 10 anys&#8230;.<\/p>\n<p><a href=\"https:\/\/agora.xtec.cat\/ceipturodeguiera\/wp-content\/uploads\/usu2627\/2023\/02\/IMG_8046.jpg\"><img loading=\"lazy\" decoding=\"async\" class=\"aligncenter wp-image-5569 size-full\" src=\"https:\/\/agora.xtec.cat\/ceipturodeguiera\/wp-content\/uploads\/usu2627\/2023\/02\/IMG_8046.jpg\" alt=\"\" width=\"652\" height=\"768\" srcset=\"https:\/\/agora.xtec.cat\/ceipturodeguiera\/wp-content\/uploads\/usu2627\/2023\/02\/IMG_8046.jpg 652w, https:\/\/agora.xtec.cat\/ceipturodeguiera\/wp-content\/uploads\/usu2627\/2023\/02\/IMG_8046-255x300.jpg 255w\" sizes=\"auto, (max-width: 652px) 100vw, 652px\" \/><\/a> <a href=\"https:\/\/agora.xtec.cat\/ceipturodeguiera\/wp-content\/uploads\/usu2627\/2023\/02\/IMG_20230224_123033.jpg\"><img loading=\"lazy\" decoding=\"async\" class=\"aligncenter wp-image-5570 size-full\" src=\"https:\/\/agora.xtec.cat\/ceipturodeguiera\/wp-content\/uploads\/usu2627\/2023\/02\/IMG_20230224_123033.jpg\" alt=\"\" width=\"577\" height=\"768\" srcset=\"https:\/\/agora.xtec.cat\/ceipturodeguiera\/wp-content\/uploads\/usu2627\/2023\/02\/IMG_20230224_123033.jpg 577w, https:\/\/agora.xtec.cat\/ceipturodeguiera\/wp-content\/uploads\/usu2627\/2023\/02\/IMG_20230224_123033-225x300.jpg 225w\" sizes=\"auto, (max-width: 577px) 100vw, 577px\" \/><\/a> <a href=\"https:\/\/agora.xtec.cat\/ceipturodeguiera\/wp-content\/uploads\/usu2627\/2023\/02\/IMG_20230224_123101.jpg\"><img loading=\"lazy\" decoding=\"async\" class=\"aligncenter wp-image-5571 size-full\" src=\"https:\/\/agora.xtec.cat\/ceipturodeguiera\/wp-content\/uploads\/usu2627\/2023\/02\/IMG_20230224_123101.jpg\" alt=\"\" width=\"577\" height=\"768\" srcset=\"https:\/\/agora.xtec.cat\/ceipturodeguiera\/wp-content\/uploads\/usu2627\/2023\/02\/IMG_20230224_123101.jpg 577w, https:\/\/agora.xtec.cat\/ceipturodeguiera\/wp-content\/uploads\/usu2627\/2023\/02\/IMG_20230224_123101-225x300.jpg 225w\" sizes=\"auto, (max-width: 577px) 100vw, 577px\" \/><\/a> <a href=\"https:\/\/agora.xtec.cat\/ceipturodeguiera\/wp-content\/uploads\/usu2627\/2023\/02\/IMG_20230224_123245.jpg\"><img loading=\"lazy\" decoding=\"async\" class=\"aligncenter wp-image-5572 size-full\" src=\"https:\/\/agora.xtec.cat\/ceipturodeguiera\/wp-content\/uploads\/usu2627\/2023\/02\/IMG_20230224_123245.jpg\" alt=\"\" width=\"1023\" height=\"768\" srcset=\"https:\/\/agora.xtec.cat\/ceipturodeguiera\/wp-content\/uploads\/usu2627\/2023\/02\/IMG_20230224_123245.jpg 1023w, https:\/\/agora.xtec.cat\/ceipturodeguiera\/wp-content\/uploads\/usu2627\/2023\/02\/IMG_20230224_123245-300x225.jpg 300w, https:\/\/agora.xtec.cat\/ceipturodeguiera\/wp-content\/uploads\/usu2627\/2023\/02\/IMG_20230224_123245-768x577.jpg 768w, https:\/\/agora.xtec.cat\/ceipturodeguiera\/wp-content\/uploads\/usu2627\/2023\/02\/IMG_20230224_123245-200x150.jpg 200w\" sizes=\"auto, (max-width: 1023px) 100vw, 1023px\" \/><\/a><\/p>\n<p>&nbsp;<\/p>\n","protected":false},"excerpt":{"rendered":"<p>El divendres 24\u00a0 i el dilluns 27 de febrer de 2023 v\u00e0rem celebrar a la classe dels Meteorits i dels Saturns\u00a0 \u00a0els aniversaris de les nenes i els nens que han fet anys al llarg del mes de febrer. Ara ja s\u00f3n dels m\u00e9s grans de les classes&#8230; Aix\u00ed les felicitacions van ser per\u00a0 la [&hellip;]<\/p>\n","protected":false},"author":12,"featured_media":5573,"comment_status":"open","ping_status":"closed","sticky":false,"template":"","format":"standard","meta":{"_bbp_topic_count":0,"_bbp_reply_count":0,"_bbp_total_topic_count":0,"_bbp_total_reply_count":0,"_bbp_voice_count":0,"_bbp_anonymous_reply_count":0,"_bbp_topic_count_hidden":0,"_bbp_reply_count_hidden":0,"_bbp_forum_subforum_count":0,"site-sidebar-layout":"default","site-content-layout":"","ast-site-content-layout":"","site-content-style":"default","site-sidebar-style":"default","ast-global-header-display":"","ast-banner-title-visibility":"","ast-main-header-display":"","ast-hfb-above-header-display":"","ast-hfb-below-header-display":"","ast-hfb-mobile-header-display":"","site-post-title":"","ast-breadcrumbs-content":"","ast-featured-img":"","footer-sml-layout":"","theme-transparent-header-meta":"","adv-header-id-meta":"","stick-header-meta":"","header-above-stick-meta":"","header-main-stick-meta":"","header-below-stick-meta":"","astra-migrate-meta-layouts":"default","ast-page-background-enabled":"default","ast-page-background-meta":{"desktop":{"background-color":"var(--ast-global-color-4)","background-image":"","background-repeat":"repeat","background-position":"center center","background-size":"auto","background-attachment":"scroll","background-type":"","background-media":"","overlay-type":"","overlay-color":"","overlay-opacity":"","overlay-gradient":""},"tablet":{"background-color":"","background-image":"","background-repeat":"repeat","background-position":"center center","background-size":"auto","background-attachment":"scroll","background-type":"","background-media":"","overlay-type":"","overlay-color":"","overlay-opacity":"","overlay-gradient":""},"mobile":{"background-color":"","background-image":"","background-repeat":"repeat","background-position":"center center","background-size":"auto","background-attachment":"scroll","background-type":"","background-media":"","overlay-type":"","overlay-color":"","overlay-opacity":"","overlay-gradient":""}},"ast-content-background-meta":{"desktop":{"background-color":"var(--ast-global-color-5)","background-image":"","background-repeat":"repeat","background-position":"center center","background-size":"auto","background-attachment":"scroll","background-type":"","background-media":"","overlay-type":"","overlay-color":"","overlay-opacity":"","overlay-gradient":""},"tablet":{"background-color":"var(--ast-global-color-5)","background-image":"","background-repeat":"repeat","background-position":"center center","background-size":"auto","background-attachment":"scroll","background-type":"","background-media":"","overlay-type":"","overlay-color":"","overlay-opacity":"","overlay-gradient":""},"mobile":{"background-color":"var(--ast-global-color-5)","background-image":"","background-repeat":"repeat","background-position":"center center","background-size":"auto","background-attachment":"scroll","background-type":"","background-media":"","overlay-type":"","overlay-color":"","overlay-opacity":"","overlay-gradient":""}},"footnotes":""},"categories":[13,1,5],"tags":[],"class_list":["post-5568","post","type-post","status-publish","format-standard","has-post-thumbnail","hentry","category-exalumnes","category-general","category-primaria"],"post_mailing_queue_ids":[],"_links":{"self":[{"href":"https:\/\/agora.xtec.cat\/ceipturodeguiera\/wp-json\/wp\/v2\/posts\/5568","targetHints":{"allow":["GET"]}}],"collection":[{"href":"https:\/\/agora.xtec.cat\/ceipturodeguiera\/wp-json\/wp\/v2\/posts"}],"about":[{"href":"https:\/\/agora.xtec.cat\/ceipturodeguiera\/wp-json\/wp\/v2\/types\/post"}],"author":[{"embeddable":true,"href":"https:\/\/agora.xtec.cat\/ceipturodeguiera\/wp-json\/wp\/v2\/users\/12"}],"replies":[{"embeddable":true,"href":"https:\/\/agora.xtec.cat\/ceipturodeguiera\/wp-json\/wp\/v2\/comments?post=5568"}],"version-history":[{"count":1,"href":"https:\/\/agora.xtec.cat\/ceipturodeguiera\/wp-json\/wp\/v2\/posts\/5568\/revisions"}],"predecessor-version":[{"id":5574,"href":"https:\/\/agora.xtec.cat\/ceipturodeguiera\/wp-json\/wp\/v2\/posts\/5568\/revisions\/5574"}],"wp:featuredmedia":[{"embeddable":true,"href":"https:\/\/agora.xtec.cat\/ceipturodeguiera\/wp-json\/wp\/v2\/media\/5573"}],"wp:attachment":[{"href":"https:\/\/agora.xtec.cat\/ceipturodeguiera\/wp-json\/wp\/v2\/media?parent=5568"}],"wp:term":[{"taxonomy":"category","embeddable":true,"href":"https:\/\/agora.xtec.cat\/ceipturodeguiera\/wp-json\/wp\/v2\/categories?post=5568"},{"taxonomy":"post_tag","embeddable":true,"href":"https:\/\/agora.xtec.cat\/ceipturodeguiera\/wp-json\/wp\/v2\/tags?post=5568"}],"curies":[{"name":"wp","href":"https:\/\/api.w.org\/{rel}","templated":true}]}}