{"id":5547,"date":"2023-02-27T12:10:43","date_gmt":"2023-02-27T11:10:43","guid":{"rendered":"https:\/\/agora.xtec.cat\/ceipturodeguiera\/?p=5547"},"modified":"2023-02-27T23:55:28","modified_gmt":"2023-02-27T22:55:28","slug":"activitat-aixi-fa-fan-ei3","status":"publish","type":"post","link":"https:\/\/agora.xtec.cat\/ceipturodeguiera\/infantil\/activitat-aixi-fa-fan-ei3\/","title":{"rendered":"Activitat Aix\u00ed, Fa, Fan&#8230; EI3"},"content":{"rendered":"<p>Avui, dilluns dia 27 de febrer, hem rebut una visita molt especial a l&#8217;escola<\/p>\n<p>Les mestres d&#8217;Aulos, ens han ofert l&#8217;activitat <a href=\"https:\/\/educa.cerdanyola.cat\/llistat-dactivitats\/audici%C3%B3-musical-aix%C3%AD-fan-fan-fan\">d&#8217;aix\u00ed fan fan.<\/a><\/p>\n<p><a href=\"https:\/\/agora.xtec.cat\/ceipturodeguiera\/wp-content\/uploads\/usu2627\/2023\/02\/1-2-scaled.jpg\"><img loading=\"lazy\" decoding=\"async\" class=\"size-medium wp-image-5549 alignleft\" src=\"https:\/\/agora.xtec.cat\/ceipturodeguiera\/wp-content\/uploads\/usu2627\/2023\/02\/1-2-300x204.jpg\" alt=\"\" width=\"300\" height=\"204\" srcset=\"https:\/\/agora.xtec.cat\/ceipturodeguiera\/wp-content\/uploads\/usu2627\/2023\/02\/1-2-300x204.jpg 300w, https:\/\/agora.xtec.cat\/ceipturodeguiera\/wp-content\/uploads\/usu2627\/2023\/02\/1-2-1024x696.jpg 1024w, https:\/\/agora.xtec.cat\/ceipturodeguiera\/wp-content\/uploads\/usu2627\/2023\/02\/1-2-768x522.jpg 768w, https:\/\/agora.xtec.cat\/ceipturodeguiera\/wp-content\/uploads\/usu2627\/2023\/02\/1-2-1536x1044.jpg 1536w, https:\/\/agora.xtec.cat\/ceipturodeguiera\/wp-content\/uploads\/usu2627\/2023\/02\/1-2-2048x1391.jpg 2048w\" sizes=\"auto, (max-width: 300px) 100vw, 300px\" \/><\/a><a href=\"https:\/\/agora.xtec.cat\/ceipturodeguiera\/wp-content\/uploads\/usu2627\/2023\/02\/2-1-scaled.jpg\"><img loading=\"lazy\" decoding=\"async\" class=\" wp-image-5550 alignleft\" src=\"https:\/\/agora.xtec.cat\/ceipturodeguiera\/wp-content\/uploads\/usu2627\/2023\/02\/2-1-300x236.jpg\" alt=\"\" width=\"263\" height=\"207\" srcset=\"https:\/\/agora.xtec.cat\/ceipturodeguiera\/wp-content\/uploads\/usu2627\/2023\/02\/2-1-300x236.jpg 300w, https:\/\/agora.xtec.cat\/ceipturodeguiera\/wp-content\/uploads\/usu2627\/2023\/02\/2-1-1024x805.jpg 1024w, https:\/\/agora.xtec.cat\/ceipturodeguiera\/wp-content\/uploads\/usu2627\/2023\/02\/2-1-768x603.jpg 768w, https:\/\/agora.xtec.cat\/ceipturodeguiera\/wp-content\/uploads\/usu2627\/2023\/02\/2-1-1536x1207.jpg 1536w, https:\/\/agora.xtec.cat\/ceipturodeguiera\/wp-content\/uploads\/usu2627\/2023\/02\/2-1-2048x1609.jpg 2048w\" sizes=\"auto, (max-width: 263px) 100vw, 263px\" \/><\/a><\/p>\n<p>&nbsp;<\/p>\n<p>&nbsp;<\/p>\n<p>Ens hem assegut a l&#8217;entrada de les classes i hem escoltat moltes can\u00e7ons, amb diferents personatges. I tamb\u00e9 hem pogut escoltar diferents instruments.<\/p>\n<p>&nbsp;<\/p>\n<p>Anaven sortint personatges i cant\u00e0vem la can\u00e7\u00f3. Nosaltres els hem ajudat a cantar i ens ho hem passat molt b\u00e9.<\/p>\n<p><a href=\"https:\/\/agora.xtec.cat\/ceipturodeguiera\/wp-content\/uploads\/usu2627\/2023\/02\/3-scaled.jpg\"><img loading=\"lazy\" decoding=\"async\" class=\"size-medium wp-image-5551 aligncenter\" src=\"https:\/\/agora.xtec.cat\/ceipturodeguiera\/wp-content\/uploads\/usu2627\/2023\/02\/3-300x228.jpg\" alt=\"\" width=\"300\" height=\"228\" srcset=\"https:\/\/agora.xtec.cat\/ceipturodeguiera\/wp-content\/uploads\/usu2627\/2023\/02\/3-300x228.jpg 300w, https:\/\/agora.xtec.cat\/ceipturodeguiera\/wp-content\/uploads\/usu2627\/2023\/02\/3-1024x779.jpg 1024w, https:\/\/agora.xtec.cat\/ceipturodeguiera\/wp-content\/uploads\/usu2627\/2023\/02\/3-768x585.jpg 768w, https:\/\/agora.xtec.cat\/ceipturodeguiera\/wp-content\/uploads\/usu2627\/2023\/02\/3-1536x1169.jpg 1536w, https:\/\/agora.xtec.cat\/ceipturodeguiera\/wp-content\/uploads\/usu2627\/2023\/02\/3-2048x1559.jpg 2048w\" sizes=\"auto, (max-width: 300px) 100vw, 300px\" \/><\/a><\/p>\n<p>Al final hem cantat moltes can\u00e7ons. Algunes ja les coneix\u00edem, altres no. Per\u00f2 ens ho hem gaudit molt\u00edssim. I volem donar les gr\u00e0cies a les m\u00fasiques d&#8217;Aulos.<\/p>\n","protected":false},"excerpt":{"rendered":"<p>Activitat de Cerdanyola Educa, realitzada per les mestres d&#8217;Aulos.<\/p>\n","protected":false},"author":44,"featured_media":5553,"comment_status":"open","ping_status":"closed","sticky":false,"template":"","format":"standard","meta":{"_bbp_topic_count":0,"_bbp_reply_count":0,"_bbp_total_topic_count":0,"_bbp_total_reply_count":0,"_bbp_voice_count":0,"_bbp_anonymous_reply_count":0,"_bbp_topic_count_hidden":0,"_bbp_reply_count_hidden":0,"_bbp_forum_subforum_count":0,"site-sidebar-layout":"default","site-content-layout":"","ast-site-content-layout":"","site-content-style":"default","site-sidebar-style":"default","ast-global-header-display":"","ast-banner-title-visibility":"","ast-main-header-display":"","ast-hfb-above-header-display":"","ast-hfb-below-header-display":"","ast-hfb-mobile-header-display":"","site-post-title":"","ast-breadcrumbs-content":"","ast-featured-img":"","footer-sml-layout":"","theme-transparent-header-meta":"","adv-header-id-meta":"","stick-header-meta":"","header-above-stick-meta":"","header-main-stick-meta":"","header-below-stick-meta":"","astra-migrate-meta-layouts":"default","ast-page-background-enabled":"default","ast-page-background-meta":{"desktop":{"background-color":"var(--ast-global-color-4)","background-image":"","background-repeat":"repeat","background-position":"center center","background-size":"auto","background-attachment":"scroll","background-type":"","background-media":"","overlay-type":"","overlay-color":"","overlay-opacity":"","overlay-gradient":""},"tablet":{"background-color":"","background-image":"","background-repeat":"repeat","background-position":"center center","background-size":"auto","background-attachment":"scroll","background-type":"","background-media":"","overlay-type":"","overlay-color":"","overlay-opacity":"","overlay-gradient":""},"mobile":{"background-color":"","background-image":"","background-repeat":"repeat","background-position":"center center","background-size":"auto","background-attachment":"scroll","background-type":"","background-media":"","overlay-type":"","overlay-color":"","overlay-opacity":"","overlay-gradient":""}},"ast-content-background-meta":{"desktop":{"background-color":"var(--ast-global-color-5)","background-image":"","background-repeat":"repeat","background-position":"center center","background-size":"auto","background-attachment":"scroll","background-type":"","background-media":"","overlay-type":"","overlay-color":"","overlay-opacity":"","overlay-gradient":""},"tablet":{"background-color":"var(--ast-global-color-5)","background-image":"","background-repeat":"repeat","background-position":"center center","background-size":"auto","background-attachment":"scroll","background-type":"","background-media":"","overlay-type":"","overlay-color":"","overlay-opacity":"","overlay-gradient":""},"mobile":{"background-color":"var(--ast-global-color-5)","background-image":"","background-repeat":"repeat","background-position":"center center","background-size":"auto","background-attachment":"scroll","background-type":"","background-media":"","overlay-type":"","overlay-color":"","overlay-opacity":"","overlay-gradient":""}},"footnotes":""},"categories":[3,2],"tags":[282,216,283],"class_list":["post-5547","post","type-post","status-publish","format-standard","has-post-thumbnail","hentry","category-1r-primaria","category-infantil","tag-cancons","tag-musica","tag-titelles"],"post_mailing_queue_ids":[],"_links":{"self":[{"href":"https:\/\/agora.xtec.cat\/ceipturodeguiera\/wp-json\/wp\/v2\/posts\/5547","targetHints":{"allow":["GET"]}}],"collection":[{"href":"https:\/\/agora.xtec.cat\/ceipturodeguiera\/wp-json\/wp\/v2\/posts"}],"about":[{"href":"https:\/\/agora.xtec.cat\/ceipturodeguiera\/wp-json\/wp\/v2\/types\/post"}],"author":[{"embeddable":true,"href":"https:\/\/agora.xtec.cat\/ceipturodeguiera\/wp-json\/wp\/v2\/users\/44"}],"replies":[{"embeddable":true,"href":"https:\/\/agora.xtec.cat\/ceipturodeguiera\/wp-json\/wp\/v2\/comments?post=5547"}],"version-history":[{"count":3,"href":"https:\/\/agora.xtec.cat\/ceipturodeguiera\/wp-json\/wp\/v2\/posts\/5547\/revisions"}],"predecessor-version":[{"id":5557,"href":"https:\/\/agora.xtec.cat\/ceipturodeguiera\/wp-json\/wp\/v2\/posts\/5547\/revisions\/5557"}],"wp:featuredmedia":[{"embeddable":true,"href":"https:\/\/agora.xtec.cat\/ceipturodeguiera\/wp-json\/wp\/v2\/media\/5553"}],"wp:attachment":[{"href":"https:\/\/agora.xtec.cat\/ceipturodeguiera\/wp-json\/wp\/v2\/media?parent=5547"}],"wp:term":[{"taxonomy":"category","embeddable":true,"href":"https:\/\/agora.xtec.cat\/ceipturodeguiera\/wp-json\/wp\/v2\/categories?post=5547"},{"taxonomy":"post_tag","embeddable":true,"href":"https:\/\/agora.xtec.cat\/ceipturodeguiera\/wp-json\/wp\/v2\/tags?post=5547"}],"curies":[{"name":"wp","href":"https:\/\/api.w.org\/{rel}","templated":true}]}}