{"id":4608,"date":"2022-11-15T12:11:03","date_gmt":"2022-11-15T11:11:03","guid":{"rendered":"https:\/\/agora.xtec.cat\/ceipturodeguiera\/?p=4608"},"modified":"2022-11-15T12:12:56","modified_gmt":"2022-11-15T11:12:56","slug":"primera-trobada-institut-gorgs-amb-6e","status":"publish","type":"post","link":"https:\/\/agora.xtec.cat\/ceipturodeguiera\/general\/primera-trobada-institut-gorgs-amb-6e\/","title":{"rendered":"Primera trobada institut Gorgs amb 6\u00e8"},"content":{"rendered":"<p><span style=\"font-weight: 400; font-size: 12pt; font-family: 'book antiqua', palatino, serif;\">\r\n\t<div class=\"slideshow_container slideshow_container_style-light\" style=\"height: 400px; \" data-slideshow-id=\"4610\" data-style-name=\"style-light\" data-style-version=\"2.3.1\" >\r\n\r\n\t\t\t\t\t<div class=\"slideshow_loading_icon\"><\/div>\r\n\t\t\r\n\t\t<div class=\"slideshow_content\" style=\"display: none;\">\r\n\r\n\t\t\t<div class=\"slideshow_view\">\r\n\t\t\t\t<div class=\"slideshow_slide slideshow_slide_image\">\r\n\t\t\t\t\t\t\t\t\t\t\t<img src=\"https:\/\/agora.xtec.cat\/ceipturodeguiera\/wp-content\/uploads\/usu2627\/2022\/11\/20221109_104155-Copy.jpg\" alt=\"20221109_104155 (Copy)\" width=\"1024\" height=\"768\" \/>\r\n\t\t\t\t\t\t\t\t\t\t<div class=\"slideshow_description_box slideshow_transparent\">\r\n\t\t\t\t\t\t\t\t\t\t\t\t\t\t\t\t\t<\/div>\r\n\t\t\t\t<\/div>\r\n\r\n\t\t\t\t\t\t<div style=\"clear: both;\"><\/div><\/div><div class=\"slideshow_view\">\r\n\t\t\t\t<div class=\"slideshow_slide slideshow_slide_image\">\r\n\t\t\t\t\t\t\t\t\t\t\t<img src=\"https:\/\/agora.xtec.cat\/ceipturodeguiera\/wp-content\/uploads\/usu2627\/2022\/11\/20221109_102945-Copy.jpg\" alt=\"20221109_102945 (Copy)\" width=\"1024\" height=\"768\" \/>\r\n\t\t\t\t\t\t\t\t\t\t<div class=\"slideshow_description_box slideshow_transparent\">\r\n\t\t\t\t\t\t\t\t\t\t\t\t\t\t\t\t\t<\/div>\r\n\t\t\t\t<\/div>\r\n\r\n\t\t\t\t\t\t<div style=\"clear: both;\"><\/div><\/div><div class=\"slideshow_view\">\r\n\t\t\t\t<div class=\"slideshow_slide slideshow_slide_image\">\r\n\t\t\t\t\t\t\t\t\t\t\t<img src=\"https:\/\/agora.xtec.cat\/ceipturodeguiera\/wp-content\/uploads\/usu2627\/2022\/11\/20221109_102853-Copy.jpg\" alt=\"20221109_102853 (Copy)\" width=\"1024\" height=\"768\" \/>\r\n\t\t\t\t\t\t\t\t\t\t<div class=\"slideshow_description_box slideshow_transparent\">\r\n\t\t\t\t\t\t\t\t\t\t\t\t\t\t\t\t\t<\/div>\r\n\t\t\t\t<\/div>\r\n\r\n\t\t\t\t\t\t<div style=\"clear: both;\"><\/div><\/div><div class=\"slideshow_view\">\r\n\t\t\t\t<div class=\"slideshow_slide slideshow_slide_image\">\r\n\t\t\t\t\t\t\t\t\t\t\t<img src=\"https:\/\/agora.xtec.cat\/ceipturodeguiera\/wp-content\/uploads\/usu2627\/2022\/11\/20221109_102520-Copy.jpg\" alt=\"20221109_102520 (Copy)\" width=\"1024\" height=\"768\" \/>\r\n\t\t\t\t\t\t\t\t\t\t<div class=\"slideshow_description_box slideshow_transparent\">\r\n\t\t\t\t\t\t\t\t\t\t\t\t\t\t\t\t\t<\/div>\r\n\t\t\t\t<\/div>\r\n\r\n\t\t\t\t\t\t<div style=\"clear: both;\"><\/div><\/div><div class=\"slideshow_view\">\r\n\t\t\t\t<div class=\"slideshow_slide slideshow_slide_image\">\r\n\t\t\t\t\t\t\t\t\t\t\t<img src=\"https:\/\/agora.xtec.cat\/ceipturodeguiera\/wp-content\/uploads\/usu2627\/2022\/11\/IMG_5324.jpg\" alt=\"IMG_5324\" width=\"1632\" height=\"1224\" \/>\r\n\t\t\t\t\t\t\t\t\t\t<div class=\"slideshow_description_box slideshow_transparent\">\r\n\t\t\t\t\t\t\t\t\t\t\t\t\t\t\t\t\t<\/div>\r\n\t\t\t\t<\/div>\r\n\r\n\t\t\t\t\t\t<div style=\"clear: both;\"><\/div><\/div><div class=\"slideshow_view\">\r\n\t\t\t\t<div class=\"slideshow_slide slideshow_slide_image\">\r\n\t\t\t\t\t\t\t\t\t\t\t<img src=\"https:\/\/agora.xtec.cat\/ceipturodeguiera\/wp-content\/uploads\/usu2627\/2022\/11\/IMG_5323.jpg\" alt=\"IMG_5323\" width=\"1632\" height=\"1224\" \/>\r\n\t\t\t\t\t\t\t\t\t\t<div class=\"slideshow_description_box slideshow_transparent\">\r\n\t\t\t\t\t\t\t\t\t\t\t\t\t\t\t\t\t<\/div>\r\n\t\t\t\t<\/div>\r\n\r\n\t\t\t\t\t\t<div style=\"clear: both;\"><\/div><\/div><div class=\"slideshow_view\">\r\n\t\t\t\t<div class=\"slideshow_slide slideshow_slide_image\">\r\n\t\t\t\t\t\t\t\t\t\t\t<img src=\"https:\/\/agora.xtec.cat\/ceipturodeguiera\/wp-content\/uploads\/usu2627\/2022\/11\/IMG_5321.jpg\" alt=\"IMG_5321\" width=\"1632\" height=\"1224\" \/>\r\n\t\t\t\t\t\t\t\t\t\t<div class=\"slideshow_description_box slideshow_transparent\">\r\n\t\t\t\t\t\t\t\t\t\t\t\t\t\t\t\t\t<\/div>\r\n\t\t\t\t<\/div>\r\n\r\n\t\t\t\t\t\t<div style=\"clear: both;\"><\/div><\/div><div class=\"slideshow_view\">\r\n\t\t\t\t<div class=\"slideshow_slide slideshow_slide_image\">\r\n\t\t\t\t\t\t\t\t\t\t\t<img src=\"https:\/\/agora.xtec.cat\/ceipturodeguiera\/wp-content\/uploads\/usu2627\/2022\/11\/IMG_5319.jpg\" alt=\"IMG_5319\" width=\"1632\" height=\"1224\" \/>\r\n\t\t\t\t\t\t\t\t\t\t<div class=\"slideshow_description_box slideshow_transparent\">\r\n\t\t\t\t\t\t\t\t\t\t\t\t\t\t\t\t\t<\/div>\r\n\t\t\t\t<\/div>\r\n\r\n\t\t\t\t\t\t<div style=\"clear: both;\"><\/div><\/div><div class=\"slideshow_view\">\r\n\t\t\t\t<div class=\"slideshow_slide slideshow_slide_image\">\r\n\t\t\t\t\t\t\t\t\t\t\t<img src=\"https:\/\/agora.xtec.cat\/ceipturodeguiera\/wp-content\/uploads\/usu2627\/2022\/11\/IMG_5318.jpg\" alt=\"IMG_5318\" width=\"1632\" height=\"1224\" \/>\r\n\t\t\t\t\t\t\t\t\t\t<div class=\"slideshow_description_box slideshow_transparent\">\r\n\t\t\t\t\t\t\t\t\t\t\t\t\t\t\t\t\t<\/div>\r\n\t\t\t\t<\/div>\r\n\r\n\t\t\t\t\t\t<div style=\"clear: both;\"><\/div><\/div>\r\n\t\t<\/div>\r\n\r\n\t\t<div class=\"slideshow_controlPanel slideshow_transparent\" style=\"display: none;\"><ul><li class=\"slideshow_togglePlay\" data-play-text=\"Visualitza\" data-pause-text=\"Pausa\"><\/li><\/ul><\/div>\r\n\r\n\t\t<div class=\"slideshow_button slideshow_previous slideshow_transparent\" role=\"button\" data-previous-text=\"Anterior\" style=\"display: none;\"><\/div>\r\n\t\t<div class=\"slideshow_button slideshow_next slideshow_transparent\" role=\"button\" data-next-text=\"Seg\u00fcent\" style=\"display: none;\"><\/div>\r\n\r\n\t\t<div class=\"slideshow_pagination\" style=\"display: none;\" data-go-to-text=\"V\u00e9s a la diapositiva\"><div class=\"slideshow_pagination_center\"><\/div><\/div>\r\n\r\n\t\t<!-- WordPress Slideshow Version 2.3.1 -->\r\n\r\n\t\t\t<\/div>\r\n\r\n<\/span><\/p>\n<p><span style=\"font-weight: 400; font-size: 12pt; font-family: 'book antiqua', palatino, serif;\">El dia 9\/11\/2022 alguns nois i noies de 3r d\u2019ESO de l\u2019Institut Gorgs van venir a 6\u00e8 per fer unes activitats socials. Primer la classe es va dividir en dos grups.Uns van estar a la classe i uns altres a l\u2019aula d&#8217;angl\u00e8s. Despr\u00e9s ens vam presentar tots\/es i vam comen\u00e7ar les activitats.<\/span><\/p>\n<p><span style=\"font-weight: 400; font-size: 12pt; font-family: 'book antiqua', palatino, serif;\">Vam fer dues rotllanes de sis persones ,una gran i a dins una petita. Quan est\u00e0vem col\u00b7locats ten\u00edem una persona al davant i els nois i noies del Gorgs ens van donar un tema per parlar amb la persona del davant. Despr\u00e9s de parlar amb la persona del davant vam rotar fins acabar la rotllana. Un cop que la vam acabar les persones de la rotllana gran van passar a la petita i els de la petita a la gran.Quan vam tornar a la classe ens vam acomiadar dels nois i noies del Gorgs i tot va ser tot molt divertit.<\/span><\/p>\n<p style=\"text-align: right;\"><span style=\"font-size: 12pt; font-family: 'book antiqua', palatino, serif;\"><b><i>Vega\u00a0<\/i><\/b><\/span><\/p>\n<p><span style=\"font-size: 12pt; font-family: 'book antiqua', palatino, serif;\"><span style=\"font-weight: 400;\">El dimecres 9 \/ 11 \/ 2022-23 van venir uns nois i noies\u00a0 de l\u2019institut Gorgs,\u00a0 de tercer d\u2019ESO.\u00a0<\/span><span style=\"font-weight: 400;\">Ens vam dividir en dos grups, mitja classe i l\u2019altra mitja classe.<\/span><span style=\"font-weight: 400;\">Ens van dir que f\u00e9ssim dues rotllanes en el mig de l\u2019aula, una m\u00e9s junta dins de l\u2019altra que era m\u00e9s gran.<\/span><span style=\"font-weight: 400;\">V\u00e0rem parlar amb tot el grup sobre una tem\u00e0tica que ells ens donaven, amb un minut en total de parla amb el company o companya, va ser molt divertit i emocionant. Ens han ajudat a parlar amb nois i noies que potser no hav\u00edem parlat mai en la vida!!!<\/span><span style=\"font-weight: 400;\">Tamb\u00e9 ens ha explicat la Carme que la idea \u00e9s que quan anem a l\u2019institut tinguem com uns \u201cPADRINS\u201d per si no sabem on hem d\u2019anar etc\u2026, o tamb\u00e9 si ens veiem per l&#8217;institut con\u00e8ixer a alg\u00fa m\u00e9s en comptes de nom\u00e9s els amics de tota la vida.<\/span><span style=\"font-weight: 400;\">Aquestes trobades les tornarem a fer dues o tres vegades m\u00e9s aquest curs de 6\u00e8.<\/span><\/span><\/p>\n<p><span style=\"font-size: 12pt; font-family: 'book antiqua', palatino, serif;\"><i><span style=\"font-weight: 400;\">Ha sigut molt divertit viure aquesta experi\u00e8ncia!!!<\/span><\/i><\/span><\/p>\n<p style=\"text-align: right;\"><span style=\"font-size: 12pt; font-family: 'book antiqua', palatino, serif;\"><b><i>Felipe G.<\/i><\/b><\/span><\/p>\n<p><span style=\"font-size: 12pt; font-family: 'book antiqua', palatino, serif;\"><b><i>\u00a0<\/i><\/b><span style=\"font-weight: 400;\">-El dia 9 de novembre v\u00e0rem fer una activitat amb nois i noies de 3r d\u2019ESO.<\/span><\/span><\/p>\n<p><span style=\"font-weight: 400; font-size: 12pt; font-family: 'book antiqua', palatino, serif;\">-AL COMEN\u00c7AMENT ens van dir que hav\u00edem de fer un joc tots junts, vam fer dos cercles amb cadires, un cercle dins mirant cap a fora i l\u2019altre fora mirant cap a dins.<\/span><\/p>\n<p><span style=\"font-weight: 400; font-size: 12pt; font-family: 'book antiqua', palatino, serif;\">-A CONTINUACI\u00d3 hav\u00edem de mirar al davant a la nostra parella, els nois van dir que expliquessim un tema que ells ens dirien durant dos minuts.<\/span><\/p>\n<p><span style=\"font-weight: 400; font-size: 12pt; font-family: 'book antiqua', palatino, serif;\">-DESPR\u00c9S els del cercle de fora havien de girar cap a la dreta.<\/span><\/p>\n<p><span style=\"font-weight: 400; font-size: 12pt; font-family: 'book antiqua', palatino, serif;\">-Els temes podien ser:\u00a0 Les meves vacances, la meva beguda preferida, la nostra pel\u00b7l\u00edcula preferida, etc\u2026\u00a0<\/span><\/p>\n<p><span style=\"font-weight: 400; font-size: 12pt; font-family: 'book antiqua', palatino, serif;\">-Ens ho vam passar molt b\u00e9!!!<\/span><\/p>\n<p style=\"text-align: right;\"><span style=\"font-weight: 400; font-size: 12pt; font-family: 'book antiqua', palatino, serif;\">\u00a0\u00a0\u00a0\u00a0\u00a0\u00a0\u00a0\u00a0\u00a0\u00a0\u00a0\u00a0\u00a0\u00a0\u00a0\u00a0\u00a0\u00a0\u00a0\u00a0\u00a0\u00a0\u00a0\u00a0\u00a0\u00a0\u00a0\u00a0\u00a0\u00a0\u00a0\u00a0\u00a0\u00a0<\/span><b><i><span style=\"font-size: 12pt; font-family: 'book antiqua', palatino, serif;\">\u00a0 \u00a0 \u00a0 \u00a0 \u00a0 \u00a0 \u00a0 \u00a0 \u00a0 \u00a0 \u00a0 \u00a0 \u00a0 \u00a0 \u00a0 \u00a0 \u00a0 \u00a0 \u00a0 \u00a0 \u00a0 \u00a0 \u00a0 \u00a0 \u00a0 \u00a0 \u00a0 \u00a0 \u00a0 <\/span>\u00a0 \u00a0 \u00a0 \u00a0 \u00a0 \u00a0 \u00a0 \u00a0 \u00a0 \u00a0 \u00a0 \u00a0 \u00a0 \u00a0 \u00a0 \u00a0 \u00a0 \u00a0 \u00a0 \u00a0 \u00a0 \u00a0 \u00a0 \u00a0 \u00a0<\/i><\/b> <b><i>Daniel S.<\/i><\/b><\/p>\n<p><span style=\"font-weight: 400; font-family: 'book antiqua', palatino, serif;\">TROBADA AMB L&#8217;ESO.<\/span><\/p>\n<p><span style=\"font-weight: 400; font-family: 'book antiqua', palatino, serif;\">Dimecres 9 de novembre de 2022.<\/span><\/p>\n<p><span style=\"font-weight: 400; font-family: 'book antiqua', palatino, serif;\">El dimecres passat van venir uns alumnes de tercer de l\u2019ESO per fer-nos unes din\u00e0miques per entrar a l\u2019institut amb seguretat. <\/span><span style=\"font-weight: 400; font-family: 'book antiqua', palatino, serif;\">Per comen\u00e7ar, ens vam organitzar en quatre grups:<\/span><\/p>\n<p><span style=\"font-weight: 400; font-family: 'book antiqua', palatino, serif;\">1 i 2 de 6\u00e8A, 3 i 4 per 6\u00e8B.<\/span><\/p>\n<p><span style=\"font-weight: 400; font-family: 'book antiqua', palatino, serif;\">Hi havien alguns germans:<\/span><\/p>\n<p><span style=\"font-weight: 400; font-family: 'book antiqua', palatino, serif;\">Estaven els germans de l\u2019Hector, la Danna,la J\u00falia\u2026 i aix\u00f2 ens va fer molta il.lusi\u00f3!<\/span><\/p>\n<p><span style=\"font-weight: 400; font-family: 'book antiqua', palatino, serif;\">Finalment, el\u00a0 que vam fer va ser que pos\u00e0vem dos cercles de cadires, una dins d\u2019una altre i la de fora anava rotant i ens deien que hav\u00edem de parlar d\u2019un tema per interactuar entre nosaltres i\u00a0 ,al final, ens van fer que evalu\u00e8ssim\u00a0 la seva feina.<\/span><\/p>\n<p><span style=\"font-weight: 400; font-family: 'book antiqua', palatino, serif;\">Va ser una experi\u00e8ncia molt divertida i un primer contacte amb l&#8217;institut que ens va agradar molt!<\/span><\/p>\n<p style=\"text-align: right;\"><em><strong><span style=\"font-family: 'book antiqua', palatino, serif;\">ORIOL<\/span><\/strong><\/em><\/p>\n<p><span style=\"font-weight: 400; font-family: 'book antiqua', palatino, serif;\">VENEN ELS DE 3r D&#8217;ESO DE L&#8217;INSTITUT GORGS<\/span><\/p>\n<p><span style=\"font-weight: 400; font-family: 'book antiqua', palatino, serif;\">El dimecres 8 d&#8217;octubre, van venir uns joves de 3r d&#8217;ESO a fer-nos unes activitats relacionades amb l&#8217;institut i els valors.<\/span><\/p>\n<p><span style=\"font-weight: 400; font-family: 'book antiqua', palatino, serif;\">L&#8217;activitat consistia en fer dues rotllanes amb les cadires; una petita al mig i una de m\u00e9s gran a fora. Els\/les del cercle de fora anaven rotant i parlaven amb qui tenien al davant: Els de l&#8217;institut posaven un tema i havies de parlar sobre aquell tema durant un minut amb el\/la del davant.<\/span><\/p>\n<p><span style=\"font-weight: 400; font-family: 'book antiqua', palatino, serif;\">Va ser molt divertit! Vaig parlar amb persones que no solia parlar. I sense vergonya!!\ud83d\ude04<\/span><\/p>\n<p><span style=\"font-weight: 400; font-family: 'book antiqua', palatino, serif;\">Per mi, ho tornaria a repetir.<\/span><\/p>\n<p style=\"text-align: right;\"><strong><em><span style=\"font-family: 'book antiqua', palatino, serif;\">Aina V. L.<\/span><\/em><\/strong><\/p>\n","protected":false},"excerpt":{"rendered":"<p>El dia 9\/11\/2022 alguns nois i noies de 3r d\u2019ESO de l\u2019Institut Gorgs van venir a 6\u00e8 per fer unes activitats socials. Primer la classe es va dividir en dos grups.Uns van estar a la classe i uns altres a l\u2019aula d&#8217;angl\u00e8s. Despr\u00e9s ens vam presentar tots\/es i vam comen\u00e7ar les activitats. Vam fer dues [&hellip;]<\/p>\n","protected":false},"author":7,"featured_media":4611,"comment_status":"open","ping_status":"closed","sticky":false,"template":"","format":"standard","meta":{"_bbp_topic_count":0,"_bbp_reply_count":0,"_bbp_total_topic_count":0,"_bbp_total_reply_count":0,"_bbp_voice_count":0,"_bbp_anonymous_reply_count":0,"_bbp_topic_count_hidden":0,"_bbp_reply_count_hidden":0,"_bbp_forum_subforum_count":0,"site-sidebar-layout":"default","site-content-layout":"","ast-site-content-layout":"","site-content-style":"default","site-sidebar-style":"default","ast-global-header-display":"","ast-banner-title-visibility":"","ast-main-header-display":"","ast-hfb-above-header-display":"","ast-hfb-below-header-display":"","ast-hfb-mobile-header-display":"","site-post-title":"","ast-breadcrumbs-content":"","ast-featured-img":"","footer-sml-layout":"","theme-transparent-header-meta":"","adv-header-id-meta":"","stick-header-meta":"","header-above-stick-meta":"","header-main-stick-meta":"","header-below-stick-meta":"","astra-migrate-meta-layouts":"default","ast-page-background-enabled":"default","ast-page-background-meta":{"desktop":{"background-color":"var(--ast-global-color-4)","background-image":"","background-repeat":"repeat","background-position":"center center","background-size":"auto","background-attachment":"scroll","background-type":"","background-media":"","overlay-type":"","overlay-color":"","overlay-opacity":"","overlay-gradient":""},"tablet":{"background-color":"","background-image":"","background-repeat":"repeat","background-position":"center center","background-size":"auto","background-attachment":"scroll","background-type":"","background-media":"","overlay-type":"","overlay-color":"","overlay-opacity":"","overlay-gradient":""},"mobile":{"background-color":"","background-image":"","background-repeat":"repeat","background-position":"center center","background-size":"auto","background-attachment":"scroll","background-type":"","background-media":"","overlay-type":"","overlay-color":"","overlay-opacity":"","overlay-gradient":""}},"ast-content-background-meta":{"desktop":{"background-color":"var(--ast-global-color-5)","background-image":"","background-repeat":"repeat","background-position":"center center","background-size":"auto","background-attachment":"scroll","background-type":"","background-media":"","overlay-type":"","overlay-color":"","overlay-opacity":"","overlay-gradient":""},"tablet":{"background-color":"var(--ast-global-color-5)","background-image":"","background-repeat":"repeat","background-position":"center center","background-size":"auto","background-attachment":"scroll","background-type":"","background-media":"","overlay-type":"","overlay-color":"","overlay-opacity":"","overlay-gradient":""},"mobile":{"background-color":"var(--ast-global-color-5)","background-image":"","background-repeat":"repeat","background-position":"center center","background-size":"auto","background-attachment":"scroll","background-type":"","background-media":"","overlay-type":"","overlay-color":"","overlay-opacity":"","overlay-gradient":""}},"footnotes":""},"categories":[15,1],"tags":[],"class_list":["post-4608","post","type-post","status-publish","format-standard","has-post-thumbnail","hentry","category-exalumnes2011","category-general"],"post_mailing_queue_ids":[],"_links":{"self":[{"href":"https:\/\/agora.xtec.cat\/ceipturodeguiera\/wp-json\/wp\/v2\/posts\/4608","targetHints":{"allow":["GET"]}}],"collection":[{"href":"https:\/\/agora.xtec.cat\/ceipturodeguiera\/wp-json\/wp\/v2\/posts"}],"about":[{"href":"https:\/\/agora.xtec.cat\/ceipturodeguiera\/wp-json\/wp\/v2\/types\/post"}],"author":[{"embeddable":true,"href":"https:\/\/agora.xtec.cat\/ceipturodeguiera\/wp-json\/wp\/v2\/users\/7"}],"replies":[{"embeddable":true,"href":"https:\/\/agora.xtec.cat\/ceipturodeguiera\/wp-json\/wp\/v2\/comments?post=4608"}],"version-history":[{"count":3,"href":"https:\/\/agora.xtec.cat\/ceipturodeguiera\/wp-json\/wp\/v2\/posts\/4608\/revisions"}],"predecessor-version":[{"id":4623,"href":"https:\/\/agora.xtec.cat\/ceipturodeguiera\/wp-json\/wp\/v2\/posts\/4608\/revisions\/4623"}],"wp:featuredmedia":[{"embeddable":true,"href":"https:\/\/agora.xtec.cat\/ceipturodeguiera\/wp-json\/wp\/v2\/media\/4611"}],"wp:attachment":[{"href":"https:\/\/agora.xtec.cat\/ceipturodeguiera\/wp-json\/wp\/v2\/media?parent=4608"}],"wp:term":[{"taxonomy":"category","embeddable":true,"href":"https:\/\/agora.xtec.cat\/ceipturodeguiera\/wp-json\/wp\/v2\/categories?post=4608"},{"taxonomy":"post_tag","embeddable":true,"href":"https:\/\/agora.xtec.cat\/ceipturodeguiera\/wp-json\/wp\/v2\/tags?post=4608"}],"curies":[{"name":"wp","href":"https:\/\/api.w.org\/{rel}","templated":true}]}}